{"id":269163,"date":"2025-07-23T23:34:22","date_gmt":"2025-07-23T23:34:22","guid":{"rendered":"https:\/\/www.europesays.com\/fr\/269163\/"},"modified":"2025-07-23T23:34:22","modified_gmt":"2025-07-23T23:34:22","slug":"a-strasbourg-les-associations-obligees-de-rationner-les-distributions-alimentaires","status":"publish","type":"post","link":"https:\/\/www.europesays.com\/fr\/269163\/","title":{"rendered":"\u00c0 Strasbourg, les associations oblig\u00e9es de rationner les distributions alimentaires"},"content":{"rendered":"<p class=\"wp-block-post-excerpt__excerpt\">La Ville de Strasbourg, le Secours Populaire et Abribus remarquent une augmentation constante de la fr\u00e9quentation de leurs distributions alimentaires estivales. Les associations ont d\u00fb mettre en place des restrictions par rapport \u00e0 la session 2024. <\/p>\n<p class=\"font-sans\">\n\t\t\tCet article est en acc\u00e8s libre. Pour soutenir Rue89 Strasbourg,<br \/>\n\t\t\t<a class=\"underline\" href=\"https:\/\/www.rue89strasbourg.com\/abonnement\" target=\"_blank\" rel=\"noopener\">abonnez-vous<\/a>.\n\t\t<\/p>\n<p>Lucie Dradem<\/p>\n<p>Publi\u00e9 le 23 juillet 2025\u00a0\u00a0\u00b7\u00a0\u00a0<\/p>\n<p>Imprim\u00e9 le 24 juillet 2025 \u00e0 01h22\u00a0\u00a0\u00b7\u00a0\u00a0<\/p>\n<p>Modifi\u00e9 le 23 juillet 2025\u00a0\u00a0\u00b7\u00a0\u00a0<\/p>\n<p>\t\t\t\t\t3\u00a0minutes\n<\/p>\n<p class=\"has-drop-cap\">\u00c0 11h30 le mercredi 23 juillet, un petit groupe de personnes patiente d\u00e9j\u00e0 devant les grilles de la Fabrique de Th\u00e9\u00e2tre, \u00e0 Strasbourg. Depuis le 9 juillet, le lieu est chaque jour investi par une quinzaine de b\u00e9n\u00e9voles du Secours Populaire et de l\u2019association Abribus. Accompagn\u00e9s par des employ\u00e9s de la Ville de Strasbourg, ils organisent une distribution alimentaire \u00e0 midi.<\/p>\n<p>Du mercredi au dimanche, des centaines de personnes viennent y chercher un repas\u00a0: plusieurs associations et services sociaux se relaient sur le lieu. \u00ab\u00a0C\u2019est un point de rep\u00e8re, d\u00e9crit Camille Vega, directeur du Secours populaire dans le Bas-Rhin. On donne acc\u00e8s \u00e0 de la nourriture, \u00e0 des toilettes, \u00e0 de l\u2019eau, mais aussi \u00e0 la culture, aux soins\u2026\u00a0\u00bb<\/p>\n<p>L\u2019op\u00e9ration existe depuis 2020, et vise \u00e0 prendre le relai alors que plusieurs associations freinent ou arr\u00eatent leur activit\u00e9 durant la p\u00e9riode estivale, gr\u00e2ce \u00e0 un financement de l\u2019\u00c9tat et de la municipalit\u00e9. En 2024, 24\u00a0000 repas ont \u00e9t\u00e9 distribu\u00e9s au total. Chaque ann\u00e9e, de plus en plus de Strasbourgeois et Strasbourgeoises ont recours \u00e0 ce dispositif.<\/p>\n<p><a href=\"https:\/\/www.rue89strasbourg.com\/abonnement\/paiement?sub=3&amp;discount=ete2025\" target=\"_blank\" rel=\"noopener\"><img loading=\"lazy\" decoding=\"async\" width=\"970\" height=\"250\" src=\"https:\/\/www.europesays.com\/fr\/wp-content\/uploads\/2025\/07\/bannie\u0300re-site-desktop-anime\u0301e.gif\" alt=\"\" class=\"wp-image-350811\" style=\"width:792px;height:auto\"\/><\/a><\/p>\n<p><a href=\"https:\/\/www.rue89strasbourg.com\/abonnement\/paiement?sub=3&amp;discount=ete2025\" target=\"_blank\" rel=\"noopener\"><img loading=\"lazy\" decoding=\"async\" width=\"300\" height=\"300\" src=\"https:\/\/www.europesays.com\/fr\/wp-content\/uploads\/2025\/07\/bannie\u0300re-pub-mobile-anime\u0301e.gif\" alt=\"\" class=\"wp-image-350815\"\/><\/a><\/p>\n<p>Hausse permanente de la demande<\/p>\n<p>\u00ab\u00a0Sur ces deux premi\u00e8res semaines, nous avons d\u00e9j\u00e0 une augmentation de 20% du nombre de personnes pr\u00e9sentes \u00e0 nos distributions par rapport \u00e0 2024\u00a0\u00bb, commence Camille Vega, avant d\u2019ajouter\u00a0:<\/p>\n<blockquote class=\"wp-block-quote is-layout-flow wp-block-quote-is-layout-flow\">\n<p>\u00ab\u00a0Nous expliquons depuis des ann\u00e9es que nous arrivons au bout de nos capacit\u00e9s. La semaine derni\u00e8re nous avons d\u00e9j\u00e0 accueilli 450 personnes, pour une capacit\u00e9 d\u2019accueil maximum de 500. En 2020, nous distribuions 270 paniers en moyenne, et en 2024, 400.\u00a0\u00bb<\/p>\n<\/blockquote>\n<p>M\u00eame constat pour L\u2019\u00c9tage, restaurant solidaire qui prend le relai de la distribution en soir\u00e9e. Les 150 repas fournis chaque jour \u00ab\u00a0partent en 30 minutes\u00a0\u00bb, selon le pr\u00e9sident de l\u2019association, Wima Farzan.<\/p>\n<p>\t\tRestrictions<\/p>\n<p>Sumitra Gopal, porte-parole d\u2019Abribus, n\u2019est pas surprise par cette augmentation constante de la demande pour ce dispositif ouvert \u00e0 tous\u00a0:<\/p>\n<blockquote class=\"wp-block-quote is-layout-flow wp-block-quote-is-layout-flow\">\n<p>\u00ab\u00a0Beaucoup de personnes n\u2019ont pas d\u2019autre possibilit\u00e9 que ces distributions alimentaires. Ces personnes, tr\u00e8s vuln\u00e9rables, peuvent notamment \u00eatre \u00e0 l\u2019origine de la construction de campements. \u00c0 cinq minutes d\u2019ici, au parc du Heyritz, <a href=\"https:\/\/www.rue89strasbourg.com\/parc-heyritz-campement-347235\" target=\"_blank\" rel=\"noreferrer noopener\">un campement<\/a> s\u2019est reconstruit pour la deuxi\u00e8me fois. Ils sont 162, dont 53 enfants de 0 \u00e0 18 ans.\u00a0\u00bb<\/p>\n<\/blockquote>\n<p>Des familles qui n\u2019ont souvent pas d\u2019autorisation de travailler, de se loger, et qui se retrouvent sans aucune ressource. Les distributions alimentaires estivales sont un dispositif d\u2019aide inconditionnel. Elles ne demande aucun justificatif aux demandeurs, partant du principe que chaque personne pr\u00e9sente \u00e0 la distribution en a besoin. Comme l\u2019explique Camille Vega, ce syst\u00e8me atteint ses limites\u00a0:<\/p>\n<blockquote class=\"wp-block-quote is-layout-flow wp-block-quote-is-layout-flow\">\n<p>\u00ab\u00a0Nous avons d\u00e9j\u00e0 d\u00fb mettre en place des restrictions\u2026 Nous ne fournissons plus de repas aux personnes qui ne sont pas en capacit\u00e9 de se d\u00e9placer. Avant, nous pouvions donner plusieurs repas \u00e0 une personne qui venait pour ses proches. Et nous demandons aux familles si leurs enfants en bas-\u00e2ge peuvent partager un panier repas. Certaines acceptent.\u00a0\u00bb<\/p>\n<\/blockquote>\n<p>Manque de moyens<\/p>\n<p>\u00ab\u00a0Face \u00e0 une telle demande, il ne faut pas se contenter de boucher les trous pendant l\u2019\u00e9t\u00e9, regrette Sumitra Gopal, mais nous n\u2019avons pas assez de moyens\u00a0\u00bb. Les subventions de la distribution estivale ont l\u00e9g\u00e8rement augment\u00e9, elles sont pass\u00e9es de 185\u00a0000 euros (170\u00a0000 de la Ville et 15\u00a0000 de l\u2019\u00c9tat) en 2024 \u00e0 205\u00a0000 (150\u00a0000 de la Ville et 55\u00a0000 de l\u2019\u00c9tat) en 2025.<\/p>\n<p>Mais pour Sumitra Gopal, \u00ab\u00a0la politique de l\u2019\u00c9tat reste insuffisante\u00a0\u00bb, et ne permet pas de \u00ab\u00a0viser la racine du probl\u00e8me\u00a0\u00bb. Les maraudes estivales s\u2019arr\u00eatent le 31 ao\u00fbt. La porte-parole d\u2019Abribus s\u2019inqui\u00e8te aussi du fonctionnement de la transition \u00e0 la rentr\u00e9e, avec la mise en place des dispositifs qui devront \u00eatre suffisamment efficaces pour r\u00e9pondre \u00e0 ces besoins importants.<\/p>\n","protected":false},"excerpt":{"rendered":"La Ville de Strasbourg, le Secours Populaire et Abribus remarquent une augmentation constante de la fr\u00e9quentation de leurs&hellip;\n","protected":false},"author":2,"featured_media":269164,"comment_status":"","ping_status":"","sticky":false,"template":"","format":"standard","meta":{"footnotes":""},"categories":[2820],"tags":[1111,11,4077,1777,674,1011,27,775,12,10181,25,104,3400,640],"class_list":{"0":"post-269163","1":"post","2":"type-post","3":"status-publish","4":"format-standard","5":"has-post-thumbnail","7":"category-strasbourg","8":"tag-actu","9":"tag-actualites","10":"tag-association","11":"tag-eu","12":"tag-europe","13":"tag-fr","14":"tag-france","15":"tag-grand-est","16":"tag-news","17":"tag-precarite","18":"tag-republique-francaise","19":"tag-societe","20":"tag-solidarite","21":"tag-strasbourg"},"share_on_mastodon":{"url":"https:\/\/pubeurope.com\/@fr\/114905170853833906","error":""},"_links":{"self":[{"href":"https:\/\/www.europesays.com\/fr\/wp-json\/wp\/v2\/posts\/269163","targetHints":{"allow":["GET"]}}],"collection":[{"href":"https:\/\/www.europesays.com\/fr\/wp-json\/wp\/v2\/posts"}],"about":[{"href":"https:\/\/www.europesays.com\/fr\/wp-json\/wp\/v2\/types\/post"}],"author":[{"embeddable":true,"href":"https:\/\/www.europesays.com\/fr\/wp-json\/wp\/v2\/users\/2"}],"replies":[{"embeddable":true,"href":"https:\/\/www.europesays.com\/fr\/wp-json\/wp\/v2\/comments?post=269163"}],"version-history":[{"count":0,"href":"https:\/\/www.europesays.com\/fr\/wp-json\/wp\/v2\/posts\/269163\/revisions"}],"wp:featuredmedia":[{"embeddable":true,"href":"https:\/\/www.europesays.com\/fr\/wp-json\/wp\/v2\/media\/269164"}],"wp:attachment":[{"href":"https:\/\/www.europesays.com\/fr\/wp-json\/wp\/v2\/media?parent=269163"}],"wp:term":[{"taxonomy":"category","embeddable":true,"href":"https:\/\/www.europesays.com\/fr\/wp-json\/wp\/v2\/categories?post=269163"},{"taxonomy":"post_tag","embeddable":true,"href":"https:\/\/www.europesays.com\/fr\/wp-json\/wp\/v2\/tags?post=269163"}],"curies":[{"name":"wp","href":"https:\/\/api.w.org\/{rel}","templated":true}]}}