{"id":269169,"date":"2025-07-23T23:37:09","date_gmt":"2025-07-23T23:37:09","guid":{"rendered":"https:\/\/www.europesays.com\/fr\/269169\/"},"modified":"2025-07-23T23:37:09","modified_gmt":"2025-07-23T23:37:09","slug":"previsions-du-jeudi-24-juillet-2025-4","status":"publish","type":"post","link":"https:\/\/www.europesays.com\/fr\/269169\/","title":{"rendered":"pr\u00e9visions du jeudi 24 juillet 2025"},"content":{"rendered":"<p>Aujourd&rsquo;hui, les temp\u00e9ratures s&rsquo;\u00e9chelonneront entre 13 et 25\u00b0C \u00e0 Nantes. Une brise de nord-ouest soufflera l\u00e9g\u00e8rement. Le soleil appara\u00eet l\u00e9g\u00e8rement le matin. Ces \u00e9claircies devraient faire plaisir aux habitants. L&rsquo;arriv\u00e9e du soleil l&rsquo;apr\u00e8s-midi sera retard\u00e9e par beaucoup de nuages. D&rsquo;un autre c\u00f4t\u00e9, une m\u00e9t\u00e9o plus chaude est attendue puisque le mercure va conna\u00eetre une augmentation. Les valeurs iront de 23 \u00e0 25\u00b0C. Le ciel sera relativement lumineux, avec quelques \u00e9claircies le soir. Une nuit claire vous attendra entre jeudi et vendredi.<\/p>\n<p>Demain, c&rsquo;est une hausse de quelques degr\u00e9s que vont enregistrer les temp\u00e9ratures dans la ville de Nantes. Le mercure affichera 20\u00b0C en moyenne. Un vent de nord rafra\u00eechira l\u00e9g\u00e8rement l&rsquo;atmosph\u00e8re. Un beau soleil est pr\u00e9vu le matin. Les temp\u00e9ratures avoisineront les 21\u00b0C. Malheureusement, il y aura encore des nuages demain apr\u00e8s-midi. Des pluies \u00e9parses vont tomber sur la ville. Les valeurs afficheront entre 23 et 26\u00b0C. Le ciel va quelque peu se d\u00e9gager dans la soir\u00e9e avec des \u00e9claircies. Il va faire 21\u00b0C en moyenne.<\/p>\n<p>Les jours suivants s&rsquo;annoncent identiques. Le temps sera ensoleill\u00e9 avec des temp\u00e9ratures d&rsquo;environ 26\u00b0C.<\/p>\n<p><\/p>\n","protected":false},"excerpt":{"rendered":"Aujourd&rsquo;hui, les temp\u00e9ratures s&rsquo;\u00e9chelonneront entre 13 et 25\u00b0C \u00e0 Nantes. Une brise de nord-ouest soufflera l\u00e9g\u00e8rement. Le soleil&hellip;\n","protected":false},"author":2,"featured_media":269170,"comment_status":"","ping_status":"","sticky":false,"template":"","format":"standard","meta":{"footnotes":""},"categories":[2818],"tags":[1111,11,1777,674,1011,27,3047,766,12,2636,2119,25],"class_list":{"0":"post-269169","1":"post","2":"type-post","3":"status-publish","4":"format-standard","5":"has-post-thumbnail","7":"category-nantes","8":"tag-actu","9":"tag-actualites","10":"tag-eu","11":"tag-europe","12":"tag-fr","13":"tag-france","14":"tag-loire-atlantique","15":"tag-nantes","16":"tag-news","17":"tag-pays-de-la-loire","18":"tag-previsions-meteo","19":"tag-republique-francaise"},"share_on_mastodon":{"url":"https:\/\/pubeurope.com\/@fr\/114905182586820681","error":""},"_links":{"self":[{"href":"https:\/\/www.europesays.com\/fr\/wp-json\/wp\/v2\/posts\/269169","targetHints":{"allow":["GET"]}}],"collection":[{"href":"https:\/\/www.europesays.com\/fr\/wp-json\/wp\/v2\/posts"}],"about":[{"href":"https:\/\/www.europesays.com\/fr\/wp-json\/wp\/v2\/types\/post"}],"author":[{"embeddable":true,"href":"https:\/\/www.europesays.com\/fr\/wp-json\/wp\/v2\/users\/2"}],"replies":[{"embeddable":true,"href":"https:\/\/www.europesays.com\/fr\/wp-json\/wp\/v2\/comments?post=269169"}],"version-history":[{"count":0,"href":"https:\/\/www.europesays.com\/fr\/wp-json\/wp\/v2\/posts\/269169\/revisions"}],"wp:featuredmedia":[{"embeddable":true,"href":"https:\/\/www.europesays.com\/fr\/wp-json\/wp\/v2\/media\/269170"}],"wp:attachment":[{"href":"https:\/\/www.europesays.com\/fr\/wp-json\/wp\/v2\/media?parent=269169"}],"wp:term":[{"taxonomy":"category","embeddable":true,"href":"https:\/\/www.europesays.com\/fr\/wp-json\/wp\/v2\/categories?post=269169"},{"taxonomy":"post_tag","embeddable":true,"href":"https:\/\/www.europesays.com\/fr\/wp-json\/wp\/v2\/tags?post=269169"}],"curies":[{"name":"wp","href":"https:\/\/api.w.org\/{rel}","templated":true}]}}