{"id":269185,"date":"2025-07-23T23:46:11","date_gmt":"2025-07-23T23:46:11","guid":{"rendered":"https:\/\/www.europesays.com\/fr\/269185\/"},"modified":"2025-07-23T23:46:11","modified_gmt":"2025-07-23T23:46:11","slug":"previsions-du-jeudi-24-juillet-2025-5","status":"publish","type":"post","link":"https:\/\/www.europesays.com\/fr\/269185\/","title":{"rendered":"pr\u00e9visions du jeudi 24 juillet 2025"},"content":{"rendered":"<p>La journ\u00e9e qui s&rsquo;annonce \u00e0 Marseille, promet d&rsquo;\u00eatre belle et ensoleill\u00e9e ! Le thermom\u00e8tre affichera 23\u00b0C en moyenne. Les temp\u00e9ratures tourneront autour des 23\u00b0C au cours de la matin\u00e9e. La ville sera touch\u00e9e par un vent de nord-ouest de 27 km\/h. Les maximales atteindront les 26\u00b0C dans l&rsquo;apr\u00e8s-midi et les minimales seront de 25\u00b0C. Entre jeudi et vendredi, la nuit sera claire.<\/p>\n<p>Un beau soleil est pr\u00e9vu demain \u00e0 Marseille. On pr\u00e9voit des valeurs d&rsquo;environ 23\u00b0C. Un vent de nord-ouest, enregistrant 30 km\/h, soufflera. Il va faire 23\u00b0C en moyenne le matin. Les temp\u00e9ratures iront de 25 \u00e0 26\u00b0C sur l&rsquo;ensemble de l&rsquo;apr\u00e8s-midi. Demain soir, les valeurs s&rsquo;\u00e9chelonneront entre 24 et 26\u00b0C.<\/p>\n<p>Les jours suivants s&rsquo;annoncent identiques. On anticipe des journ\u00e9es ensoleill\u00e9es, accompagn\u00e9es par des temp\u00e9ratures dans les 29\u00b0C en moyenne.<\/p>\n<p><\/p>\n","protected":false},"excerpt":{"rendered":"La journ\u00e9e qui s&rsquo;annonce \u00e0 Marseille, promet d&rsquo;\u00eatre belle et ensoleill\u00e9e ! Le thermom\u00e8tre affichera 23\u00b0C en moyenne.&hellip;\n","protected":false},"author":2,"featured_media":269186,"comment_status":"","ping_status":"","sticky":false,"template":"","format":"standard","meta":{"footnotes":""},"categories":[2814],"tags":[1111,11,885,1777,674,1011,27,884,12,883,2119,882,25],"class_list":{"0":"post-269185","1":"post","2":"type-post","3":"status-publish","4":"format-standard","5":"has-post-thumbnail","7":"category-marseille","8":"tag-actu","9":"tag-actualites","10":"tag-bouches-du-rhone","11":"tag-eu","12":"tag-europe","13":"tag-fr","14":"tag-france","15":"tag-marseille","16":"tag-news","17":"tag-paca","18":"tag-previsions-meteo","19":"tag-provence-alpes-cote-dazur","20":"tag-republique-francaise"},"share_on_mastodon":{"url":"https:\/\/pubeurope.com\/@fr\/114905218798550689","error":""},"_links":{"self":[{"href":"https:\/\/www.europesays.com\/fr\/wp-json\/wp\/v2\/posts\/269185","targetHints":{"allow":["GET"]}}],"collection":[{"href":"https:\/\/www.europesays.com\/fr\/wp-json\/wp\/v2\/posts"}],"about":[{"href":"https:\/\/www.europesays.com\/fr\/wp-json\/wp\/v2\/types\/post"}],"author":[{"embeddable":true,"href":"https:\/\/www.europesays.com\/fr\/wp-json\/wp\/v2\/users\/2"}],"replies":[{"embeddable":true,"href":"https:\/\/www.europesays.com\/fr\/wp-json\/wp\/v2\/comments?post=269185"}],"version-history":[{"count":0,"href":"https:\/\/www.europesays.com\/fr\/wp-json\/wp\/v2\/posts\/269185\/revisions"}],"wp:featuredmedia":[{"embeddable":true,"href":"https:\/\/www.europesays.com\/fr\/wp-json\/wp\/v2\/media\/269186"}],"wp:attachment":[{"href":"https:\/\/www.europesays.com\/fr\/wp-json\/wp\/v2\/media?parent=269185"}],"wp:term":[{"taxonomy":"category","embeddable":true,"href":"https:\/\/www.europesays.com\/fr\/wp-json\/wp\/v2\/categories?post=269185"},{"taxonomy":"post_tag","embeddable":true,"href":"https:\/\/www.europesays.com\/fr\/wp-json\/wp\/v2\/tags?post=269185"}],"curies":[{"name":"wp","href":"https:\/\/api.w.org\/{rel}","templated":true}]}}