{"id":269189,"date":"2025-07-23T23:48:12","date_gmt":"2025-07-23T23:48:12","guid":{"rendered":"https:\/\/www.europesays.com\/fr\/269189\/"},"modified":"2025-07-23T23:48:12","modified_gmt":"2025-07-23T23:48:12","slug":"previsions-du-jeudi-24-juillet-2025-6","status":"publish","type":"post","link":"https:\/\/www.europesays.com\/fr\/269189\/","title":{"rendered":"pr\u00e9visions du jeudi 24 juillet 2025"},"content":{"rendered":"<p>Malheureusement pour Lyon, il y aura encore des nuages aujourd&rsquo;hui. Les valeurs afficheront entre 14 et 23\u00b0C. Un l\u00e9ger vent de nord-ouest soufflera. D&rsquo;un autre c\u00f4t\u00e9, des \u00e9claircies sont attendues : on passera une matin\u00e9e agr\u00e9able. Les temp\u00e9ratures seront de 19\u00b0C. Le ciel sera toujours couvert l&rsquo;apr\u00e8s-midi avec des nuages. Prenez garde, des orages de faible intensit\u00e9 vont tonner. Les valeurs seront comprises entre 21\u00b0C et 23\u00b0C. La soir\u00e9e sera marqu\u00e9e par de la bruine l\u00e9g\u00e8re. On anticipe des temp\u00e9ratures avoisinant 18\u00b0C. Le passage de jeudi \u00e0 vendredi s&rsquo;effectuera sous un ciel d\u00e9pourvu de nuages.<\/p>\n<p>Demain, \u00e0 Lyon, les perturbations seront toujours pr\u00e9sentes avec des nuages. Un temps plus chaud est \u00e0 pr\u00e9voir \u00e9tant donn\u00e9 que les temp\u00e9ratures vont enregistrer une augmentation. Le mercure affichera 20\u00b0C en moyenne. Un vent de nord-ouest rafra\u00eechira sensiblement l&rsquo;atmosph\u00e8re. Il va pleuvoir le matin. Il fera 19\u00b0C en moyenne. Demain apr\u00e8s-midi, le vent va progressivement chasser la grisaille. C&rsquo;est une hausse de plusieurs degr\u00e9s que vont conna\u00eetre les temp\u00e9ratures. Les valeurs seront de 22\u00b0C au minimum et de 26\u00b0C au plus haut. Il va faire environ 21\u00b0C, demain soir.<\/p>\n<p>Une am\u00e9lioration est pr\u00e9vue les jours suivants. Le temps sera ensoleill\u00e9 avec des temp\u00e9ratures autour de 28\u00b0C.<\/p>\n<p><\/p>\n","protected":false},"excerpt":{"rendered":"Malheureusement pour Lyon, il y aura encore des nuages aujourd&rsquo;hui. Les valeurs afficheront entre 14 et 23\u00b0C. Un&hellip;\n","protected":false},"author":2,"featured_media":269190,"comment_status":"","ping_status":"","sticky":false,"template":"","format":"standard","meta":{"footnotes":""},"categories":[1889],"tags":[1111,11,2430,1777,674,1011,27,2428,12,2119,25,2429,2431],"class_list":{"0":"post-269189","1":"post","2":"type-post","3":"status-publish","4":"format-standard","5":"has-post-thumbnail","7":"category-lyon","8":"tag-actu","9":"tag-actualites","10":"tag-auvergne-rhone-alpes","11":"tag-eu","12":"tag-europe","13":"tag-fr","14":"tag-france","15":"tag-lyon","16":"tag-news","17":"tag-previsions-meteo","18":"tag-republique-francaise","19":"tag-rhone","20":"tag-rhone-alpes"},"share_on_mastodon":{"url":"","error":""},"_links":{"self":[{"href":"https:\/\/www.europesays.com\/fr\/wp-json\/wp\/v2\/posts\/269189","targetHints":{"allow":["GET"]}}],"collection":[{"href":"https:\/\/www.europesays.com\/fr\/wp-json\/wp\/v2\/posts"}],"about":[{"href":"https:\/\/www.europesays.com\/fr\/wp-json\/wp\/v2\/types\/post"}],"author":[{"embeddable":true,"href":"https:\/\/www.europesays.com\/fr\/wp-json\/wp\/v2\/users\/2"}],"replies":[{"embeddable":true,"href":"https:\/\/www.europesays.com\/fr\/wp-json\/wp\/v2\/comments?post=269189"}],"version-history":[{"count":0,"href":"https:\/\/www.europesays.com\/fr\/wp-json\/wp\/v2\/posts\/269189\/revisions"}],"wp:featuredmedia":[{"embeddable":true,"href":"https:\/\/www.europesays.com\/fr\/wp-json\/wp\/v2\/media\/269190"}],"wp:attachment":[{"href":"https:\/\/www.europesays.com\/fr\/wp-json\/wp\/v2\/media?parent=269189"}],"wp:term":[{"taxonomy":"category","embeddable":true,"href":"https:\/\/www.europesays.com\/fr\/wp-json\/wp\/v2\/categories?post=269189"},{"taxonomy":"post_tag","embeddable":true,"href":"https:\/\/www.europesays.com\/fr\/wp-json\/wp\/v2\/tags?post=269189"}],"curies":[{"name":"wp","href":"https:\/\/api.w.org\/{rel}","templated":true}]}}