{"id":269193,"date":"2025-07-23T23:51:10","date_gmt":"2025-07-23T23:51:10","guid":{"rendered":"https:\/\/www.europesays.com\/fr\/269193\/"},"modified":"2025-07-23T23:51:10","modified_gmt":"2025-07-23T23:51:10","slug":"mercato-paris-fc-larrivee-dotavio-ataide-da-silva-officialisee","status":"publish","type":"post","link":"https:\/\/www.europesays.com\/fr\/269193\/","title":{"rendered":"Mercato Paris FC : l\u2019arriv\u00e9e d\u2019Ot\u00e1vio Ata\u00edde da Silva officialis\u00e9e"},"content":{"rendered":"<p class=\"paragraph text_align_left lp-f-body-02\">Le <a href=\"https:\/\/www.leparisien.fr\/sports\/football\/paris-fc\/\" target=\"_blank\" rel=\"noreferrer nofollow noopener\">Paris FC<\/a> continue de muscler son effectif. Apr\u00e8s <a href=\"https:\/\/www.leparisien.fr\/sports\/football\/ligue-1\/mercato-paris-fc-larrivee-de-moses-simon-officialisee-25-06-2025-IKZMX6EDBJEC7MR2K446OBSF2M.php\" target=\"_self\" rel=\"nofollow noopener\">Moses Simon<\/a> et <a href=\"https:\/\/www.leparisien.fr\/sports\/football\/paris-fc\/mercato-paris-fc-le-club-officialise-larrivee-de-nhoa-sangui-qui-signe-jusquen-2030-24-06-2025-L4GLBJP4WRDSTAPIR4IO3RVQKI.php\" target=\"_self\" rel=\"nofollow noopener\">Nhoa Sangui<\/a>, le promu de Ligue 1 a officialis\u00e9 l\u2019arriv\u00e9e du d\u00e9fenseur central br\u00e9silien <a href=\"https:\/\/www.leparisien.fr\/sports\/football\/ligue-1\/mercato-paris-fc-cest-regle-pour-otavio-qui-signe-pour-cinq-ans-mardi-20-07-2025-G2476PNYX5BVZNCWJFGTC55BAU.php\" target=\"_self\" rel=\"nofollow noopener\">Ot\u00e1vio Ata\u00edde da Silva<\/a>. En provenance du FC Porto, le joueur de 23 ans s\u2019est engag\u00e9 avec le club parisien jusqu\u2019en juin 2030. <\/p>\n<p class=\"paragraph text_align_left lp-f-body-02\">\u00ab Nous sommes ravis d\u2019accueillir Otavio. C\u2019est un profil de d\u00e9fenseur que nous n\u2019avions pas et il a un potentiel tr\u00e8s important avec des qualit\u00e9s tr\u00e8s fortes \u00bb, a salu\u00e9 Fran\u00e7ois Ferracci, directeur sportif du Paris FC, dans un communiqu\u00e9.<\/p>\n<p class=\"paragraph text_align_left lp-f-body-02\">En attendant la reprise de la <a href=\"https:\/\/www.leparisien.fr\/sports\/football\/ligue-1\/\" target=\"_self\" rel=\"nofollow noopener\">Ligue 1<\/a> pr\u00e9vue le 15 ao\u00fbt, le Br\u00e9silien va rejoindre ses nouveaux co\u00e9quipiers en stage de pr\u00e9paration \u00e0 Evian-les-Bains, en Haute-Savoie.<\/p>\n","protected":false},"excerpt":{"rendered":"Le Paris FC continue de muscler son effectif. Apr\u00e8s Moses Simon et Nhoa Sangui, le promu de Ligue&hellip;\n","protected":false},"author":2,"featured_media":269194,"comment_status":"","ping_status":"","sticky":false,"template":"","format":"standard","meta":{"footnotes":""},"categories":[1888],"tags":[1111,1928,11,1927,1777,674,63,1011,27,66,12,1926,626,1925,25,60],"class_list":{"0":"post-269193","1":"post","2":"type-post","3":"status-publish","4":"format-standard","5":"has-post-thumbnail","7":"category-paris","8":"tag-actu","9":"tag-actu-paris","10":"tag-actualites","11":"tag-actualites-paris","12":"tag-eu","13":"tag-europe","14":"tag-football","15":"tag-fr","16":"tag-france","17":"tag-ligue-1","18":"tag-news","19":"tag-news-paris","20":"tag-paris","21":"tag-paris-news","22":"tag-republique-francaise","23":"tag-sports"},"share_on_mastodon":{"url":"https:\/\/pubeurope.com\/@fr\/114905237601727718","error":""},"_links":{"self":[{"href":"https:\/\/www.europesays.com\/fr\/wp-json\/wp\/v2\/posts\/269193","targetHints":{"allow":["GET"]}}],"collection":[{"href":"https:\/\/www.europesays.com\/fr\/wp-json\/wp\/v2\/posts"}],"about":[{"href":"https:\/\/www.europesays.com\/fr\/wp-json\/wp\/v2\/types\/post"}],"author":[{"embeddable":true,"href":"https:\/\/www.europesays.com\/fr\/wp-json\/wp\/v2\/users\/2"}],"replies":[{"embeddable":true,"href":"https:\/\/www.europesays.com\/fr\/wp-json\/wp\/v2\/comments?post=269193"}],"version-history":[{"count":0,"href":"https:\/\/www.europesays.com\/fr\/wp-json\/wp\/v2\/posts\/269193\/revisions"}],"wp:featuredmedia":[{"embeddable":true,"href":"https:\/\/www.europesays.com\/fr\/wp-json\/wp\/v2\/media\/269194"}],"wp:attachment":[{"href":"https:\/\/www.europesays.com\/fr\/wp-json\/wp\/v2\/media?parent=269193"}],"wp:term":[{"taxonomy":"category","embeddable":true,"href":"https:\/\/www.europesays.com\/fr\/wp-json\/wp\/v2\/categories?post=269193"},{"taxonomy":"post_tag","embeddable":true,"href":"https:\/\/www.europesays.com\/fr\/wp-json\/wp\/v2\/tags?post=269193"}],"curies":[{"name":"wp","href":"https:\/\/api.w.org\/{rel}","templated":true}]}}