{"id":269209,"date":"2025-07-23T23:59:14","date_gmt":"2025-07-23T23:59:14","guid":{"rendered":"https:\/\/www.europesays.com\/fr\/269209\/"},"modified":"2025-07-23T23:59:14","modified_gmt":"2025-07-23T23:59:14","slug":"bonetto-sauve-lhonneur-lallemagne-frappe-trop-fort","status":"publish","type":"post","link":"https:\/\/www.europesays.com\/fr\/269209\/","title":{"rendered":"Bonetto sauve l\u2019honneur, l\u2019Allemagne frappe trop fort"},"content":{"rendered":"\n<p>La campagne europ\u00e9enne espagnole est termin\u00e9e. Santa Susanna a d\u00e9livr\u00e9 son verdict. Il est mitig\u00e9 pour certains, r\u00e9ussi pour d\u2019autres.<\/p>\n<p>Micka\u00ebl Bonetto avait mis la d\u00e9l\u00e9gation fran\u00e7aise sur orbite en remportant le tir de pr\u00e9cision. Et de quelle mani\u00e8re\u00a0! Le sommet n\u2019a pas \u00e9t\u00e9 la finale remport\u00e9e face \u00e0 Michel Hatchadourian, qui offre la premi\u00e8re m\u00e9daille internationale \u00e0 l\u2019Arm\u00e9nie. Il a \u00e9t\u00e9 atteint contre l\u2019Italien Diego Rizzi, dans une demi-finale \u00e0 vous couper le souffle gagn\u00e9e sur le fil du rasoir par le Fran\u00e7ais \u00e0 la mort subite. Cette victoire permet \u00e0 Bonetto de prendre une autre dimension et de s\u2019ins\u00e9rer, \u00e0 long terme, dans le groupe France.<\/p>\n<p>Puis vint l\u2019\u00e9preuve triplette, la plus importante, celle o\u00f9 l\u2019on attendait les Fran\u00e7ais au tournant. Le virage a \u00e9t\u00e9 mal n\u00e9goci\u00e9 dans la derni\u00e8re courbe, avec une d\u00e9faite surprise et sans contestation possible face aux Allemands, (7\u00a0\u00e0\u00a013) en finale. \u00c9tonnant non ? Pas tant que \u00e7a.<\/p>\n<p>Les Allemands se sont pay\u00e9 le luxe d\u2019\u00e9liminer au passage les Italiens champions du monde en titre, avant de terrasser la France en finale.<\/p>\n<p>Les tricolores avaient d\u00e9j\u00e0 eu du retard \u00e0 l\u2019allumage face \u00e0 l\u2019Espagne en demi-finale (1 \u00e0 6) et l\u2019Arm\u00e9nie en quart de finale (1 \u00e0 5), sans cons\u00e9quences.<\/p>\n<p>Cet \u00e9chec montre combien les nations progressent techniquement et tactiquement. Elles sont structur\u00e9es et poss\u00e8dent des talents. L\u2019adresse n\u2019est pas la panac\u00e9e des Fran\u00e7ais.<\/p>\n<p>Dans cette finale, Ludovic Montoro, David Doer, Yohan Cousin et Micka\u00ebl Bonetto ont eu des statistiques meilleures que leurs adversaires. Pourtant, la d\u00e9faite est au bout. Ils n\u2019ont pas \u00e9t\u00e9 assez offensifs compte tenu de leur force de frappe. Peut-\u00eatre comptaient-ils sur une faiblesse quelconque des Allemands, beaucoup moins exp\u00e9riment\u00e9s.<\/p>\n<p>Le r\u00e9sultat est l\u00e0, implacable. L\u2019Allemagne entre dans l\u2019Histoire avec ce premier titre obtenu par Sascha Koch, Matthias Laukart, Tobias Muller, Daniel Reichert et Moritz Rosik.<\/p>\n<p> La France ne rayonne plus sur le monde et l\u2019Europe, l\u2019Arm\u00e9nie tient son rang\n              <\/p>\n<p>On \u00e9tait curieux de voir l\u2019Arm\u00e9nie \u00e0 l\u2019\u0153uvre dans ce championnat avec sa locomotive Michel Hatchadourian, associ\u00e9 \u00e0 Richard Hovaguimian et Patrice Mouradian. Elle a fait mieux que se d\u00e9fendre en d\u00e9crochant une m\u00e9daille d\u2019argent au tir de pr\u00e9cision (Michel Hatchadourian). Une premi\u00e8re pour cette nation. Dans la comp\u00e9tition reine, il a fallu la France pour arr\u00eater la marche en avant des Arm\u00e9niens, en quart de finale.<\/p>\n<p>Le d\u00e9but de partie de tr\u00e8s haut niveau \u00e9tait favorable \u00e0 Hatchadourian et sa bande (5\u00a0\u00e0 1). Il aurait fallu marquer encore pour faire douter les Fran\u00e7ais. Mais les Arm\u00e9niens n\u2019ont pas tenu la distance face \u00e0 l\u2019armada fran\u00e7aise. Bravo \u00e0 eux. Nous esp\u00e9rons les revoir dans une comp\u00e9tition internationale.<\/p>\n","protected":false},"excerpt":{"rendered":"La campagne europ\u00e9enne espagnole est termin\u00e9e. Santa Susanna a d\u00e9livr\u00e9 son verdict. Il est mitig\u00e9 pour certains, r\u00e9ussi&hellip;\n","protected":false},"author":2,"featured_media":269210,"comment_status":"","ping_status":"","sticky":false,"template":"","format":"standard","meta":{"footnotes":""},"categories":[1587],"tags":[11,672,1804,1805,1803,1777,674,1801,12,1802,40843],"class_list":{"0":"post-269209","1":"post","2":"type-post","3":"status-publish","4":"format-standard","5":"has-post-thumbnail","7":"category-allemagne","8":"tag-actualites","9":"tag-allemagne","10":"tag-bundesrepublik-deutschland","11":"tag-de","12":"tag-deutschland","13":"tag-eu","14":"tag-europe","15":"tag-germany","16":"tag-news","17":"tag-republique-federale-dallemagne","18":"tag-roger-gatti"},"share_on_mastodon":{"url":"https:\/\/pubeurope.com\/@fr\/114905269137087094","error":""},"_links":{"self":[{"href":"https:\/\/www.europesays.com\/fr\/wp-json\/wp\/v2\/posts\/269209","targetHints":{"allow":["GET"]}}],"collection":[{"href":"https:\/\/www.europesays.com\/fr\/wp-json\/wp\/v2\/posts"}],"about":[{"href":"https:\/\/www.europesays.com\/fr\/wp-json\/wp\/v2\/types\/post"}],"author":[{"embeddable":true,"href":"https:\/\/www.europesays.com\/fr\/wp-json\/wp\/v2\/users\/2"}],"replies":[{"embeddable":true,"href":"https:\/\/www.europesays.com\/fr\/wp-json\/wp\/v2\/comments?post=269209"}],"version-history":[{"count":0,"href":"https:\/\/www.europesays.com\/fr\/wp-json\/wp\/v2\/posts\/269209\/revisions"}],"wp:featuredmedia":[{"embeddable":true,"href":"https:\/\/www.europesays.com\/fr\/wp-json\/wp\/v2\/media\/269210"}],"wp:attachment":[{"href":"https:\/\/www.europesays.com\/fr\/wp-json\/wp\/v2\/media?parent=269209"}],"wp:term":[{"taxonomy":"category","embeddable":true,"href":"https:\/\/www.europesays.com\/fr\/wp-json\/wp\/v2\/categories?post=269209"},{"taxonomy":"post_tag","embeddable":true,"href":"https:\/\/www.europesays.com\/fr\/wp-json\/wp\/v2\/tags?post=269209"}],"curies":[{"name":"wp","href":"https:\/\/api.w.org\/{rel}","templated":true}]}}