{"id":269215,"date":"2025-07-24T00:02:15","date_gmt":"2025-07-24T00:02:15","guid":{"rendered":"https:\/\/www.europesays.com\/fr\/269215\/"},"modified":"2025-07-24T00:02:15","modified_gmt":"2025-07-24T00:02:15","slug":"promenade-telephone-parloir-a-quoi-ressemble-la-journee-des-narcos-incarceres","status":"publish","type":"post","link":"https:\/\/www.europesays.com\/fr\/269215\/","title":{"rendered":"Promenade, t\u00e9l\u00e9phone, parloir\u2026 A quoi ressemble la journ\u00e9e des narcos incarc\u00e9r\u00e9s\u00a0?"},"content":{"rendered":"<p>Les portes du p\u00e9nitencier, bient\u00f4t vont se refermer. En attendant, celles de la <a href=\"https:\/\/www.20minutes.fr\/societe\/4147982-20250410-pu-entrer-future-prison-haute-securite-narcos-vendin-vieil-sortir\" class=\"color-ultramarine c-link\" target=\"_blank\" rel=\"noopener\">prison de Vendin-le-Vieil<\/a> (Pas-de-Calais) sont encore ouvertes, le temps de <a href=\"https:\/\/www.20minutes.fr\/faits_divers\/4163746-20250716-narcotrafic-comment-prepare-transfert-detenus-prison-narcos-vendin-vieil\" class=\"color-ultramarine c-link\" target=\"_blank\" rel=\"noopener\">transf\u00e9rer la centaine de d\u00e9tenus<\/a> d\u00e9sign\u00e9s par le ministre de la Justice en raison de leur dangerosit\u00e9, suppos\u00e9e ou av\u00e9r\u00e9e. Mardi, <a href=\"https:\/\/www.20minutes.fr\/justice\/4164763-20250722-prison-vendin-vieil-darmanin-annonce-transfert-17-premiers-narcotrafiquants\" class=\"color-ultramarine c-link\" target=\"_blank\" rel=\"noopener\">sept fourgons blancs de l\u2019administration p\u00e9nitentiaire<\/a> sont arriv\u00e9s en fin de matin\u00e9e, escort\u00e9s par des motards de la gendarmerie nationale jusqu\u2019\u00e0 l\u2019entr\u00e9e de l\u2019\u00e9tablissement situ\u00e9 pr\u00e8s de Lens. A l\u2019int\u00e9rieur, 17 prisonniers condamn\u00e9s ou suspect\u00e9s par la justice d\u2019\u00eatre impliqu\u00e9s dans des affaires li\u00e9es au narcobanditisme, et qui sont d\u00e9sormais enferm\u00e9s dans un quartier haute s\u00e9curit\u00e9.<\/p>\n<p>Me May Sarah Vogelhut d\u00e9fend l\u2019un d\u2019eux, plac\u00e9 jusqu\u2019\u00e0 pr\u00e9sent \u00e0 l\u2019isolement dans une autre prison. \u00ab\u00a0Il \u00e9tait tout seul. Ce qui change, peut-\u00eatre pour le mieux, c\u2019est qu\u2019il est d\u00e9sormais dans une unit\u00e9 avec trois ou quatre autres d\u00e9tenus. Il pourra interagir avec d\u2019autres \u00eatres humains et aller en promenade avec eux. Il aura aussi acc\u00e8s \u00e0 des activit\u00e9s, ce qui n\u2019\u00e9tait pas le cas avant\u00a0\u00bb, explique cette avocate p\u00e9naliste parisienne \u00e0 20 Minutes. Elle d\u00e9nonce au passage les <a href=\"https:\/\/www.20minutes.fr\/societe\/4142290-20250306-super-prisons-plus-dangereux-narcotrafiquants-celles-vendin-vieil-conde-sarthe\" class=\"color-ultramarine c-link\" target=\"_blank\" rel=\"noopener\">conditions de d\u00e9tention draconiennes<\/a> de cette super prison, i<a href=\"https:\/\/www.20minutes.fr\/justice\/4136930-20250203-pourquoi-gerald-darmanin-inspire-modele-italien-super-prisons-narcos\" class=\"color-ultramarine c-link\" target=\"_blank\" rel=\"noopener\">magin\u00e9e et voulue par G\u00e9rald Darmanin<\/a> apr\u00e8s l\u2019\u00e9vasion de Mohamed Amra.<\/p>\n<p>\u00ab\u00a0Une peine de prison ne devrait pas faire \u00e7a\u00a0\u00bb<\/p>\n<p>A Vendin-le-Vieil, les d\u00e9tenus pourront toujours rencontrer leurs proches au parloir, mais derri\u00e8re une vitre. Pour se parler, ils devront utiliser un hygiaphone. \u00ab\u00a0Cela porte une atteinte consid\u00e9rable \u00e0 la dignit\u00e9 humaine, au droit \u00e0 une vie priv\u00e9e et familiale, poursuit Me Vogelhut. Je trouve \u00e7a inhumain, cruel, d\u00e9gradant, destructeur. Quand on ne peut pas serrer ses proches, je pense que \u00e7a brise, \u00e7a d\u00e9truit l\u2019\u00e2me, la personnalit\u00e9. Une peine de prison ne devrait pas faire \u00e7a.\u00a0\u00bb La p\u00e9naliste d\u00e9plore l\u2019absence, dans la prison, d\u2019unit\u00e9 de vie familiale, ces appartements meubl\u00e9s qui peuvent \u00eatre mis \u00e0 disposition des personnes d\u00e9tenues. \u00ab\u00a0Cela brise des familles, des couples. C\u2019est contre-productif car cela n\u2019aide pas \u00e0 pr\u00e9parer la r\u00e9insertion, pourtant l\u2019un des objectifs de la peine. Il n\u2019y a pas de perp\u00e9tuit\u00e9 absolue en France, et ces d\u00e9tenus sortiront un jour ou l\u2019autre.\u00a0\u00bb<\/p>\n<\/p>\n<p>Autre diff\u00e9rence avec des prisons classiques\u00a0: <a href=\"https:\/\/www.20minutes.fr\/justice\/4139636-20250219-prison-portable-fleau-danger-fixe-trop-cher-telephone-prison\" class=\"color-ultramarine c-link\" target=\"_blank\" rel=\"noopener\">l\u2019utilisation du t\u00e9l\u00e9phone fixe n\u2019est plus illimit\u00e9e<\/a>. Les d\u00e9tenus peuvent l\u2019utiliser seulement deux fois 2 heures par semaine, et plus 24 heures\/24 comme avant. \u00ab\u00a0Quand vous \u00eates dans une oisivet\u00e9 totale, que vous n\u2019avez pas d\u2019activit\u00e9, que vous n\u2019avez rien \u00e0 faire de votre journ\u00e9e sauf regarder la t\u00e9l\u00e9vision, vous passez du temps en appelant vos proches. \u00c7a va \u00eatre terrible\u00a0\u00bb, estime aupr\u00e8s de 20 Minutes Me Beno\u00eet David, qui d\u00e9fend notamment Mohamed Amra. Il revient sur les parloirs\u00a0: \u00ab\u00a0Les proches ne peuvent plus avoir avec eux de contact physique, une femme ne peut m\u00eame pas tenir la main de son conjoint. Pourtant, il y a peu d\u2019incidents avec les familles.\u00a0\u00bb<\/p>\n<p>\u00ab\u00a0Fouille corporelle int\u00e9grale et syst\u00e9matique\u00a0\u00bb<\/p>\n<p>La nuit, ces d\u00e9tenus transf\u00e9r\u00e9s dans le Pas-de-Calais \u00ab\u00a0sont r\u00e9veill\u00e9s toutes les deux heures\u00a0\u00bb. Ils feront aussi l\u2019objet d\u2019une \u00ab\u00a0fouille corporelle int\u00e9grale et syst\u00e9matique apr\u00e8s chaque rencontre\u00a0\u00bb avec leurs avocats. \u00ab\u00a0Ce sont des conditions dommageables pour les droits de la d\u00e9fense\u00a0\u00bb, insiste Me David, qui pointe aussi les \u00ab\u00a0difficult\u00e9s\u00a0\u00bb pour les avocats de se rendre dans ce centre p\u00e9nitentiaire \u00ab\u00a0pour pr\u00e9parer les auditions\u00a0\u00bb. Car, rappelle le p\u00e9naliste, une partie des prisonniers \u00ab\u00a0n\u2019ont pas encore \u00e9t\u00e9 jug\u00e9s et seront peut-\u00eatre innocent\u00e9s\u00a0\u00bb. Afin de limiter les sorties, les d\u00e9tenus pourront \u00eatre <a href=\"https:\/\/www.20minutes.fr\/justice\/4157962-20250611-mohamed-amra-pourquoi-juges-prennent-encore-risque-extraire-detenus-entendre-bureau\" class=\"color-ultramarine c-link\" target=\"_blank\" rel=\"noopener\">entendus \u00e0 distance par les juges d\u2019instruction<\/a>. L\u2019avocat redoute aussi qu\u2019ils soient jug\u00e9s en visioconf\u00e9rence depuis la prison, \u00ab\u00a0ce qui est une justice tr\u00e8s d\u00e9grad\u00e9e\u00a0\u00bb.<\/p>\n<p>Condamn\u00e9 \u00e0 vingt-cinq ans de prison en premi\u00e8re instance, le client de Me Vogelhut doit \u00eatre jug\u00e9 prochainement en appel devant la cour d\u2019assises \u00e0 Nice. \u00ab\u00a0Il est hors de question qu\u2019il soit jug\u00e9 en visio\u00a0\u00bb, mart\u00e8le l\u2019avocate, qui craint les r\u00e9ticences de l\u2019administration p\u00e9nitentiaire \u00e0 transf\u00e9rer le pr\u00e9venu dans un autre \u00e9tablissement lors de ce nouveau proc\u00e8s. \u00ab\u00a0On ne vous juge pas de la m\u00eame mani\u00e8re. A l\u2019audience, vous \u00eates inexistant, vous entendez la moiti\u00e9 des choses, on ne vous calcule pas.\u00a0\u00bb Elle appr\u00e9hende aussi le fait que son client porte cette affectation comme une \u00ab\u00a0\u00e9tiquette\u00a0\u00bb. \u00ab\u00a0Il y aura un pr\u00e9jug\u00e9, un pr\u00e9-acquis que cette personne fait partie du crime organis\u00e9.\u00a0\u00bb<\/p>\n<p>Des transf\u00e8rements contest\u00e9s<\/p>\n<p>\u00ab\u00a0Il y a une atteinte \u00e0 la dignit\u00e9 humaine\u00a0\u00bb, persiste Me Vogelhut. Comme elle, d\u2019autres avocats entendent contester le transfert de leur client \u00e0 Vendin-le-Vieil devant le tribunal administratif de Lille. Me David compte pour cela s\u2019appuyer sur une d\u00e9cision rendue lundi par la chambre d\u2019application des peines de la cour d\u2019appel de Douai concernant un autre de ses clients, d\u00e9j\u00e0 incarc\u00e9r\u00e9 dans cet \u00e9tablissement\u00a0: le braqueur Redoine Fa\u00efd.<\/p>\n<p>La justice a en effet estim\u00e9 que ses conditions de d\u00e9tention sont <a href=\"https:\/\/www.20minutes.fr\/lille\/4164648-20250721-conditions-detention-contraires-dignite-redoine-faid-assouplies\" class=\"color-ultramarine c-link\" target=\"_blank\" rel=\"noopener\">\u00ab\u00a0contraires \u00e0 la dignit\u00e9 de la personne humaine\u00a0\u00bb<\/a>. \u00ab\u00a0C\u2019est une d\u00e9cision judiciaire int\u00e9ressante\u00a0\u00bb, indique le p\u00e9naliste.<\/p>\n","protected":false},"excerpt":{"rendered":"Les portes du p\u00e9nitencier, bient\u00f4t vont se refermer. En attendant, celles de la prison de Vendin-le-Vieil (Pas-de-Calais) sont&hellip;\n","protected":false},"author":2,"featured_media":269216,"comment_status":"","ping_status":"","sticky":false,"template":"","format":"standard","meta":{"footnotes":""},"categories":[2],"tags":[47,11,2516,2951,118,1011,27,303,805,813,12,806,807,40844,25],"class_list":{"0":"post-269215","1":"post","2":"type-post","3":"status-publish","4":"format-standard","5":"has-post-thumbnail","7":"category-actualites","8":"tag-actualite","9":"tag-actualites","10":"tag-banditisme","11":"tag-criminalite","12":"tag-faits-divers","13":"tag-fr","14":"tag-france","15":"tag-justice","16":"tag-mohamed-amra","17":"tag-narcotrafiquants","18":"tag-news","19":"tag-prison","20":"tag-prisonniers","21":"tag-redoine-faid","22":"tag-republique-francaise"},"share_on_mastodon":{"url":"https:\/\/pubeurope.com\/@fr\/114905280958552429","error":""},"_links":{"self":[{"href":"https:\/\/www.europesays.com\/fr\/wp-json\/wp\/v2\/posts\/269215","targetHints":{"allow":["GET"]}}],"collection":[{"href":"https:\/\/www.europesays.com\/fr\/wp-json\/wp\/v2\/posts"}],"about":[{"href":"https:\/\/www.europesays.com\/fr\/wp-json\/wp\/v2\/types\/post"}],"author":[{"embeddable":true,"href":"https:\/\/www.europesays.com\/fr\/wp-json\/wp\/v2\/users\/2"}],"replies":[{"embeddable":true,"href":"https:\/\/www.europesays.com\/fr\/wp-json\/wp\/v2\/comments?post=269215"}],"version-history":[{"count":0,"href":"https:\/\/www.europesays.com\/fr\/wp-json\/wp\/v2\/posts\/269215\/revisions"}],"wp:featuredmedia":[{"embeddable":true,"href":"https:\/\/www.europesays.com\/fr\/wp-json\/wp\/v2\/media\/269216"}],"wp:attachment":[{"href":"https:\/\/www.europesays.com\/fr\/wp-json\/wp\/v2\/media?parent=269215"}],"wp:term":[{"taxonomy":"category","embeddable":true,"href":"https:\/\/www.europesays.com\/fr\/wp-json\/wp\/v2\/categories?post=269215"},{"taxonomy":"post_tag","embeddable":true,"href":"https:\/\/www.europesays.com\/fr\/wp-json\/wp\/v2\/tags?post=269215"}],"curies":[{"name":"wp","href":"https:\/\/api.w.org\/{rel}","templated":true}]}}