{"id":269217,"date":"2025-07-24T00:03:15","date_gmt":"2025-07-24T00:03:15","guid":{"rendered":"https:\/\/www.europesays.com\/fr\/269217\/"},"modified":"2025-07-24T00:03:15","modified_gmt":"2025-07-24T00:03:15","slug":"avant-leur-tete-a-tete-la-tension-monte-entre-emmanuel-macron-et-bruno-retailleau","status":"publish","type":"post","link":"https:\/\/www.europesays.com\/fr\/269217\/","title":{"rendered":"Avant leur t\u00eate-\u00e0-t\u00eate, la tension monte entre Emmanuel Macron et Bruno Retailleau"},"content":{"rendered":"<p>            <a href=\"https:\/\/www.lefigaro.fr\/politique\/je-maintiens-mes-propos-malgre-sa-declaration-polemique-sur-les-agriculteurs-sandrine-rousseau-persiste-20250721\" class=\"fig-ranking-profile-link\" data-fig-domain=\"LEFIGARO\" target=\"_blank\" rel=\"noopener\"><\/p>\n<p>        \u00abJe maintiens mes propos\u00bb\u00a0: malgr\u00e9 sa d\u00e9claration pol\u00e9mique sur les agriculteurs, Sandrine Rousseau persiste<\/p>\n<p>                                                <\/a><\/p>\n<p>        <img   class=\"fig-img fig-ranking-profile-media-small-picture__photo\" alt=\"\u00abJe maintiens mes propos\u00bb\u00a0: malgr\u00e9 sa d\u00e9claration pol\u00e9mique sur les agriculteurs, Sandrine Rousseau persiste\" height=\"2000\" width=\"3000\"\/><\/p>\n<p class=\"fig-ranking-profile-standfirst\">\n    Invit\u00e9e sur Franceinfo ce matin, la d\u00e9put\u00e9e \u00e9cologiste a, une nouvelle fois, d\u00e9nonc\u00e9 la loi Duplomb qui prot\u00e9gerait, selon elle, un syst\u00e8me \u00abd\u2019agrobusiness\u00bb allant \u00e0 l\u2019encontre de la sant\u00e9 des individus.\n<\/p>\n<p>            <a href=\"https:\/\/www.lefigaro.fr\/conjoncture\/receptions-voyages-brigitte-macron-la-presidence-est-elle-un-bon-eleve-budgetaire-20250718\" class=\"fig-ranking-profile-link\" aria-label=\"R\u00e9ceptions, voyages, Brigitte Macron\u00a0: la pr\u00e9sidence est-elle un bon \u00e9l\u00e8ve budg\u00e9taire\u00a0? (article Premium)\" title=\"R\u00e9ceptions, voyages, Brigitte Macron\u00a0: la pr\u00e9sidence est-elle un bon \u00e9l\u00e8ve budg\u00e9taire\u00a0? (article Premium)\" data-fig-domain=\"LEFIGARO\" target=\"_blank\" rel=\"noopener\"><\/p>\n<p>        R\u00e9ceptions, voyages, Brigitte Macron\u00a0: la pr\u00e9sidence est-elle un bon \u00e9l\u00e8ve budg\u00e9taire\u00a0?<\/p>\n<p>                                                <\/a><\/p>\n<p>        <img   class=\"fig-img fig-ranking-profile-media-small-picture__photo\" alt=\"R\u00e9ceptions, voyages, Brigitte Macron\u00a0: la pr\u00e9sidence est-elle un bon \u00e9l\u00e8ve budg\u00e9taire\u00a0?\" height=\"2001\" width=\"3000\"\/><\/p>\n<p class=\"fig-ranking-profile-standfirst\">\n    <strong>D\u00c9CRYPTAGE &#8211;<\/strong> Si l\u2019\u00c9lys\u00e9e a b\u00e9n\u00e9fici\u00e9 d\u2019une bouff\u00e9e d\u2019air gr\u00e2ce \u00e0 une dotation en forte augmentation en 2024, la pression promet de s\u2019accro\u00eetre cette ann\u00e9e.\n<\/p>\n<p>            <a href=\"https:\/\/www.lefigaro.fr\/politique\/cour-des-comptes-pour-pierre-moscovici-les-engagements-de-najat-vallaud-belkacem-ne-sont-pas-incompatibles-avec-son-poste-20250719\" class=\"fig-ranking-profile-link\" data-fig-domain=\"LEFIGARO\" target=\"_blank\" rel=\"noopener\"><\/p>\n<p>        Cour des comptes\u00a0: pour Pierre Moscovici, les engagements de Najat Vallaud-Belkacem ne sont \u00abpas incompatibles\u00bb avec son poste<\/p>\n<p>                                                <\/a><\/p>\n<p>        <img   class=\"fig-img fig-ranking-profile-media-small-picture__photo\" alt=\"Cour des comptes\u00a0: pour Pierre Moscovici, les engagements de Najat Vallaud-Belkacem ne sont \u00abpas incompatibles\u00bb avec son poste\" height=\"2000\" width=\"3000\"\/><\/p>\n<p class=\"fig-ranking-profile-standfirst\">\n    Le pr\u00e9sident de l\u2019institution a de nouveau d\u00e9fendu la nomination pol\u00e9mique de l\u2019ancienne ministre socialiste annonc\u00e9e cette semaine, d\u00e9non\u00e7ant \u00abun esprit complotiste\u00bb.<\/p>\n","protected":false},"excerpt":{"rendered":"\u00abJe maintiens mes propos\u00bb\u00a0: malgr\u00e9 sa d\u00e9claration pol\u00e9mique sur les agriculteurs, Sandrine Rousseau persiste Invit\u00e9e sur Franceinfo ce&hellip;\n","protected":false},"author":2,"featured_media":269218,"comment_status":"","ping_status":"","sticky":false,"template":"","format":"standard","meta":{"footnotes":""},"categories":[2],"tags":[11,1013,1073,1011,27,6319,12,25],"class_list":{"0":"post-269217","1":"post","2":"type-post","3":"status-publish","4":"format-standard","5":"has-post-thumbnail","7":"category-actualites","8":"tag-actualites","9":"tag-bruno-retailleau","10":"tag-emmanuel-macron","11":"tag-fr","12":"tag-france","13":"tag-les-republicains","14":"tag-news","15":"tag-republique-francaise"},"share_on_mastodon":{"url":"https:\/\/pubeurope.com\/@fr\/114905284857143071","error":""},"_links":{"self":[{"href":"https:\/\/www.europesays.com\/fr\/wp-json\/wp\/v2\/posts\/269217","targetHints":{"allow":["GET"]}}],"collection":[{"href":"https:\/\/www.europesays.com\/fr\/wp-json\/wp\/v2\/posts"}],"about":[{"href":"https:\/\/www.europesays.com\/fr\/wp-json\/wp\/v2\/types\/post"}],"author":[{"embeddable":true,"href":"https:\/\/www.europesays.com\/fr\/wp-json\/wp\/v2\/users\/2"}],"replies":[{"embeddable":true,"href":"https:\/\/www.europesays.com\/fr\/wp-json\/wp\/v2\/comments?post=269217"}],"version-history":[{"count":0,"href":"https:\/\/www.europesays.com\/fr\/wp-json\/wp\/v2\/posts\/269217\/revisions"}],"wp:featuredmedia":[{"embeddable":true,"href":"https:\/\/www.europesays.com\/fr\/wp-json\/wp\/v2\/media\/269218"}],"wp:attachment":[{"href":"https:\/\/www.europesays.com\/fr\/wp-json\/wp\/v2\/media?parent=269217"}],"wp:term":[{"taxonomy":"category","embeddable":true,"href":"https:\/\/www.europesays.com\/fr\/wp-json\/wp\/v2\/categories?post=269217"},{"taxonomy":"post_tag","embeddable":true,"href":"https:\/\/www.europesays.com\/fr\/wp-json\/wp\/v2\/tags?post=269217"}],"curies":[{"name":"wp","href":"https:\/\/api.w.org\/{rel}","templated":true}]}}