{"id":269221,"date":"2025-07-24T00:07:11","date_gmt":"2025-07-24T00:07:11","guid":{"rendered":"https:\/\/www.europesays.com\/fr\/269221\/"},"modified":"2025-07-24T00:07:11","modified_gmt":"2025-07-24T00:07:11","slug":"xv-de-france-le-selectionneur-fabien-galthie-sur-les-routes-du-tour-a-peine-revenu-de-nouvelle-zelande","status":"publish","type":"post","link":"https:\/\/www.europesays.com\/fr\/269221\/","title":{"rendered":"XV de France &#8211; Le s\u00e9lectionneur Fabien Galthi\u00e9 sur les routes du Tour \u00e0 peine revenu de Nouvelle-Z\u00e9lande"},"content":{"rendered":"<p>\n                Quatre jours apr\u00e8s l&rsquo;ultime test du XV de France en Nouvelle-Z\u00e9lande (d\u00e9faite 29-19), le s\u00e9lectionneur Fabien Galthi\u00e9 est apparu sur les ondes de France T\u00e9l\u00e9visions, puisqu&rsquo;il se trouvait sur les routes du Tour de France, \u00e0 l&rsquo;occasion de l&rsquo;\u00e9tape entre Boll\u00e8ne et Valence.\n            <\/p>\n<p>Fabien Galthi\u00e9 est r\u00e9apparu sur un plateau de France T\u00e9l\u00e9visions, mais pas en qualit\u00e9 de consultant, comme il le fut quelques ann\u00e9es en arri\u00e8re. Au d\u00e9but de la retransmission du Tour de France, dont c&rsquo;est la 17\u00e8me \u00e9tape (Boll\u00e8ne-Valence) le s\u00e9lectionneur du XV de France est en effet apparu, en tenue de cycliste.<\/p>\n<p>Et l&rsquo;ancien demi de m\u00eal\u00e9e en a profit\u00e9 pour r\u00e9pondre \u00e0 quelques questions sur l&rsquo;\u00e9mission du service public, et ce quatre jours \u00e0 peine apr\u00e8s le dernier test match en Nouvelle-Z\u00e9lande (d\u00e9faite 29-19 \u00e0 Hamilton). \u00ab\u00a0Je peux te dire que j&rsquo;\u00e9tais en Nouvelle-Z\u00e9lande, et les \u00ab\u00a0N\u00e9o-Z\u00a0\u00bb, ils suivent le Tour de France. D&rsquo;abord ils nous font du mal au rugby, (il sourit) ils sont difficiles \u00e0 jouer, mais ils adorent le Tour de France. C&rsquo;est incroyable comme cette course est suivie dans le monde entier. Vous pouvez \u00eatre fiers. On peut \u00eatre fier de cet h\u00e9ritage que l&rsquo;on a. On doit en prendre soin.\u00a0\u00bb<\/p>\n","protected":false},"excerpt":{"rendered":"Quatre jours apr\u00e8s l&rsquo;ultime test du XV de France en Nouvelle-Z\u00e9lande (d\u00e9faite 29-19), le s\u00e9lectionneur Fabien Galthi\u00e9 est&hellip;\n","protected":false},"author":2,"featured_media":269222,"comment_status":"","ping_status":"","sticky":false,"template":"","format":"standard","meta":{"footnotes":""},"categories":[1416],"tags":[1011,27,479,1468,60],"class_list":{"0":"post-269221","1":"post","2":"type-post","3":"status-publish","4":"format-standard","5":"has-post-thumbnail","7":"category-rugby","8":"tag-fr","9":"tag-france","10":"tag-rugby","11":"tag-rugby-football","12":"tag-sports"},"share_on_mastodon":{"url":"https:\/\/pubeurope.com\/@fr\/114905300578796011","error":""},"_links":{"self":[{"href":"https:\/\/www.europesays.com\/fr\/wp-json\/wp\/v2\/posts\/269221","targetHints":{"allow":["GET"]}}],"collection":[{"href":"https:\/\/www.europesays.com\/fr\/wp-json\/wp\/v2\/posts"}],"about":[{"href":"https:\/\/www.europesays.com\/fr\/wp-json\/wp\/v2\/types\/post"}],"author":[{"embeddable":true,"href":"https:\/\/www.europesays.com\/fr\/wp-json\/wp\/v2\/users\/2"}],"replies":[{"embeddable":true,"href":"https:\/\/www.europesays.com\/fr\/wp-json\/wp\/v2\/comments?post=269221"}],"version-history":[{"count":0,"href":"https:\/\/www.europesays.com\/fr\/wp-json\/wp\/v2\/posts\/269221\/revisions"}],"wp:featuredmedia":[{"embeddable":true,"href":"https:\/\/www.europesays.com\/fr\/wp-json\/wp\/v2\/media\/269222"}],"wp:attachment":[{"href":"https:\/\/www.europesays.com\/fr\/wp-json\/wp\/v2\/media?parent=269221"}],"wp:term":[{"taxonomy":"category","embeddable":true,"href":"https:\/\/www.europesays.com\/fr\/wp-json\/wp\/v2\/categories?post=269221"},{"taxonomy":"post_tag","embeddable":true,"href":"https:\/\/www.europesays.com\/fr\/wp-json\/wp\/v2\/tags?post=269221"}],"curies":[{"name":"wp","href":"https:\/\/api.w.org\/{rel}","templated":true}]}}