{"id":269224,"date":"2025-07-24T00:10:15","date_gmt":"2025-07-24T00:10:15","guid":{"rendered":"https:\/\/www.europesays.com\/fr\/269224\/"},"modified":"2025-07-24T00:10:15","modified_gmt":"2025-07-24T00:10:15","slug":"moto-gp-la-maestria-incroyable-de-johann-zarco-en-allemagne","status":"publish","type":"post","link":"https:\/\/www.europesays.com\/fr\/269224\/","title":{"rendered":"Moto GP | La maestria incroyable de Johann Zarco en Allemagne"},"content":{"rendered":"<p><strong>Le Grand Prix d\u2019Allemagne de Moto GP ne nous r\u00e9servait aucune bonne surprise sur le papier. Mais c\u2019\u00e9tait bien mal conna\u00eetre la maestria de Johann Zarco.<\/strong><\/p>\n<p>Johann Zarco nous rappelle \u00e0 quel point l\u2019espoir est un fid\u00e8le alli\u00e9<\/p>\n<p><a href=\"https:\/\/fflose.com\/moto-gp-la-perf-inadmissible-de-johann-zarco-en-qualifs\/\" rel=\"nofollow noopener\" target=\"_blank\">Auteur d\u2019une s\u00e9ance de qualifications odieuse<\/a>, conclue \u00e0 la deuxi\u00e8me position, Johann Zarco repr\u00e9sentait la plus grande menace tricolore dans ce Grand Prix d\u2019Allemagne. Mais le d\u00e9part, le pilote Honda renouvelle son exploit de la veille. <a href=\"https:\/\/fflose.com\/moto-gp-le-depart-stratospherique-de-johann-zarco-sous-la-pluie\/\" rel=\"nofollow noopener\" target=\"_blank\">S\u2019il a perdu la bagatelle de huit places au d\u00e9part de la course sprint<\/a>, ce sont trois places de c\u00e9d\u00e9es cette fois-ci dans le seul premier tour. Solide.<\/p>\n<blockquote class=\"twitter-tweet\">\n<p dir=\"ltr\" lang=\"fr\">C\u2019EST PARTI POUR LE <a href=\"https:\/\/twitter.com\/hashtag\/GermanGP?src=hash&amp;ref_src=twsrc%5Etfw\" rel=\"nofollow noopener\" target=\"_blank\">#GermanGP<\/a> \ud83d\udca5\ud83c\udde9\ud83c\uddea<a href=\"https:\/\/twitter.com\/hashtag\/MotoGP?src=hash&amp;ref_src=twsrc%5Etfw\" rel=\"nofollow noopener\" target=\"_blank\">#MotoGP<\/a> <a href=\"https:\/\/t.co\/KzGHV1y3ey\" rel=\"nofollow\">pic.twitter.com\/KzGHV1y3ey<\/a><\/p>\n<p>\u2014 CANAL+ MotoGP\u2122 (@CanalplusMotoGP) <a href=\"https:\/\/twitter.com\/CanalplusMotoGP\/status\/1944367677327147106?ref_src=twsrc%5Etfw\" rel=\"nofollow noopener\" target=\"_blank\">July 13, 2025<\/a><\/p>\n<\/blockquote>\n<p>Les tours se suivent, et Marc Marquez fait toujours la course en t\u00eate. Mais ce sont bien les deux pilotes tricolores qui s\u2019illustrent. En effet, Johann Zarco et Fabio Quartararo doublent \u00e0 tour de r\u00f4le Jack Miller, et se retrouvent sixi\u00e8me et septi\u00e8me. Puis la chute de Fabio Di Giannantonio, alors second, leur fait gagner chacun une place suppl\u00e9mentaire. Mais pour Zarco, ce cadeau ne sera que de courte dur\u00e9e. En effet, dans le m\u00eame temps, le pilote Honda rend hommage \u00e0 Di Giannantonio en terminant dans le bac \u00e0 graviers du Sachsenring. Ou comment terminer un week-end de la mani\u00e8re la plus frustrante en ayant cr\u00e9\u00e9 un immense espoir avec sa deuxi\u00e8me place sur la grille. Cocorico.<\/p>\n<blockquote class=\"twitter-tweet\">\n<p dir=\"ltr\" lang=\"fr\">Di Giannantonio et Zarco \u00e0 la faute \ud83d\udca5<br \/>Encha\u00eenement de chutes dans le 18e tour !<a href=\"https:\/\/twitter.com\/hashtag\/GermanGP?src=hash&amp;ref_src=twsrc%5Etfw\" rel=\"nofollow noopener\" target=\"_blank\">#GermanGP<\/a> | <a href=\"https:\/\/twitter.com\/hashtag\/MotoGP?src=hash&amp;ref_src=twsrc%5Etfw\" rel=\"nofollow noopener\" target=\"_blank\">#MotoGP<\/a> <a href=\"https:\/\/t.co\/mn8ye7ABCq\" rel=\"nofollow\">pic.twitter.com\/mn8ye7ABCq<\/a><\/p>\n<p>\u2014 CANAL+ MotoGP\u2122 (@CanalplusMotoGP) <a href=\"https:\/\/twitter.com\/CanalplusMotoGP\/status\/1944373508508696954?ref_src=twsrc%5Etfw\" rel=\"nofollow noopener\" target=\"_blank\">July 13, 2025<\/a><\/p>\n<\/blockquote>\n<p>Ajoutez la chute de Marco Bezzecchi, et vous obtenez un Fabio Quartararo qui franchit la ligne d\u2019arriv\u00e9e \u00e0 la quatri\u00e8me position. Apr\u00e8s sa troisi\u00e8me place de la veille, on peut affirmer sans l\u2019ombre d\u2019un doute qu\u2019il s\u2019agit d\u2019un week-end \u00e0 oublier au plus vite pour\u00a0El Diablo.\u00a0Cette course restera sans aucun doute marqu\u00e9e par le nombre de chutes vertigineux, au nombre de sept, ce qui nous donne que dix pilotes \u00e0 l\u2019arriv\u00e9e. Le milliard pour la Moto GP.<\/p>\n<blockquote class=\"twitter-tweet\">\n<p dir=\"ltr\" lang=\"fr\">\u00c7a ne s\u2019arr\u00eate plus \ud83e\udd2f Ogura, Mir et Savadori chutent !<br \/>Seulement 10 pilotes sont encore en piste \ud83d\ude33<a href=\"https:\/\/twitter.com\/hashtag\/GermanGP?src=hash&amp;ref_src=twsrc%5Etfw\" rel=\"nofollow noopener\" target=\"_blank\">#GermanGP<\/a> | <a href=\"https:\/\/twitter.com\/hashtag\/MotoGP?src=hash&amp;ref_src=twsrc%5Etfw\" rel=\"nofollow noopener\" target=\"_blank\">#MotoGP<\/a> <a href=\"https:\/\/t.co\/QrCynav5cx\" rel=\"nofollow\">pic.twitter.com\/QrCynav5cx<\/a><\/p>\n<p>\u2014 CANAL+ MotoGP\u2122 (@CanalplusMotoGP) <a href=\"https:\/\/twitter.com\/CanalplusMotoGP\/status\/1944374943988240675?ref_src=twsrc%5Etfw\" rel=\"nofollow noopener\" target=\"_blank\">July 13, 2025<\/a><\/p>\n<\/blockquote>\n<p><script async src=\"https:\/\/platform.twitter.com\/widgets.js\" charset=\"utf-8\"><\/script><\/p>\n","protected":false},"excerpt":{"rendered":"Le Grand Prix d\u2019Allemagne de Moto GP ne nous r\u00e9servait aucune bonne surprise sur le papier. Mais c\u2019\u00e9tait&hellip;\n","protected":false},"author":2,"featured_media":269225,"comment_status":"","ping_status":"","sticky":false,"template":"","format":"standard","meta":{"footnotes":""},"categories":[1413],"tags":[1011,27,1457,1456,60],"class_list":{"0":"post-269224","1":"post","2":"type-post","3":"status-publish","4":"format-standard","5":"has-post-thumbnail","7":"category-moto","8":"tag-fr","9":"tag-france","10":"tag-moto","11":"tag-motocycle","12":"tag-sports"},"share_on_mastodon":{"url":"https:\/\/pubeurope.com\/@fr\/114905312506556575","error":""},"_links":{"self":[{"href":"https:\/\/www.europesays.com\/fr\/wp-json\/wp\/v2\/posts\/269224","targetHints":{"allow":["GET"]}}],"collection":[{"href":"https:\/\/www.europesays.com\/fr\/wp-json\/wp\/v2\/posts"}],"about":[{"href":"https:\/\/www.europesays.com\/fr\/wp-json\/wp\/v2\/types\/post"}],"author":[{"embeddable":true,"href":"https:\/\/www.europesays.com\/fr\/wp-json\/wp\/v2\/users\/2"}],"replies":[{"embeddable":true,"href":"https:\/\/www.europesays.com\/fr\/wp-json\/wp\/v2\/comments?post=269224"}],"version-history":[{"count":0,"href":"https:\/\/www.europesays.com\/fr\/wp-json\/wp\/v2\/posts\/269224\/revisions"}],"wp:featuredmedia":[{"embeddable":true,"href":"https:\/\/www.europesays.com\/fr\/wp-json\/wp\/v2\/media\/269225"}],"wp:attachment":[{"href":"https:\/\/www.europesays.com\/fr\/wp-json\/wp\/v2\/media?parent=269224"}],"wp:term":[{"taxonomy":"category","embeddable":true,"href":"https:\/\/www.europesays.com\/fr\/wp-json\/wp\/v2\/categories?post=269224"},{"taxonomy":"post_tag","embeddable":true,"href":"https:\/\/www.europesays.com\/fr\/wp-json\/wp\/v2\/tags?post=269224"}],"curies":[{"name":"wp","href":"https:\/\/api.w.org\/{rel}","templated":true}]}}