{"id":269228,"date":"2025-07-24T00:12:12","date_gmt":"2025-07-24T00:12:12","guid":{"rendered":"https:\/\/www.europesays.com\/fr\/269228\/"},"modified":"2025-07-24T00:12:12","modified_gmt":"2025-07-24T00:12:12","slug":"tdf-tour-de-france-florian-lipowitz-je-mattends-a-ce-que-vingegaard-et-visma","status":"publish","type":"post","link":"https:\/\/www.europesays.com\/fr\/269228\/","title":{"rendered":"TDF. Tour de France &#8211; Florian Lipowitz : \u00abJe m&rsquo;attends \u00e0 ce que Vingegaard et Visma&#8230;\u00bb"},"content":{"rendered":"<p>C&rsquo;\u00e9tait la derni\u00e8re occasion pour les sprinteurs de cette 112e \u00e9dition du<strong> <a href=\"https:\/\/www.cyclismactu.net\/..\/news-tdf-route-tour-de-france-jonathan-milan-17e-etape-sous-pluie-grosse-chute-89164.html\" target=\"_blank\" rel=\"nofollow noopener\">Tour de France<\/a><\/strong> de briller. Entre Boll\u00e8ne et Valence, sur une \u00e9tape de 160,4 km, c&rsquo;est le Maillot Vert, <strong><a href=\"https:\/\/www.cyclismactu.net\/..\/news-tdf-route-tour-de-france-jonathan-milan-je-dois-remercier-mes-equipiers-89170.html\" target=\"_blank\" rel=\"nofollow noopener\">Jonathan Milan<\/a><\/strong> (Lidl-Trek) qui a triomph\u00e9 dans la capitale de la Dr\u00f4me, venant \u00e0 bout de <strong>Jordi Meeus<\/strong> (Red Bull BORA-Hansgrohe) et du Danois <strong>Tobias Lund Andresen<\/strong> (PicNic PostNL). Contrairement aux grosses cuisses, ce fut une \u00e9tape un peu plus tranquille pour les leaders qui jouent le classement g\u00e9n\u00e9ral. C\u2019est le cas de <strong>Florian Lipowitz<\/strong> (Red Bull BORA-Hansgrohe), l\u2019actuel Maillot Blanc de ce <strong>Tour<\/strong>, qui reste confortablement sur le podium de la Grande Boucle, \u00e0 la veille d\u2019une 18e \u00e9tape qui sera sans aucun doute d\u00e9cisive pour le classement g\u00e9n\u00e9ral. L\u2019Allemand de 24 ans s\u2019est exprim\u00e9 au micro de l\u2019organisation et pense d\u00e9j\u00e0 \u00e0 l\u2019\u00e9tape reine entre Vif et Courchevel.<\/p>\n<p>\u00a0<\/p>\n<p><strong>\u00ab\u00a0Une journ\u00e9e tr\u00e8s mouvement\u00e9e&#8230;\u00a0\u00bb<\/strong><\/p>\n<p>Le 3e du classement g\u00e9n\u00e9ral a su \u00e9viter les pi\u00e8ges en direction de Valence. Une \u00e9tape rendue compliqu\u00e9e avec les conditions climatiques : \u00ab\u00a0\u00c7a a encore \u00e9t\u00e9 une journ\u00e9e tr\u00e8s mouvement\u00e9e. Je suis content que nous soyons tous rest\u00e9s debout dans l\u2019\u00e9quipe, et attrist\u00e9 d\u2019apprendre qu\u2019il y a eu autant de chutes. J\u2019esp\u00e8re qu\u2019il n\u2019y a pas de blessures graves. Les montagnes nous attendent maintenant. Les \u00e9tapes 18 et 19 seront tr\u00e8s dures. Je m\u2019attends \u00e0 ce que Jonas [Vingegaard] et Visma tentent quelque chose, et j\u2019essaierai d\u2019\u00eatre avec les meilleurs\u00a0\u00bb, conclut <strong>Florian Lipowitz<\/strong>, au micro de l\u2019organisation.<\/p>\n<p>\u00a0<\/p>\n<p>Tour de France &#8211; Classement de la 17\u00e8 \u00e9tape Tour de France &#8211; Classement g\u00e9n\u00e9ral provisoire apr\u00e8s la 17\u00e8 \u00e9tapeDANS LA M\u00caME CAT\u00c9GORIEA LA UNE<\/p>\n","protected":false},"excerpt":{"rendered":"C&rsquo;\u00e9tait la derni\u00e8re occasion pour les sprinteurs de cette 112e \u00e9dition du Tour de France de briller. Entre&hellip;\n","protected":false},"author":2,"featured_media":269229,"comment_status":"","ping_status":"","sticky":false,"template":"","format":"standard","meta":{"footnotes":""},"categories":[1411],"tags":[1154,207,211,1011,27,209,60,210,212,208,213],"class_list":{"0":"post-269228","1":"post","2":"type-post","3":"status-publish","4":"format-standard","5":"has-post-thumbnail","7":"category-cyclisme","8":"tag-cycling","9":"tag-cyclisme","10":"tag-ffc","11":"tag-fr","12":"tag-france","13":"tag-route","14":"tag-sports","15":"tag-tour-de-france","16":"tag-uci","17":"tag-velo","18":"tag-world-tour"},"share_on_mastodon":{"url":"https:\/\/pubeurope.com\/@fr\/114905320176275027","error":""},"_links":{"self":[{"href":"https:\/\/www.europesays.com\/fr\/wp-json\/wp\/v2\/posts\/269228","targetHints":{"allow":["GET"]}}],"collection":[{"href":"https:\/\/www.europesays.com\/fr\/wp-json\/wp\/v2\/posts"}],"about":[{"href":"https:\/\/www.europesays.com\/fr\/wp-json\/wp\/v2\/types\/post"}],"author":[{"embeddable":true,"href":"https:\/\/www.europesays.com\/fr\/wp-json\/wp\/v2\/users\/2"}],"replies":[{"embeddable":true,"href":"https:\/\/www.europesays.com\/fr\/wp-json\/wp\/v2\/comments?post=269228"}],"version-history":[{"count":0,"href":"https:\/\/www.europesays.com\/fr\/wp-json\/wp\/v2\/posts\/269228\/revisions"}],"wp:featuredmedia":[{"embeddable":true,"href":"https:\/\/www.europesays.com\/fr\/wp-json\/wp\/v2\/media\/269229"}],"wp:attachment":[{"href":"https:\/\/www.europesays.com\/fr\/wp-json\/wp\/v2\/media?parent=269228"}],"wp:term":[{"taxonomy":"category","embeddable":true,"href":"https:\/\/www.europesays.com\/fr\/wp-json\/wp\/v2\/categories?post=269228"},{"taxonomy":"post_tag","embeddable":true,"href":"https:\/\/www.europesays.com\/fr\/wp-json\/wp\/v2\/tags?post=269228"}],"curies":[{"name":"wp","href":"https:\/\/api.w.org\/{rel}","templated":true}]}}