{"id":269234,"date":"2025-07-24T00:15:17","date_gmt":"2025-07-24T00:15:17","guid":{"rendered":"https:\/\/www.europesays.com\/fr\/269234\/"},"modified":"2025-07-24T00:15:17","modified_gmt":"2025-07-24T00:15:17","slug":"la-geometrie-en-lignes-et-en-courbes-dune-maison-revue-par-un-architecte-pres-de-paris","status":"publish","type":"post","link":"https:\/\/www.europesays.com\/fr\/269234\/","title":{"rendered":"La g\u00e9om\u00e9trie en lignes et en courbes d\u2019une maison revue par un architecte pr\u00e8s de Paris"},"content":{"rendered":"<p>C&rsquo;est la maison \u00e0 Chambourcy d\u2019un couple de jeunes trentenaires dans laquelle le propri\u00e9taire a grandi. Cette maison des <a href=\"https:\/\/www.admagazine.fr\/article\/tout-lesprit-damalfi-en-foret-de-rambouillet\" target=\"_blank\" rel=\"noopener\">Yvelines<\/a> des ann\u00e9es 1980 n&rsquo;a pas de grande qualit\u00e9s esth\u00e9tiques d&rsquo;origine lorsque Tom Floquet s\u2019en voit confier la r\u00e9novation. \u00c0 l&rsquo;int\u00e9rieur, elle poss\u00e8de de tr\u00e8s grands volumes et une immense chemin\u00e9e classique en pierre tr\u00f4ne au centre de la pi\u00e8ce de vie, entre deux fen\u00eatres. \u00ab Nous avons r\u00e9fl\u00e9chi au projet \u00e0 travers les souvenirs de son ancien habitant afin de comprendre plus en profondeur les qualit\u00e9s de vie de la maison, confie l\u2019architecte. La plus importante est la lumi\u00e8re, qui entre par les baies et les fen\u00eatres dispos\u00e9es sur toutes les fa\u00e7ades et traverse toutes les pi\u00e8ces. Des ouvertures aux formes courbes qui vont inspirer les gestes architecturaux \u00e0 venir. \u00bb Cette <a href=\"https:\/\/www.admagazine.fr\/article\/natoo-youtubeuse-maison-boheme-paris\" target=\"_blank\" rel=\"noopener\">lumi\u00e8re<\/a> qui suit la courbe du soleil baigne des espaces de vie et de nuit extr\u00eamement vastes \u2013 la maison mesure 9 m\u00e8tres de large. Il s\u2019agit donc de r\u00e9pondre \u00e0 un surdimensionnement du plan tout en permettant \u00e0 la lumi\u00e8re de continuer \u00e0 baigner les espaces, mais aussi les d\u00e9cloisonner et de les s\u00e9quencer.<\/p>\n<p>Une chemin\u00e9e contemporaine \u00e0 l\u2019architecture sculpturale voit sa banquette volontairement surdimensionn\u00e9e afin de s&rsquo;y asseoir. Elle est un \u00e9l\u00e9ment structurant de la grande pi\u00e8ce de vie, distribuant les fonctions en rayon autour d\u2019elle dans des architectures courbes qui la dupliquent et lui r\u00e9pondent. Au premier plan, un ottoman Barcelona de Mies Van Der Rohe.<\/p>\n<p>Jean-Baptiste Thiriet<\/p>\n<p><strong>Un mobilier \u00e0 la fois module pivots<\/strong><\/p>\n<p>Le plan n\u2019est pas fondamentalement modifi\u00e9 : si la cuisine conserve son emplacement, elle est totalement ouverte. La <a href=\"https:\/\/www.admagazine.fr\/article\/plus-belles-cheminees-creent-tendance-hiver\" target=\"_blank\" rel=\"noopener\">chemin\u00e9e<\/a> de ch\u00e2teau qui s&rsquo;avance de fa\u00e7on imposante au centre du s\u00e9jour et le s\u00e9pare en deux n\u2019est pas conserv\u00e9e. Elle est remplac\u00e9e par une structure plus contemporaine, d\u00e9coll\u00e9e du trumeau afin d\u2019en all\u00e9ger l\u2019architecture, plus sculpturale, \u00e0 foyer ouvert sur trois c\u00f4t\u00e9s dans une esth\u00e9tique \u00e0 la Brancusi. Sa banquette est volontairement surdimensionn\u00e9e afin de s&rsquo;y asseoir et de stocker des b\u00fbches \u00e0 sa base. Elle est d\u00e9sormais un \u00e9l\u00e9ment structurant de la grande pi\u00e8ce de vie, distribuant les fonctions en rayon autour d\u2019elle dans des architectures courbes qui la dupliquent et lui r\u00e9pondent. Ainsi, en face, encadrant le canap\u00e9, un <a href=\"https:\/\/www.admagazine.fr\/article\/astuces-architectes-amenager-petit-bureau-ideal\" target=\"_blank\" rel=\"noopener\">espace bureau<\/a> en okoum\u00e9 teint\u00e9 occupe un angle de la pi\u00e8ce qui \u00e9tait d\u00e9laiss\u00e9. \u00ab Il donne de nouvelles lignes au s\u00e9jour tout en r\u00e9duisant ses dimensions trop en profondeur et cr\u00e9e un espace de t\u00e9l\u00e9travail, demande des propri\u00e9taires, explique Tom Floquet. Nous l\u2019avons envisag\u00e9 en d&rsquo;estrade avec un double emmarchement, ce qui offre un point de vue en l\u00e9ger surplomb sur le reste du salon dans un axe id\u00e9al pour une vue la plus agr\u00e9able possible lorsqu\u2019on y est install\u00e9. \u00bb \u00c0 la base de l\u2019estrade, une banquette accueille livres, objets ainsi que convives lors des soir\u00e9es, compl\u00e9tant le canap\u00e9 et les assises dispos\u00e9es dans ce coin salon.<\/p>\n","protected":false},"excerpt":{"rendered":"C&rsquo;est la maison \u00e0 Chambourcy d\u2019un couple de jeunes trentenaires dans laquelle le propri\u00e9taire a grandi. Cette maison&hellip;\n","protected":false},"author":2,"featured_media":269235,"comment_status":"","ping_status":"","sticky":false,"template":"","format":"standard","meta":{"footnotes":""},"categories":[1358],"tags":[1348,1384,1385,1386,58,59,1011,27,6997],"class_list":{"0":"post-269234","1":"post","2":"type-post","3":"status-publish","4":"format-standard","5":"has-post-thumbnail","7":"category-arts-et-design","8":"tag-arts","9":"tag-arts-and-design","10":"tag-arts-et-design","11":"tag-design","12":"tag-divertissement","13":"tag-entertainment","14":"tag-fr","15":"tag-france","16":"tag-maison-darchitecte"},"share_on_mastodon":{"url":"https:\/\/pubeurope.com\/@fr\/114905331969221722","error":""},"_links":{"self":[{"href":"https:\/\/www.europesays.com\/fr\/wp-json\/wp\/v2\/posts\/269234","targetHints":{"allow":["GET"]}}],"collection":[{"href":"https:\/\/www.europesays.com\/fr\/wp-json\/wp\/v2\/posts"}],"about":[{"href":"https:\/\/www.europesays.com\/fr\/wp-json\/wp\/v2\/types\/post"}],"author":[{"embeddable":true,"href":"https:\/\/www.europesays.com\/fr\/wp-json\/wp\/v2\/users\/2"}],"replies":[{"embeddable":true,"href":"https:\/\/www.europesays.com\/fr\/wp-json\/wp\/v2\/comments?post=269234"}],"version-history":[{"count":0,"href":"https:\/\/www.europesays.com\/fr\/wp-json\/wp\/v2\/posts\/269234\/revisions"}],"wp:featuredmedia":[{"embeddable":true,"href":"https:\/\/www.europesays.com\/fr\/wp-json\/wp\/v2\/media\/269235"}],"wp:attachment":[{"href":"https:\/\/www.europesays.com\/fr\/wp-json\/wp\/v2\/media?parent=269234"}],"wp:term":[{"taxonomy":"category","embeddable":true,"href":"https:\/\/www.europesays.com\/fr\/wp-json\/wp\/v2\/categories?post=269234"},{"taxonomy":"post_tag","embeddable":true,"href":"https:\/\/www.europesays.com\/fr\/wp-json\/wp\/v2\/tags?post=269234"}],"curies":[{"name":"wp","href":"https:\/\/api.w.org\/{rel}","templated":true}]}}