{"id":269238,"date":"2025-07-24T00:17:26","date_gmt":"2025-07-24T00:17:26","guid":{"rendered":"https:\/\/www.europesays.com\/fr\/269238\/"},"modified":"2025-07-24T00:17:26","modified_gmt":"2025-07-24T00:17:26","slug":"cette-grosse-difference-avec-les-livres-dans-la-saison-3","status":"publish","type":"post","link":"https:\/\/www.europesays.com\/fr\/269238\/","title":{"rendered":"Cette grosse diff\u00e9rence avec les livres dans la saison 3"},"content":{"rendered":"<p>Depuis le 16 juillet dernier, Prime Video diffuse la saison 3 de L&rsquo;\u00e9t\u00e9 o\u00f9 je suis devenue jolie. Saviez-vous que la s\u00e9rie contient une grosse diff\u00e9rence avec les livres \u00e9crits par Jenny Han ? Elle concerne le personnage de Steven (Sean Kaufman), le fr\u00e8re de Belly.<\/p>\n<p>L&rsquo;attente est enfin termin\u00e9e ! Le 16 juillet dernier, les deux premiers \u00e9pisodes de <a href=\"https:\/\/www.programme-tv.net\/news\/series-tv\/333941-lete-ou-je-suis-devenue-jolie-saison-3-casting-intrigues-les-premieres-infos-sur-la-suite-de-la-serie-prime-video\/\" data-api-deeplink=\"teleloisirs:\/\/news\/333941\" target=\"_blank\" rel=\"noopener\">la saison 3 de L&rsquo;\u00e9t\u00e9 o\u00f9 je suis devenue jolie <\/a>ont \u00e9t\u00e9 diffus\u00e9s sur Prime Video. Tous les mercredis,<a href=\"https:\/\/www.programme-tv.net\/news\/series-tv\/383427-l-ete-ou-je-suis-devenue-jolie-saison-3-quand-sortent-les-prochains-episodes-le-calendrier-de-diffusion\/\" data-api-deeplink=\"teleloisirs:\/\/news\/383427\" target=\"_blank\" rel=\"noopener\"> jusqu&rsquo;au 17 septembre<\/a>, un \u00e9pisode in\u00e9dit sera d\u00e9voil\u00e9 sur la plateforme. \u00c0 la fin de cette saison, les fans vont finalement d\u00e9couvrir <a href=\"https:\/\/www.programme-tv.net\/news\/series-tv\/382267-l-ete-ou-je-suis-devenue-jolie-conrad-ou-jeremiah-je-pense-deja-avoir-decouvert-la-fin-et-voici-pourquoi\/\" data-api-deeplink=\"teleloisirs:\/\/news\/382267\" target=\"_blank\" rel=\"noopener\">le choix de Belly entre Jeremiah et Conrad<\/a>. Une d\u00e9cision tr\u00e8s attendue par les lecteurs de la trilogie de Jenny Han qui se demandent si la s\u00e9rie va avoir une fin diff\u00e9rente de celle des livres. Des doutes qui amusent beaucoup la cr\u00e9atrice de la saga qui a pr\u00e9venu qu&rsquo;il y aurait du changement dans la s\u00e9rie. \u00ab\u00a0Il y aura des surprises\u00a0\u00bb, a-t-elle r\u00e9v\u00e9l\u00e9 \u00e0 Entertainment Weekly. Et en effet, il y a une grosse diff\u00e9rence avec les romans dans la saison 3 de L&rsquo;\u00e9t\u00e9 o\u00f9 je suis devenue jolie&#8230;<\/p>\n<p>                        L&rsquo;\u00e9t\u00e9 o\u00f9 je suis devenue jolie : cette \u00e9norme diff\u00e9rence entre les livres et la saison 3 de la s\u00e9rie<\/p>\n<p>Alors que dans la trilogie L&rsquo;\u00e9t\u00e9 o\u00f9 je suis devenue jolie, l&rsquo;intrigue se concentre uniquement sur le triangle amoureux entre Belly, Conrad et Jeremiah, une autre histoire d&rsquo;amour est au c\u0153ur de la s\u00e9rie : celle de Steven et Taylor. En effet, dans les livres de Jenny Han, la romance entre le fr\u00e8re et la meilleure amie de Belly n&rsquo;existe pas (\u00e0 part un flirt qui n&rsquo;a pas dur\u00e9). \u00c0 l&rsquo;origine, Steven n&rsquo;est pas un personnage r\u00e9current dans la saga et n&rsquo;appara\u00eet que pour son amiti\u00e9 avec Conrad ou quelques flash-back.  <b>L&rsquo;accident de voiture de Steven dans l&rsquo;\u00e9pisode 2 de la saison 3 n&rsquo;a donc jamais eu lieu.<\/b> Une s\u00e9quence qui est pourtant centrale dans la s\u00e9rie puisqu&rsquo;elle permet \u00e0 Belly de pardonner la tromperie de Jeremiah avant d&rsquo;accepter sa demande en mariage (sans bague, Jeremiah s\u00e9rieusement ?) mais aussi de renouer le lien avec Conrad.<\/p>\n<p>            L&rsquo;\u00e9t\u00e9 o\u00f9 je suis devenue jolie : ce personnage est la vraie star de la saison 3 !<\/p>\n<p>En plus d&rsquo;avoir un r\u00f4le plus important dans la s\u00e9rie que dans les livres, Steven (Sean Kaufman) a clairement vol\u00e9 la vedette \u00e0 Conrad et Jeremiah. Dans la saison 3 de L&rsquo;\u00e9t\u00e9 o\u00f9 je suis devenue jolie, <a href=\"https:\/\/www.programme-tv.net\/news\/series-tv\/383541-l-ete-ou-je-suis-devenue-jolie-saison-3-insupportable-en-2-episodes-ce-personnage-s-attire-deja-les-foudres-des-fans\/\" data-api-deeplink=\"teleloisirs:\/\/news\/383541\" target=\"_blank\" rel=\"noopener\">son personnage a conquis les t\u00e9l\u00e9spectateurs<\/a>. Sur les r\u00e9seaux sociaux, son fan-club a d&rsquo;ailleurs propos\u00e9 de renommer le show \u00ab\u00a0L&rsquo;\u00e9t\u00e9 o\u00f9 Steven est devenu joli\u00a0\u00bb apr\u00e8s la diffusion des deux premiers \u00e9pisodes. Peut-\u00eatre de quoi inspirer Jenny Han pour un spin-off&#8230; \u00c0 suivre !<\/p>\n","protected":false},"excerpt":{"rendered":"Depuis le 16 juillet dernier, Prime Video diffuse la saison 3 de L&rsquo;\u00e9t\u00e9 o\u00f9 je suis devenue jolie.&hellip;\n","protected":false},"author":2,"featured_media":269239,"comment_status":"","ping_status":"","sticky":false,"template":"","format":"standard","meta":{"footnotes":""},"categories":[1356],"tags":[4225,244,58,59,1011,27,4224,129,252,1364],"class_list":{"0":"post-269238","1":"post","2":"type-post","3":"status-publish","4":"format-standard","5":"has-post-thumbnail","7":"category-television","8":"tag-amazon-prime-vidu00e9o","9":"tag-commentaire","10":"tag-divertissement","11":"tag-entertainment","12":"tag-fr","13":"tag-france","14":"tag-pub-streaming-prime-video","15":"tag-svod","16":"tag-television","17":"tag-tv"},"share_on_mastodon":{"url":"https:\/\/pubeurope.com\/@fr\/114905339919302868","error":""},"_links":{"self":[{"href":"https:\/\/www.europesays.com\/fr\/wp-json\/wp\/v2\/posts\/269238","targetHints":{"allow":["GET"]}}],"collection":[{"href":"https:\/\/www.europesays.com\/fr\/wp-json\/wp\/v2\/posts"}],"about":[{"href":"https:\/\/www.europesays.com\/fr\/wp-json\/wp\/v2\/types\/post"}],"author":[{"embeddable":true,"href":"https:\/\/www.europesays.com\/fr\/wp-json\/wp\/v2\/users\/2"}],"replies":[{"embeddable":true,"href":"https:\/\/www.europesays.com\/fr\/wp-json\/wp\/v2\/comments?post=269238"}],"version-history":[{"count":0,"href":"https:\/\/www.europesays.com\/fr\/wp-json\/wp\/v2\/posts\/269238\/revisions"}],"wp:featuredmedia":[{"embeddable":true,"href":"https:\/\/www.europesays.com\/fr\/wp-json\/wp\/v2\/media\/269239"}],"wp:attachment":[{"href":"https:\/\/www.europesays.com\/fr\/wp-json\/wp\/v2\/media?parent=269238"}],"wp:term":[{"taxonomy":"category","embeddable":true,"href":"https:\/\/www.europesays.com\/fr\/wp-json\/wp\/v2\/categories?post=269238"},{"taxonomy":"post_tag","embeddable":true,"href":"https:\/\/www.europesays.com\/fr\/wp-json\/wp\/v2\/tags?post=269238"}],"curies":[{"name":"wp","href":"https:\/\/api.w.org\/{rel}","templated":true}]}}