{"id":269240,"date":"2025-07-24T00:18:09","date_gmt":"2025-07-24T00:18:09","guid":{"rendered":"https:\/\/www.europesays.com\/fr\/269240\/"},"modified":"2025-07-24T00:18:09","modified_gmt":"2025-07-24T00:18:09","slug":"hommage-dun-monument-americain-sur-lequel-il-avait-urine-en-1982","status":"publish","type":"post","link":"https:\/\/www.europesays.com\/fr\/269240\/","title":{"rendered":"hommage d&rsquo;un monument am\u00e9ricain sur lequel il avait urin\u00e9 en 1982"},"content":{"rendered":"<p>\u00ab\u00a0Nous sommes tristes d&rsquo;apprendre le d\u00e9c\u00e8s du l\u00e9gendaire musicien <a href=\"https:\/\/www.laprovence.com\/article\/culture-loisirs\/456658863784414\/mort-dozzy-osbourne-legende-du-heavy-metal-et-chanteur-de-black-sabbath\" target=\"_blank\" rel=\"noopener\">Ozzy Osbourne.<\/a> Sa relation avec l&rsquo;Alamo a \u00e9t\u00e9 marqu\u00e9e au d\u00e9part par un \u00e9v\u00e9nement profond\u00e9ment irrespectueux en 1982&Prime;, est-il \u00e9crit sur les r\u00e9seaux sociaux officiels du site.\u00a0<\/p>\n<p>Ozzy Osbourne arr\u00eat\u00e9\u00a0<\/p>\n<p>Cette ann\u00e9e-l\u00e0, Ozzy Osbourne, v\u00eatu d&rsquo;une robe emprunt\u00e9e \u00e0 sa femme qui avait cach\u00e9 ses v\u00eatements pour l&#8217;emp\u00eacher de sortir, choque les Am\u00e9ricains en urinant sur le c\u00e9notaphe comm\u00e9morant une bataille entre les Texans et les Mexicains, en 1836. La bataille fut perdue par les premiers, mais allait d\u00e9clencher une succession d&rsquo;\u00e9v\u00e9nements d\u00e9bouchant sur le rattachement du Texas aux \u00c9tats-Unis en 1845.<\/p>\n<p>La star du m\u00e9tal fut arr\u00eat\u00e9e et interdite de se produire dans la ville de San Antonio pendant des ann\u00e9es.\u00a0<\/p>\n<p>\u00ab\u00a0Cependant, la r\u00e9demption et la r\u00e9conciliation ont fini par faire partie de son histoire\u00a0\u00bb, selon la m\u00eame source.<\/p>\n<p>D&rsquo;apr\u00e8s le site,<a href=\"https:\/\/www.laprovence.com\/article\/france-monde\/25046716120056\/a-birmingham-les-fans-dozzy-osbourne-se-recueillent-en-memoire-dune-icone-de-la-ville\" target=\"_blank\" rel=\"noopener\"> Ozzy Osbourne<\/a> a d&rsquo;abord pr\u00e9sent\u00e9 ses excuses en 1992 au maire de l&rsquo;\u00e9poque. Puis, en 2015, il est revenu sur le site \u00ab\u00a0pour d\u00e9couvrir et appr\u00e9cier la profonde histoire de ce lieu, faisant preuve d&rsquo;humilit\u00e9 et de compr\u00e9hension\u00a0\u00bb.<\/p>\n<p>L\u00e9gende du heavy metal et leader charismatique du groupe Black Sabbath, le chanteur britannique, qui souffrait de la maladie de Parkinson, est mort \u00e0 l&rsquo;\u00e2ge de 76 ans mardi.<\/p>\n<p>Devenu star de la <a href=\"https:\/\/www.laprovence.com\/article\/faits-divers-justice\/1320650216173915\/un-ancien-candidat-de-telerealite-place-en-garde-a-vue-pour-proxenetisme-aggrave-en-bande-organisee\" target=\"_blank\" rel=\"noopener\">t\u00e9l\u00e9r\u00e9alit\u00e9 <\/a>avec son \u00e9mission \u00ab\u00a0The Osbournes\u00a0\u00bb dans les ann\u00e9es 2000, un des plus grands succ\u00e8s de MTV, Ozzy Osbourne \u00e9tait aussi connu pour ses exc\u00e8s d&rsquo;alcool et de drogues. Il avait marqu\u00e9 les m\u00e9moires en croquant la t\u00eate d&rsquo;une chauve-souris vivante en plein concert.<\/p>\n<p>\u00ab\u00a0Aujourd&rsquo;hui, nous reconnaissons le parcours de Ozzy Osbourne, du regret \u00e0 la r\u00e9conciliation sur ce site historique, et nous adressons nos condol\u00e9ances \u00e0 sa famille et \u00e0 ses fans du monde entier\u00a0\u00bb, ajoute le site.<\/p>\n","protected":false},"excerpt":{"rendered":"\u00ab\u00a0Nous sommes tristes d&rsquo;apprendre le d\u00e9c\u00e8s du l\u00e9gendaire musicien Ozzy Osbourne. Sa relation avec l&rsquo;Alamo a \u00e9t\u00e9 marqu\u00e9e&hellip;\n","protected":false},"author":2,"featured_media":269241,"comment_status":"","ping_status":"","sticky":false,"template":"","format":"standard","meta":{"footnotes":""},"categories":[1355],"tags":[17,8851,251,40845,58,59,1011,27,18389,18,1361,873,40846,3356,31489],"class_list":{"0":"post-269240","1":"post","2":"type-post","3":"status-publish","4":"format-standard","5":"has-post-thumbnail","7":"category-musique","8":"tag-17","9":"tag-avait","10":"tag-culture","11":"tag-dozzy","12":"tag-divertissement","13":"tag-entertainment","14":"tag-fr","15":"tag-france","16":"tag-monument","17":"tag-mort","18":"tag-music","19":"tag-musique","20":"tag-osbourne","21":"tag-sur","22":"tag-urine"},"share_on_mastodon":{"url":"https:\/\/pubeurope.com\/@fr\/114905343831590129","error":""},"_links":{"self":[{"href":"https:\/\/www.europesays.com\/fr\/wp-json\/wp\/v2\/posts\/269240","targetHints":{"allow":["GET"]}}],"collection":[{"href":"https:\/\/www.europesays.com\/fr\/wp-json\/wp\/v2\/posts"}],"about":[{"href":"https:\/\/www.europesays.com\/fr\/wp-json\/wp\/v2\/types\/post"}],"author":[{"embeddable":true,"href":"https:\/\/www.europesays.com\/fr\/wp-json\/wp\/v2\/users\/2"}],"replies":[{"embeddable":true,"href":"https:\/\/www.europesays.com\/fr\/wp-json\/wp\/v2\/comments?post=269240"}],"version-history":[{"count":0,"href":"https:\/\/www.europesays.com\/fr\/wp-json\/wp\/v2\/posts\/269240\/revisions"}],"wp:featuredmedia":[{"embeddable":true,"href":"https:\/\/www.europesays.com\/fr\/wp-json\/wp\/v2\/media\/269241"}],"wp:attachment":[{"href":"https:\/\/www.europesays.com\/fr\/wp-json\/wp\/v2\/media?parent=269240"}],"wp:term":[{"taxonomy":"category","embeddable":true,"href":"https:\/\/www.europesays.com\/fr\/wp-json\/wp\/v2\/categories?post=269240"},{"taxonomy":"post_tag","embeddable":true,"href":"https:\/\/www.europesays.com\/fr\/wp-json\/wp\/v2\/tags?post=269240"}],"curies":[{"name":"wp","href":"https:\/\/api.w.org\/{rel}","templated":true}]}}