{"id":269269,"date":"2025-07-24T00:40:22","date_gmt":"2025-07-24T00:40:22","guid":{"rendered":"https:\/\/www.europesays.com\/fr\/269269\/"},"modified":"2025-07-24T00:40:22","modified_gmt":"2025-07-24T00:40:22","slug":"en-ille-et-vilaine-5600-passionnes-se-regroupent-grace-a-facebook","status":"publish","type":"post","link":"https:\/\/www.europesays.com\/fr\/269269\/","title":{"rendered":"en Ille-et-Vilaine, 5600 passionn\u00e9s se regroupent gr\u00e2ce \u00e0 Facebook"},"content":{"rendered":"<p>            Par<br \/>\n        <strong><br \/>\n            <a href=\"https:\/\/actu.fr\/auteur\/merlin-restouxpinglot\" title=\"Consulter tous les articles de Merlin Restoux-Pinglot\" target=\"_blank\" rel=\"noopener\">Merlin Restoux-Pinglot<\/a><br \/>\n        <\/strong><\/p>\n<p>        Publi\u00e9 le<\/p>\n<p>            23 juil. 2025 \u00e0 17h13        <\/p>\n<p>\u00ab\u00a0Et encore, il n\u2019y a pas tout ici\u00a0\u00bb, plaisante <b>Jean-Fran\u00e7ois Le Penven<\/b>. Pourtant, dans son garage, pas moins de huit mobylettes sont recouvertes d\u2019un drap pour assurer leur protection.<\/p>\n<p class=\" wall-content\">L\u2019habitant de <b><a href=\"https:\/\/actu.fr\/bretagne\/saint-hilaire-des-landes_35280\" target=\"_blank\" rel=\"noopener\">Saint-Hilaire-des-Landes<\/a> (Ille-et-Vilaine)<\/b> n\u2019est pas concessionnaire mais passionn\u00e9 des deux-roues \u00e0 moteur depuis ses <b>14 ans<\/b>. Aujourd\u2019hui, il les collectionne et les<b> <\/b>r\u00e9pare, pratique quand on est d\u00e9panneur m\u00e9canicien.\u00a0<\/p>\n<p class=\" wall-content\">\u00c0 l\u2019\u00e9poque, Jean-Fran\u00e7ois roule sur une <b>Peugeot 103 RCX<\/b>. Le bolide rouge et noir tr\u00f4ne toujours dans son rep\u00e8re : <b>\u00ab\u00a0C\u2019est tr\u00e8s recherch\u00e9\u00a0\u00bb<\/b>, s\u2019enthousiasme l\u2019Hilairien. Et ce n\u2019est pas le groupe Facebook <b>Breizh mobeurs 35 <\/b>qui devrait att\u00e9nuer la popularit\u00e9 croissante des mobs.\u00a0<\/p>\n<p>\u00ab\u00a0Se rappeler sa jeunesse\u00a0\u00bb<\/p>\n<p class=\" wall-content\">Il y a trois ans, Jean-Fran\u00e7ois Le Penven et son voisin <b>Samuel Lesage<\/b> lancent cette initiative <b>Facebook <\/b>pour rassembler les amateurs de mobylettes du secteur. Tandis que le premier enfourche la sienne pour un <b>tour<\/b> de quelques kilom\u00e8tres chaque soir, le second ne roulait plus depuis des ann\u00e9es. Samuel ressort alors sa b\u00e9cane pour accompagner son copain dans le projet.\u00a0<\/p>\n<p class=\" wall-content\">\u00ab\u00a0\u00c0 l\u2019origine, on ne voulait pas \u00eatre beaucoup\u00a0\u00bb, se rem\u00e9morent-ils. Cinquante personnes participent \u00e0 la premi\u00e8re vir\u00e9e de Breizh mobeurs 35 organis\u00e9e au <b>Vivier-sur-Mer (Ille-et-Vilaine)<\/b> en 2022.<\/p>\n<p class=\" wall-content\">Au fil des ann\u00e9es, le nombre de membres du groupe explose : ils sont maintenant plus de<b> 5600 <\/b>\u00ab\u00a0Breizh mobeurs\u00a0\u00bb. Si bien que le groupe a d\u00fb passer en <b>priv\u00e9<\/b> sur Facebook pour limiter les entrants.<\/p>\n<p>Breizh mobeurs 35 en balade samedi 26 juillet<\/p>\n<p>La grande balade annuelle du groupe Facebook Breizh mobeurs 35 aura lieu le samedi 26 juillet au d\u00e9part de la place de l&rsquo;\u00c9glise de Saint-Hilaire-des-Landes, \u00e0 9h30. L&rsquo;itin\u00e9raire est dessin\u00e9 par Samuel Lesage. Il d\u00e9taille le programme de l&rsquo;\u00e9dition 2025 : \u00ab\u00a0Le matin, on roulera une trentaine de kilom\u00e8tres sur les petites routes et on s&rsquo;arr\u00eatera boire un verre au bar de Romagn\u00e9. L&rsquo;apr\u00e8s-midi, on fera un peu moins de bornes\u00a0\u00bb. Le pique-nique du midi se d\u00e9roulera sur le terrain de Jean-Fran\u00e7ois Le Penven. Pour cl\u00f4turer la journ\u00e9e de mani\u00e8re festive, les deux organisateurs ont pr\u00e9vu d&#8217;emmener le convoi \u00e0 la guinguette de St-Hilaire situ\u00e9e au ch\u00e2teau de la Haye.\u00a0<br \/>&#13;<br \/>\n\u00c7a ne sera pas comme la grande f\u00eate de la mobylette \u00e0 Chinon avec 800 personnes et des concerts\u00a0pr\u00e9vient Jean-Fran\u00e7ois. Mais samedi 26 juillet, tout de m\u00eame 80 mobylettes, au minimum, partiront en vir\u00e9e. Le nombre pourrait grimper \u00e0 plus de 100. \u00ab\u00a0\u00c7a va faire du bruit\u00a0\u00bb, sourit d\u00e9j\u00e0 Samuel.\u00a0<\/p>\n<p class=\" wall-content\">Samuel dresse le profil des membres : \u00ab\u00a0On est tous des <b>nostalgiques<\/b> de 40 ou 50 ans qui ressortons nos meules pour se rappeler notre <b>jeunesse\u00a0\u00bb.<\/b> \u00ab\u00a0Il y a aussi de plus en plus de femmes et de <b>jeunes<\/b> qui reprennent la mobylette\u00a0\u00bb, encha\u00eene Jean Fran\u00e7ois.<\/p>\n<p class=\" wall-content\">Les deux comp\u00e8res Hilairiens en sont l\u2019exemple parfait : \u00ab\u00a0Mon fils de 15 ans, Melvyn, a une b\u00e9cane\u00a0\u00bb, lance fi\u00e8rement Samuel. Et si le temps n\u2019avait pas tourn\u00e9 \u00e0 l\u2019orage ce soir-l\u00e0, sa femme aurait d\u00fb tester la nouvelle<b> acquisition<\/b> de la famille afin de rejoindre, elle aussi, l\u2019\u00e9quipe de passionn\u00e9s.<\/p>\n<p class=\" wall-content\">Chez Jean-Fran\u00e7ois, tout le monde est d\u00e9j\u00e0 converti. Son fils lui a m\u00eame offert une mob enti\u00e8rement refaite. <b>\u00ab\u00a0Je ne la vendrai pour rien au monde\u00a0\u00bb<\/b>, glisse, avec un sourire, le fondateur du groupe.\u00a0<\/p>\n<p>\u00ab\u00a0Breizh mobeurs 35, c\u2019est de l\u2019entraide\u00a0\u00bb<\/p>\n<p class=\" wall-content\">Les <b>fronti\u00e8res<\/b> de Breizh mobeurs 35 ne s\u2019arr\u00eatent plus au pays de Foug\u00e8res. Quand Jean-Fran\u00e7ois part en balade aux quatre coins de la <b>France<\/b>, il rencontre d\u2019autres f\u00e9rus de deux-roues pr\u00eats \u00e0 rejoindre le groupe.<\/p>\n<p class=\" wall-content\">De Cherbourg, de Nantes ou de<b> Suisse<\/b>, on ne compte pas les kilom\u00e8tres pour se greffer \u00e0 la grande balade<b> annuelle<\/b> organis\u00e9e par Jean-Fran\u00e7ois et Samuel. Des sorties \u00ab\u00a0\u00e0 <b>35 km\/h<\/b> maximum pour se faire plaisir et discuter\u00a0\u00bb.<\/p>\n<p class=\" wall-content\">Un moment qui permet aussi de d\u00e9couvrir de nombreuses mobylettes <b>diff\u00e9rentes<\/b> pour Samuel : \u00ab\u00a0Tu peux en avoir dix du m\u00eame mod\u00e8le mais elles ne vont pas avoir la m\u00eame couleur, pas les m\u00eames gentes\u00a0\u00bb.<\/p>\n<p class=\" wall-content\">Hormis les balades, Breizh mobeurs 35 est<b> actif <\/b>toute l\u2019ann\u00e9e sur Facebook. \u00ab\u00a0Ce groupe, c\u2019est de l\u2019entraide. S\u2019il y a quelqu\u2019un en panne, un autre membre du groupe sera toujours l\u00e0 pour le <b>conseiller<\/b> ou <b>\u00e9changer<\/b> des pi\u00e8ces\u00a0\u00bb, expliquent les deux Hilairiens.<\/p>\n<p class=\" wall-content\">Il permet \u00e9galement de partager avec fiert\u00e9 les <b>r\u00e9parations<\/b> ou les peintures faites sur son joujou. \u00ab\u00a0\u00c7a fait vivre la <b>mobylette<\/b>\u00ab\u00a0,\u00a0r\u00e9sume Jean Fran\u00e7ois.\u00a0<\/p>\n<p>Contact\u00e9 par la s\u00e9rie Anaon<\/p>\n<p class=\" wall-content\">Symbole de son succ\u00e8s, le groupe Facebook Breizh mobeurs 35 a m\u00eame \u00e9t\u00e9 contact\u00e9 par la production de la mini-s\u00e9rie <b>Anaon<\/b> sortie le 4 avril 2025 sur Prime Video et France T\u00e9l\u00e9visions.<\/p>\n<p class=\" wall-content\">Jean-Fran\u00e7ois et ses amis ont donc vu appara\u00eetre leurs b\u00e9canes dans les six<b> \u00e9pisodes<\/b> tourn\u00e9s en Bretagne. La s\u00e9rie<b> fantastique<\/b> qui revisite les l\u00e9gendes bretonnes a plut\u00f4t \u00e9t\u00e9 <b>\u00ab\u00a0bien appr\u00e9ci\u00e9e\u00a0\u00bb<\/b> par les deux passionn\u00e9s.\u00a0<\/p>\n<p class=\" wall-content\">Suivez toute l\u2019actualit\u00e9 de vos villes et m\u00e9dias favoris en vous inscrivant \u00e0 <a href=\"https:\/\/moncompte.actu.fr\" title=\"D\u00e9couvez Mon Actu\" rel=\"nofollow noopener\" data-trk=\"{&quot;cta&quot;:{&quot;action&quot;:&quot;https:\\\/\\\/moncompte.actu.fr&quot;,&quot;category&quot;:&quot;mon compte&quot;,&quot;from&quot;:&quot;article footer&quot;,&quot;name&quot;:&quot;Mon actu&quot;,&quot;type&quot;:&quot;cta&quot;}}\" target=\"_blank\">Mon Actu<\/a>.<\/p>\n","protected":false},"excerpt":{"rendered":"Par Merlin Restoux-Pinglot Publi\u00e9 le 23 juil. 2025 \u00e0 17h13 \u00ab\u00a0Et encore, il n\u2019y a pas tout ici\u00a0\u00bb,&hellip;\n","protected":false},"author":2,"featured_media":269270,"comment_status":"","ping_status":"","sticky":false,"template":"","format":"standard","meta":{"footnotes":""},"categories":[2821],"tags":[1111,11,7552,829,3542,1777,674,1011,27,1757,12,584,25,104],"class_list":{"0":"post-269269","1":"post","2":"type-post","3":"status-publish","4":"format-standard","5":"has-post-thumbnail","7":"category-rennes","8":"tag-actu","9":"tag-actualites","10":"tag-balade","11":"tag-bretagne","12":"tag-circulation","13":"tag-eu","14":"tag-europe","15":"tag-fr","16":"tag-france","17":"tag-insolite","18":"tag-news","19":"tag-rennes","20":"tag-republique-francaise","21":"tag-societe"},"share_on_mastodon":{"url":"https:\/\/pubeurope.com\/@fr\/114905430310843220","error":""},"_links":{"self":[{"href":"https:\/\/www.europesays.com\/fr\/wp-json\/wp\/v2\/posts\/269269","targetHints":{"allow":["GET"]}}],"collection":[{"href":"https:\/\/www.europesays.com\/fr\/wp-json\/wp\/v2\/posts"}],"about":[{"href":"https:\/\/www.europesays.com\/fr\/wp-json\/wp\/v2\/types\/post"}],"author":[{"embeddable":true,"href":"https:\/\/www.europesays.com\/fr\/wp-json\/wp\/v2\/users\/2"}],"replies":[{"embeddable":true,"href":"https:\/\/www.europesays.com\/fr\/wp-json\/wp\/v2\/comments?post=269269"}],"version-history":[{"count":0,"href":"https:\/\/www.europesays.com\/fr\/wp-json\/wp\/v2\/posts\/269269\/revisions"}],"wp:featuredmedia":[{"embeddable":true,"href":"https:\/\/www.europesays.com\/fr\/wp-json\/wp\/v2\/media\/269270"}],"wp:attachment":[{"href":"https:\/\/www.europesays.com\/fr\/wp-json\/wp\/v2\/media?parent=269269"}],"wp:term":[{"taxonomy":"category","embeddable":true,"href":"https:\/\/www.europesays.com\/fr\/wp-json\/wp\/v2\/categories?post=269269"},{"taxonomy":"post_tag","embeddable":true,"href":"https:\/\/www.europesays.com\/fr\/wp-json\/wp\/v2\/tags?post=269269"}],"curies":[{"name":"wp","href":"https:\/\/api.w.org\/{rel}","templated":true}]}}