{"id":269273,"date":"2025-07-24T00:42:17","date_gmt":"2025-07-24T00:42:17","guid":{"rendered":"https:\/\/www.europesays.com\/fr\/269273\/"},"modified":"2025-07-24T00:42:17","modified_gmt":"2025-07-24T00:42:17","slug":"on-fait-quoi-ce-week-end-grande-braderie-ete-des-dragons-illuminations-nos-idees-de-sorties-a-strasbourg","status":"publish","type":"post","link":"https:\/\/www.europesays.com\/fr\/269273\/","title":{"rendered":"On fait quoi ce week-end. Grande braderie, \u00c9t\u00e9 des dragons, illuminations&#8230; nos id\u00e9es de sorties \u00e0 Strasbourg"},"content":{"rendered":"<p class=\"insetTitle\">L&rsquo;id\u00e9e cin\u00e9 du week-end : \u00ab\u00a0Souviens-toi l&rsquo;\u00e9t\u00e9 dernier\u00a0\u00bb<\/p>\n<p>Y a-t-il encore une place sur nos \u00e9crans pour les vieux slashers pop et fun des ann\u00e9es 1990 ? Question d\u00e9licate, pos\u00e9e avec acuit\u00e9 par le grand retour de la saga Souviens-toi l&rsquo;\u00e9t\u00e9 dernier sur une proposition mi-remake mi-suite cette fois formul\u00e9e par Jennifer Kaytin Robinson. Un nom pas forc\u00e9ment sorti du chapeau par hasard : le pr\u00e9c\u00e9dent long-m\u00e9trage de l&rsquo;Am\u00e9ricaine, Si tu me venges, invoquait d\u00e9j\u00e0 les fant\u00f4mes d&rsquo;un classique des salles obscures, le fascinant polar L&rsquo;inconnu du Nord Express d&rsquo;Alfred Hitchcock, pour Netflix. <\/p>\n<p>Le verdict ? Les choix op\u00e9r\u00e9s par la r\u00e9alisatrice, certes plus coutumi\u00e8re des romances et des com\u00e9dies, sont les bons. Reprenant respectueusement le canevas du film de 1997, pour m\u00e9moire port\u00e9 \u00e0 l&rsquo;\u00e9cran par Jim Gillespie sur un sc\u00e9nario de l&rsquo;excellent Kevin Williamson (Scream), le \u00ab\u00a0Souviens-toi&#8230;\u00a0\u00bb nouvelle formule fait intelligemment l&rsquo;impasse sur le troisi\u00e8me volet pour revenir aux fondamentaux de la saga, tueur, cir\u00e9 de p\u00eache, crochet meurtrier et crimes d\u00e9licieusement alambiqu\u00e9s dans les d\u00e9cors classiques de la petite ville c\u00f4ti\u00e8re de Southport. Les ann\u00e9es 2020 en prime : les moeurs ont \u00e9volu\u00e9, le tourisme est venu tout d\u00e9naturer et les jeunesses dor\u00e9es ont pris une petite claque avec les ann\u00e9es. <\/p>\n<p>La critique sociale, soci\u00e9tale, est \u00e0 peine voil\u00e9e. Rollercoaster f\u00fbt\u00e9, le film se double au passage d&rsquo;un vrai second degr\u00e9 et d&rsquo;une lecture meta qui devrait enchanter les aficionados, en citant les r\u00e8gles du genre pour toujours mieux les d\u00e9tourner. Il n&rsquo;est pas dit ici, ainsi, que l&rsquo;abstinence sauve ou, \u00e8re meetoo oblige, que les jolies demoiselles \u00e9cervel\u00e9es (vraiment ?) seront les premi\u00e8res sacrifi\u00e9es. Ce quatri\u00e8me opus, qui fait revenir avec bonheur Freddie Prinze Jr et Jennifer Love Hewitt, s&rsquo;amuse \u00e9galement \u00e0 relever les impairs historiques de la franchise, \u00e0 l&rsquo;image de la disparition pr\u00e9matur\u00e9e de la star Sarah Michelle Gellar (Buffy contre les vampires) d\u00e8s le premier volet. Une boulette que les producteurs n&rsquo;ont semble-t-il toujours pas dig\u00e9r\u00e9e, et la source de quelques sourires salvateurs qui seront les gages d&rsquo;un bon moment cin\u00e9, sans prise de t\u00eate, au coeur de l&rsquo;\u00e9t\u00e9&#8230;<\/p>\n<p class=\"note\">Au Vox, au Cin\u00e9-cit\u00e9 et au Path\u00e9 Brumath. D\u00e9conseill\u00e9 aux moins de 12 ans.<\/p>\n<p class=\"insetSignature\">Nicolas Blanchard<\/p>\n","protected":false},"excerpt":{"rendered":"L&rsquo;id\u00e9e cin\u00e9 du week-end : \u00ab\u00a0Souviens-toi l&rsquo;\u00e9t\u00e9 dernier\u00a0\u00bb Y a-t-il encore une place sur nos \u00e9crans pour les&hellip;\n","protected":false},"author":2,"featured_media":269274,"comment_status":"","ping_status":"","sticky":false,"template":"","format":"standard","meta":{"footnotes":""},"categories":[2820],"tags":[1111,11,5738,11679,4406,1687,2880,27337,1777,674,107,1011,27,775,873,12,25,3140,640,2879,3365],"class_list":{"0":"post-269273","1":"post","2":"type-post","3":"status-publish","4":"format-standard","5":"has-post-thumbnail","7":"category-strasbourg","8":"tag-actu","9":"tag-actualites","10":"tag-bourses","11":"tag-brocantes","12":"tag-commerce-et-services","13":"tag-culture-loisirs","14":"tag-edition-strasbourg","15":"tag-estivales","16":"tag-eu","17":"tag-europe","18":"tag-fil-info","19":"tag-fr","20":"tag-france","21":"tag-grand-est","22":"tag-musique","23":"tag-news","24":"tag-republique-francaise","25":"tag-spectacle","26":"tag-strasbourg","27":"tag-strasbourg-ville","28":"tag-vide-greniers"},"share_on_mastodon":{"url":"https:\/\/pubeurope.com\/@fr\/114905438297699776","error":""},"_links":{"self":[{"href":"https:\/\/www.europesays.com\/fr\/wp-json\/wp\/v2\/posts\/269273","targetHints":{"allow":["GET"]}}],"collection":[{"href":"https:\/\/www.europesays.com\/fr\/wp-json\/wp\/v2\/posts"}],"about":[{"href":"https:\/\/www.europesays.com\/fr\/wp-json\/wp\/v2\/types\/post"}],"author":[{"embeddable":true,"href":"https:\/\/www.europesays.com\/fr\/wp-json\/wp\/v2\/users\/2"}],"replies":[{"embeddable":true,"href":"https:\/\/www.europesays.com\/fr\/wp-json\/wp\/v2\/comments?post=269273"}],"version-history":[{"count":0,"href":"https:\/\/www.europesays.com\/fr\/wp-json\/wp\/v2\/posts\/269273\/revisions"}],"wp:featuredmedia":[{"embeddable":true,"href":"https:\/\/www.europesays.com\/fr\/wp-json\/wp\/v2\/media\/269274"}],"wp:attachment":[{"href":"https:\/\/www.europesays.com\/fr\/wp-json\/wp\/v2\/media?parent=269273"}],"wp:term":[{"taxonomy":"category","embeddable":true,"href":"https:\/\/www.europesays.com\/fr\/wp-json\/wp\/v2\/categories?post=269273"},{"taxonomy":"post_tag","embeddable":true,"href":"https:\/\/www.europesays.com\/fr\/wp-json\/wp\/v2\/tags?post=269273"}],"curies":[{"name":"wp","href":"https:\/\/api.w.org\/{rel}","templated":true}]}}