{"id":269276,"date":"2025-07-24T00:44:20","date_gmt":"2025-07-24T00:44:20","guid":{"rendered":"https:\/\/www.europesays.com\/fr\/269276\/"},"modified":"2025-07-24T00:44:20","modified_gmt":"2025-07-24T00:44:20","slug":"socooc-a-ouvert-un-nouveau-magasin-a-villeneuve-loubet","status":"publish","type":"post","link":"https:\/\/www.europesays.com\/fr\/269276\/","title":{"rendered":"SoCoo\u2019c a ouvert un nouveau magasin \u00e0 Villeneuve-Loubet"},"content":{"rendered":"<p>                    <img loading=\"lazy\" decoding=\"async\" src=\"https:\/\/www.europesays.com\/fr\/wp-content\/uploads\/2025\/07\/495d00ca322fc17943dfdbdd590bf8.jpg\" class=\"img-responsive post-image\" width=\"680\" height=\"510\" alt=\"SoCoo'c a ouvert un (\u2026)\" title=\"SoCoo'c a ouvert un nouveau magasin \u00e0 Villeneuve-Loubet\"\/><\/p>\n<p class=\"chapo\">L\u2019enseigne de cuisines sur-mesure poursuit son expansion dans les Alpes-Maritimes avec une nouvelle implantation sur l\u2019axe commercial de Villeneuve-Loubet.<\/p>\n<p>Le r\u00e9seau SoCoo\u2019c a ouvert le 21 juillet un nouveau point de vente \u00e0 Villeneuve-Loubet, renfor\u00e7ant ainsi sa pr\u00e9sence dans la r\u00e9gion Provence-Alpes-C\u00f4te d\u2019Azur, qui compte d\u00e9sormais 17 magasins de l\u2019enseigne. Cette ouverture porte \u00e0 plus de 200 le nombre total de magasins SoCoo\u2019c en France.<\/p>\n<p>Ce nouveau magasin de 210 m\u00b2, situ\u00e9 en ZAC en bordure de la nationale 7, \u00e0 proximit\u00e9 imm\u00e9diate d\u2019enseignes comme un opticien, une salle de sport ou encore des restaurants, pr\u00e9sente 10 mod\u00e8les de cuisines en exposition. Il a \u00e9t\u00e9 fond\u00e9 par <strong>R\u00e9mi, <\/strong> d\u00e9j\u00e0 franchis\u00e9 \u00e0 Bastia depuis 2020, et son associ\u00e9e <strong>Marine,<\/strong> ex-manageuse du magasin corse.<br class=\"texte\"\/><br \/>\nL\u2019ouverture \u00e0 Villeneuve-Loubet s\u2019inscrit dans une strat\u00e9gie de d\u00e9veloppement logistique r\u00e9gionale, avec un back office partag\u00e9 entre les deux points de vente. Pour Marine, install\u00e9e sur place, ce projet marque une \u00e9tape suppl\u00e9mentaire dans son parcours, quatre ans apr\u00e8s avoir rejoint l\u2019enseigne comme vendeuse.<br class=\"autobr\"\/><br \/>\nDeux \u2019Kitcheners\u2019 ont \u00e9t\u00e9 recrut\u00e9s pour accompagner les clients dans la conception de leurs cuisines.<\/p>\n<p>De Bastia \u00e0 Villeneuve-Loubet<\/p>\n<p>\t\t<img loading=\"lazy\" decoding=\"async\" src=\"https:\/\/www.europesays.com\/fr\/wp-content\/uploads\/2025\/07\/1-112.png\" width=\"325\" height=\"325\" alt=\"\"\/><\/p>\n<p>R\u00e9mi et marine &#8211; \u00a9SoCoo\u2019c\n<\/p>\n<p>L\u2019histoire commence en 2020, lorsque R\u00e9mi ouvre son premier magasin SoCoo\u2019c \u00e0 Bastia avec sa femme Andr\u00e9a. Fort du succ\u00e8s de cette premi\u00e8re franchise, ils souhaitaient poursuivre l\u2019aventure avec une nouvelle adresse. Les opportunit\u00e9s \u00e9tant forc\u00e9ment plus contraintes<br class=\"autobr\"\/><br \/>\nsur une \u00eele, ils se sont int\u00e9ress\u00e9s \u00e0 une zone dynamique \u00e0 proximit\u00e9 ce qui leur permet d\u2019organiser un back office et une logistique centralis\u00e9e pour les deux points de vente. \u201cNous avions un r\u00e9el int\u00e9r\u00eat pour la C\u00f4te d\u2019Azur et l\u2019activit\u00e9 autour de Villeneuve-Loubet. Cette zone est particuli\u00e8rement<br class=\"autobr\"\/><br \/>\nattractive, avec une densit\u00e9 de population int\u00e9ressante pour notre activit\u00e9. Cela signifie aussi travailler en plus grande proximit\u00e9 d\u2019autres magasins SoCoo\u2019c, ce qui nous permettra de profiter pleinement de la force du r\u00e9seau.\u201d, explique R\u00e9mi.<br class=\"autobr\"\/><br \/>\nCe nouveau projet a \u00e9t\u00e9 initi\u00e9 en d\u00e9cembre 2024 suite \u00e0 des discussions avec le d\u00e9veloppeur du r\u00e9seau, puis le projet s\u2019est concr\u00e9tis\u00e9 rapidement, raconte R\u00e9mi\u00a0: \u201cQuand j\u2019ai souhait\u00e9 d\u00e9velopper mon activit\u00e9, j\u2019ai tout de suite su que je voulais continuer avec SoCoo\u2019c. Je me retrouve dans les valeurs de la marque autour de la transparence, de la confiance et de l\u2019accompagnement client. Ce sont aussi sur ces bases que s\u2019est construit notre partenariat avec SoCoo\u2019c.\u201d<\/p>\n<p>Cr\u00e9\u00e9e en 2007, SoCoo\u2019c propose des cuisines accessibles, fabriqu\u00e9es en Haute-Savoie, et entend devenir l\u2019enseigne la plus recommand\u00e9e de son secteur. L\u2019enseigne, qui revendique un taux de satisfaction client \u00e9lev\u00e9 dans ses magasins, mise ici aussi sur une relation de proximit\u00e9, une fabrication fran\u00e7aise certifi\u00e9e et un parcours d\u2019achat transparent et personnalis\u00e9.<\/p>\n<p>Visuel de Une \u00a9SoCoo\u2019c<\/p>\n","protected":false},"excerpt":{"rendered":"L\u2019enseigne de cuisines sur-mesure poursuit son expansion dans les Alpes-Maritimes avec une nouvelle implantation sur l\u2019axe commercial de&hellip;\n","protected":false},"author":2,"featured_media":269277,"comment_status":"","ping_status":"","sticky":false,"template":"","format":"standard","meta":{"footnotes":""},"categories":[2819],"tags":[1111,11,2408,1777,674,1011,27,12,2401,882,25],"class_list":{"0":"post-269276","1":"post","2":"type-post","3":"status-publish","4":"format-standard","5":"has-post-thumbnail","7":"category-nice","8":"tag-actu","9":"tag-actualites","10":"tag-appels-d","11":"tag-eu","12":"tag-europe","13":"tag-fr","14":"tag-france","15":"tag-news","16":"tag-nice","17":"tag-provence-alpes-cote-dazur","18":"tag-republique-francaise"},"share_on_mastodon":{"url":"https:\/\/pubeurope.com\/@fr\/114905446251603976","error":""},"_links":{"self":[{"href":"https:\/\/www.europesays.com\/fr\/wp-json\/wp\/v2\/posts\/269276","targetHints":{"allow":["GET"]}}],"collection":[{"href":"https:\/\/www.europesays.com\/fr\/wp-json\/wp\/v2\/posts"}],"about":[{"href":"https:\/\/www.europesays.com\/fr\/wp-json\/wp\/v2\/types\/post"}],"author":[{"embeddable":true,"href":"https:\/\/www.europesays.com\/fr\/wp-json\/wp\/v2\/users\/2"}],"replies":[{"embeddable":true,"href":"https:\/\/www.europesays.com\/fr\/wp-json\/wp\/v2\/comments?post=269276"}],"version-history":[{"count":0,"href":"https:\/\/www.europesays.com\/fr\/wp-json\/wp\/v2\/posts\/269276\/revisions"}],"wp:featuredmedia":[{"embeddable":true,"href":"https:\/\/www.europesays.com\/fr\/wp-json\/wp\/v2\/media\/269277"}],"wp:attachment":[{"href":"https:\/\/www.europesays.com\/fr\/wp-json\/wp\/v2\/media?parent=269276"}],"wp:term":[{"taxonomy":"category","embeddable":true,"href":"https:\/\/www.europesays.com\/fr\/wp-json\/wp\/v2\/categories?post=269276"},{"taxonomy":"post_tag","embeddable":true,"href":"https:\/\/www.europesays.com\/fr\/wp-json\/wp\/v2\/tags?post=269276"}],"curies":[{"name":"wp","href":"https:\/\/api.w.org\/{rel}","templated":true}]}}