{"id":269300,"date":"2025-07-24T01:00:12","date_gmt":"2025-07-24T01:00:12","guid":{"rendered":"https:\/\/www.europesays.com\/fr\/269300\/"},"modified":"2025-07-24T01:00:12","modified_gmt":"2025-07-24T01:00:12","slug":"le-paris-fc-enrole-un-defenseur-du-fc-porto-et-signe-un-nouveau-bon-coup","status":"publish","type":"post","link":"https:\/\/www.europesays.com\/fr\/269300\/","title":{"rendered":"le Paris FC enr\u00f4le un d\u00e9fenseur du FC Porto et signe un nouveau bon coup"},"content":{"rendered":"<p>Le club promu en Ligue 1 a annonc\u00e9 ce mercredi l\u2019arriv\u00e9e du d\u00e9fenseur central Ot\u00e1vio Ata\u00edde da Silva.<\/p>\n<p class=\"fig-paragraph\">Le\u00a0<a href=\"http:\/\/www.lefigaro.fr\/sports\/football\/ligue-1\/mercato-budget-staff-quelles-ambitions-pour-le-paris-fc-version-famille-arnault-en-ligue-1-20250504\" data-fig-type=\"Article\" data-gtm-custom-categorie=\"navigation\" data-gtm-custom-action=\"crossclick\" data-gtm-custom-label=\"Contextuel\" data-gtm-event=\"customEventSPE\" data-fig-domain=\"LEFIGARO\" target=\"_blank\" rel=\"noopener\">Paris FC<\/a>\u00a0a sign\u00e9 un bon coup sur le march\u00e9 des transferts. Ce mercredi, le club promu en Ligue 1 pour la premi\u00e8re fois de son histoire a annonc\u00e9 l\u2019arriv\u00e9e du d\u00e9fenseur central du FC Porto Ot\u00e1vio Ata\u00edde da Silva. Depuis janvier 2024, le Br\u00e9silien, n\u00e9 \u00e0 S\u00e3o Paulo, a disput\u00e9 45 matches avec le club portugais.<\/p>\n<p class=\"fig-paragraph\">\u00abNous sommes ravis d\u2019accueillir Otavio. C\u2019est un profil de d\u00e9fenseur que nous n\u2019avions pas et il a un potentiel tr\u00e8s important avec des qualit\u00e9s tr\u00e8s fortes. A nous de bien l\u2019int\u00e9grer pour que cela se passe au mieux\u00bb, s\u2019est f\u00e9licit\u00e9\u00a0<a href=\"http:\/\/www.lefigaro.fr\/sports\/football\/paris-fc-juergen-klopp-parc-des-princes-ambition-et-humilite-les-verites-du-president-pierre-ferracci-20250329\" data-fig-type=\"NewsFlash\" data-gtm-custom-categorie=\"navigation\" data-gtm-custom-action=\"crossclick\" data-gtm-custom-label=\"Contextuel\" data-gtm-event=\"customEventSPE\" data-fig-domain=\"LEFIGARO\" target=\"_blank\" rel=\"noopener\">Fran\u00e7ois Ferracci<\/a>, le directeur sportif du Paris FC.<\/p>\n<p>                                    <a class=\"fig-a11y-skip a11y-hidden\" href=\"#fig-a11y-skip-main-inarticle\"><br \/>\n        Passer la publicit\u00e9<br \/>\n    <\/a><\/p>\n<p class=\"fig-paragraph\">Pour rappel, le club d\u00e9sormais d\u00e9tenu par la\u00a0<a href=\"http:\/\/www.lefigaro.fr\/sports\/football\/ligue-2-course-pour-la-ligue-1-galaxie-red-bull-famille-arnault-quand-l-engouement-gagne-le-paris-fc-20250331\" data-fig-type=\"Article\" data-gtm-custom-categorie=\"navigation\" data-gtm-custom-action=\"crossclick\" data-gtm-custom-label=\"Contextuel\" data-gtm-event=\"customEventSPE\" data-fig-domain=\"LEFIGARO\" target=\"_blank\" rel=\"noopener\">famille Arnault<\/a>\u00a0a d\u00e9j\u00e0 engag\u00e9 le Nantais\u00a0<a href=\"http:\/\/www.lefigaro.fr\/sports\/football\/transferts\/mercato-le-paris-fc-tient-sa-premiere-tete-d-affiche-avec-moses-simon-20250625\" data-fig-type=\"NewsFlash\" data-gtm-custom-categorie=\"navigation\" data-gtm-custom-action=\"crossclick\" data-gtm-custom-label=\"Contextuel\" data-gtm-event=\"customEventSPE\" data-fig-domain=\"LEFIGARO\" target=\"_blank\" rel=\"noopener\">Moses Simon<\/a>\u00a0et ferraille toujours pour attirer le milieu de Lille Benjamin Andr\u00e9.<\/p>\n","protected":false},"excerpt":{"rendered":"Le club promu en Ligue 1 a annonc\u00e9 ce mercredi l\u2019arriv\u00e9e du d\u00e9fenseur central Ot\u00e1vio Ata\u00edde da Silva.&hellip;\n","protected":false},"author":2,"featured_media":269301,"comment_status":"","ping_status":"","sticky":false,"template":"","format":"standard","meta":{"footnotes":""},"categories":[1888],"tags":[1111,1928,11,1927,18011,1777,674,1011,27,1434,12,1926,626,445,1925,25],"class_list":{"0":"post-269300","1":"post","2":"type-post","3":"status-publish","4":"format-standard","5":"has-post-thumbnail","7":"category-paris","8":"tag-actu","9":"tag-actu-paris","10":"tag-actualites","11":"tag-actualites-paris","12":"tag-antoine-arnault","13":"tag-eu","14":"tag-europe","15":"tag-fr","16":"tag-france","17":"tag-mercato","18":"tag-news","19":"tag-news-paris","20":"tag-paris","21":"tag-paris-fc","22":"tag-paris-news","23":"tag-republique-francaise"},"share_on_mastodon":{"url":"https:\/\/pubeurope.com\/@fr\/114905509002177013","error":""},"_links":{"self":[{"href":"https:\/\/www.europesays.com\/fr\/wp-json\/wp\/v2\/posts\/269300","targetHints":{"allow":["GET"]}}],"collection":[{"href":"https:\/\/www.europesays.com\/fr\/wp-json\/wp\/v2\/posts"}],"about":[{"href":"https:\/\/www.europesays.com\/fr\/wp-json\/wp\/v2\/types\/post"}],"author":[{"embeddable":true,"href":"https:\/\/www.europesays.com\/fr\/wp-json\/wp\/v2\/users\/2"}],"replies":[{"embeddable":true,"href":"https:\/\/www.europesays.com\/fr\/wp-json\/wp\/v2\/comments?post=269300"}],"version-history":[{"count":0,"href":"https:\/\/www.europesays.com\/fr\/wp-json\/wp\/v2\/posts\/269300\/revisions"}],"wp:featuredmedia":[{"embeddable":true,"href":"https:\/\/www.europesays.com\/fr\/wp-json\/wp\/v2\/media\/269301"}],"wp:attachment":[{"href":"https:\/\/www.europesays.com\/fr\/wp-json\/wp\/v2\/media?parent=269300"}],"wp:term":[{"taxonomy":"category","embeddable":true,"href":"https:\/\/www.europesays.com\/fr\/wp-json\/wp\/v2\/categories?post=269300"},{"taxonomy":"post_tag","embeddable":true,"href":"https:\/\/www.europesays.com\/fr\/wp-json\/wp\/v2\/tags?post=269300"}],"curies":[{"name":"wp","href":"https:\/\/api.w.org\/{rel}","templated":true}]}}