{"id":269311,"date":"2025-07-24T01:05:10","date_gmt":"2025-07-24T01:05:10","guid":{"rendered":"https:\/\/www.europesays.com\/fr\/269311\/"},"modified":"2025-07-24T01:05:10","modified_gmt":"2025-07-24T01:05:10","slug":"le-departement-detat-approuve-un-projet-de-vente-darmes-a-lukraine","status":"publish","type":"post","link":"https:\/\/www.europesays.com\/fr\/269311\/","title":{"rendered":"Le D\u00e9partement d&rsquo;\u00c9tat approuve un projet de vente d&rsquo;armes \u00e0 l&rsquo;Ukraine"},"content":{"rendered":"<p>Le D\u00e9partement d\u2019\u00c9tat am\u00e9ricain a annonc\u00e9 mercredi avoir approuv\u00e9 un projet de vente d\u2019armes \u00e0 l\u2019Ukraine d\u2019un montant de 322\u00a0millions\u00a0$\u00a0US afin de renforcer ses capacit\u00e9s de d\u00e9fense a\u00e9rienne et de lui fournir des v\u00e9hicules de combat blind\u00e9s, alors que le pays s\u2019efforce de repousser l\u2019escalade des attaques russes.<\/p>\n<p>Ces ventes potentielles, qui ont \u00e9t\u00e9 notifi\u00e9es au Congr\u00e8s, selon le D\u00e9partement, comprennent 150\u00a0millions\u00a0$\u00a0US pour la fourniture, l\u2019entretien, la r\u00e9paration et la r\u00e9vision de v\u00e9hicules blind\u00e9s am\u00e9ricains, et 172\u00a0millions\u00a0$\u00a0US pour des syst\u00e8mes de missiles sol-air.<\/p>\n<p>Ces approbations interviennent quelques semaines apr\u00e8s que le secr\u00e9taire \u00e0 la D\u00e9fense, Pete Hegseth, a ordonn\u00e9 une suspension des autres livraisons d\u2019armes \u00e0 l\u2019Ukraine afin de permettre au Pentagone d\u2019\u00e9valuer ses stocks d\u2019armes, une d\u00e9cision qui a pris la Maison-Blanche par surprise. <\/p>\n<p>Le pr\u00e9sident Donald Trump a ensuite brusquement chang\u00e9 de position, s\u2019engageant publiquement au d\u00e9but du mois \u00e0 poursuivre les livraisons d\u2019armes \u00e0 l\u2019Ukraine.<\/p>\n<p>\u00abNous devons le faire, a mentionn\u00e9 le locataire de la Maison-Blanche. Ils doivent \u00eatre capables de se d\u00e9fendre. Ils sont actuellement tr\u00e8s durement touch\u00e9s. Nous allons envoyer davantage d\u2019armes, principalement des armes d\u00e9fensives.\u00bb<\/p>\n<p>Donald Trump a r\u00e9cemment approuv\u00e9 un plan visant \u00e0 ce que ses alli\u00e9s europ\u00e9ens ach\u00e8tent du mat\u00e9riel militaire am\u00e9ricain, qui pourrait ensuite \u00eatre transf\u00e9r\u00e9 \u00e0 l\u2019Ukraine. Le lien entre ces derni\u00e8res ventes propos\u00e9es et cet accord n\u2019\u00e9tait pas imm\u00e9diatement clair.<\/p>\n<p>Depuis le lancement par la Russie de son invasion \u00e0 grande \u00e9chelle de l\u2019Ukraine en f\u00e9vrier\u00a02022, les \u00c9tats-Unis ont fourni plus de 67\u00a0milliards\u00a0$\u00a0US d\u2019armement et d\u2019aide \u00e0 la s\u00e9curit\u00e9 \u00e0 Kyiv.<\/p>\n<p>Depuis son retour au pouvoir, Donald Trump a h\u00e9sit\u00e9 \u00e0 fournir une aide militaire accrue \u00e0 l\u2019Ukraine, sous la pression politique des isolationnistes au sein de son administration et au Capitole pour mettre fin au financement am\u00e9ricain de guerres \u00e9trang\u00e8res.<\/p>\n<p>Tout au long de la guerre, les \u00c9tats-Unis ont r\u00e9guli\u00e8rement fait pression sur leurs alli\u00e9s pour qu\u2019ils fournissent des syst\u00e8mes de d\u00e9fense a\u00e9rienne \u00e0 l\u2019Ukraine. Mais nombreux sont ceux qui h\u00e9sitent \u00e0 abandonner ces syst\u00e8mes de haute technologie, notamment les pays d\u2019Europe de l\u2019Est qui se sentent \u00e9galement menac\u00e9s par la Russie.<\/p>\n","protected":false},"excerpt":{"rendered":"Le D\u00e9partement d\u2019\u00c9tat am\u00e9ricain a annonc\u00e9 mercredi avoir approuv\u00e9 un projet de vente d\u2019armes \u00e0 l\u2019Ukraine d\u2019un montant&hellip;\n","protected":false},"author":2,"featured_media":269312,"comment_status":"","ping_status":"","sticky":false,"template":"","format":"standard","meta":{"footnotes":""},"categories":[1590],"tags":[11,1777,674,11621,1854,4576,12,220],"class_list":{"0":"post-269311","1":"post","2":"type-post","3":"status-publish","4":"format-standard","5":"has-post-thumbnail","7":"category-ukraine","8":"tag-actualites","9":"tag-eu","10":"tag-europe","11":"tag-https-lactualite-com-sujet-defense","12":"tag-https-lactualite-com-sujet-international","13":"tag-https-lactualite-com-sujet-politique","14":"tag-news","15":"tag-ukraine"},"share_on_mastodon":{"url":"https:\/\/pubeurope.com\/@fr\/114905528615055761","error":""},"_links":{"self":[{"href":"https:\/\/www.europesays.com\/fr\/wp-json\/wp\/v2\/posts\/269311","targetHints":{"allow":["GET"]}}],"collection":[{"href":"https:\/\/www.europesays.com\/fr\/wp-json\/wp\/v2\/posts"}],"about":[{"href":"https:\/\/www.europesays.com\/fr\/wp-json\/wp\/v2\/types\/post"}],"author":[{"embeddable":true,"href":"https:\/\/www.europesays.com\/fr\/wp-json\/wp\/v2\/users\/2"}],"replies":[{"embeddable":true,"href":"https:\/\/www.europesays.com\/fr\/wp-json\/wp\/v2\/comments?post=269311"}],"version-history":[{"count":0,"href":"https:\/\/www.europesays.com\/fr\/wp-json\/wp\/v2\/posts\/269311\/revisions"}],"wp:featuredmedia":[{"embeddable":true,"href":"https:\/\/www.europesays.com\/fr\/wp-json\/wp\/v2\/media\/269312"}],"wp:attachment":[{"href":"https:\/\/www.europesays.com\/fr\/wp-json\/wp\/v2\/media?parent=269311"}],"wp:term":[{"taxonomy":"category","embeddable":true,"href":"https:\/\/www.europesays.com\/fr\/wp-json\/wp\/v2\/categories?post=269311"},{"taxonomy":"post_tag","embeddable":true,"href":"https:\/\/www.europesays.com\/fr\/wp-json\/wp\/v2\/tags?post=269311"}],"curies":[{"name":"wp","href":"https:\/\/api.w.org\/{rel}","templated":true}]}}