{"id":269313,"date":"2025-07-24T01:06:13","date_gmt":"2025-07-24T01:06:13","guid":{"rendered":"https:\/\/www.europesays.com\/fr\/269313\/"},"modified":"2025-07-24T01:06:13","modified_gmt":"2025-07-24T01:06:13","slug":"les-usa-se-retirent-de-lunesco-pour-la-3eme-fois","status":"publish","type":"post","link":"https:\/\/www.europesays.com\/fr\/269313\/","title":{"rendered":"Les USA se retirent de l&rsquo;Unesco pour la 3\u00e8me fois"},"content":{"rendered":"<p>Les \u00c9tats-Unis ont annonc\u00e9 mardi leur retrait de l\u2019Unesco, avec effet au 31 d\u00e9cembre 2026, \u00e9voquant notamment l\u2019admission de la Palestine comme membre et des d\u00e9saccords avec la ligne diplomatique de l&rsquo;administration Trump \u00ab\u00a0America First\u00a0\u00bb. \u00ab\u00a0Aujourd\u2019hui, les \u00c9tats-Unis ont inform\u00e9 la directrice g\u00e9n\u00e9rale Audrey Azoulay de leur d\u00e9cision de se retirer de l\u2019Unesco\u00a0\u00bb, a d\u00e9clar\u00e9 la porte-parole du d\u00e9partement d\u2019\u00c9tat, Tammy Bruce, dans un communiqu\u00e9. Elle a affirm\u00e9 que la poursuite de la participation am\u00e9ricaine \u00e0 l\u2019agence onusienne \u00ab\u00a0ne sert pas les int\u00e9r\u00eats nationaux\u00a0\u00bb de Washington. Azoulay a dit \u00ab\u00a0regretter profond\u00e9ment\u00a0\u00bb la d\u00e9cision du pr\u00e9sident am\u00e9ricain de retirer une nouvelle fois les Etats-Unis de l&rsquo;Unesco. \u00ab\u00a0Si regrettable qu&rsquo;elle soit, cette annonce \u00e9tait attendue et l&rsquo;Unesco s&rsquo;y est pr\u00e9par\u00e9e\u00a0\u00bb, a-t-elle d\u00e9clar\u00e9 dans un communiqu\u00e9. Durant son premier mandat Trump avait d\u00e9j\u00e0 retir\u00e9 les Etats-Unis de cette organisation.<\/p>\n","protected":false},"excerpt":{"rendered":"Les \u00c9tats-Unis ont annonc\u00e9 mardi leur retrait de l\u2019Unesco, avec effet au 31 d\u00e9cembre 2026, \u00e9voquant notamment l\u2019admission&hellip;\n","protected":false},"author":2,"featured_media":269314,"comment_status":"","ping_status":"","sticky":false,"template":"","format":"standard","meta":{"footnotes":""},"categories":[1589],"tags":[11,5024,5025,5026,258,5028,1659,5029,5027,251,33,2518,73,1866,1283,1757,1393,985,12,316,104,517,5030,1864,1865,1863,308],"class_list":{"0":"post-269313","1":"post","2":"type-post","3":"status-publish","4":"format-standard","5":"has-post-thumbnail","7":"category-etats-unis","8":"tag-actualites","9":"tag-actualites-et-infos-au-maroc","10":"tag-actualites-et-infos-mondiale","11":"tag-actualites-marocaines-du-jour","12":"tag-alimentation","13":"tag-analyses","14":"tag-art-de-vivre","15":"tag-chronique","16":"tag-consommation-et-bien-etre","17":"tag-culture","18":"tag-economie","19":"tag-edito","20":"tag-etats-unis","21":"tag-etats-unis-damerique","22":"tag-etudes","23":"tag-insolite","24":"tag-loisirs","25":"tag-mode","26":"tag-news","27":"tag-politique","28":"tag-societe","29":"tag-sport","30":"tag-tribune","31":"tag-united-states","32":"tag-united-states-of-america","33":"tag-us","34":"tag-usa"},"share_on_mastodon":{"url":"https:\/\/pubeurope.com\/@fr\/114905532555170860","error":""},"_links":{"self":[{"href":"https:\/\/www.europesays.com\/fr\/wp-json\/wp\/v2\/posts\/269313","targetHints":{"allow":["GET"]}}],"collection":[{"href":"https:\/\/www.europesays.com\/fr\/wp-json\/wp\/v2\/posts"}],"about":[{"href":"https:\/\/www.europesays.com\/fr\/wp-json\/wp\/v2\/types\/post"}],"author":[{"embeddable":true,"href":"https:\/\/www.europesays.com\/fr\/wp-json\/wp\/v2\/users\/2"}],"replies":[{"embeddable":true,"href":"https:\/\/www.europesays.com\/fr\/wp-json\/wp\/v2\/comments?post=269313"}],"version-history":[{"count":0,"href":"https:\/\/www.europesays.com\/fr\/wp-json\/wp\/v2\/posts\/269313\/revisions"}],"wp:featuredmedia":[{"embeddable":true,"href":"https:\/\/www.europesays.com\/fr\/wp-json\/wp\/v2\/media\/269314"}],"wp:attachment":[{"href":"https:\/\/www.europesays.com\/fr\/wp-json\/wp\/v2\/media?parent=269313"}],"wp:term":[{"taxonomy":"category","embeddable":true,"href":"https:\/\/www.europesays.com\/fr\/wp-json\/wp\/v2\/categories?post=269313"},{"taxonomy":"post_tag","embeddable":true,"href":"https:\/\/www.europesays.com\/fr\/wp-json\/wp\/v2\/tags?post=269313"}],"curies":[{"name":"wp","href":"https:\/\/api.w.org\/{rel}","templated":true}]}}