{"id":269320,"date":"2025-07-24T01:10:12","date_gmt":"2025-07-24T01:10:12","guid":{"rendered":"https:\/\/www.europesays.com\/fr\/269320\/"},"modified":"2025-07-24T01:10:12","modified_gmt":"2025-07-24T01:10:12","slug":"vers-un-accord-commercial-ue-usa-avec-droits-de-douane-de-15-sources-23-07-2025-a-2344","status":"publish","type":"post","link":"https:\/\/www.europesays.com\/fr\/269320\/","title":{"rendered":"Vers un accord commercial UE-USA avec droits de douane de 15% &#8211; sources &#8211; 23\/07\/2025 \u00e0 23:44"},"content":{"rendered":"<p>        <img fetchpriority=\"high\" decoding=\"async\" src=\"https:\/\/www.europesays.com\/fr\/wp-content\/uploads\/2025\/07\/188c98db898d05cf6ff2aabbf015ccef-760x508.jpg\" alt=\"Vers un accord commercial UE-USA avec droits de douane de 15% - sources\" loading=\"eager\" width=\"760\" height=\"508\" style=\"max-width: 100%!important; height: auto;\"\/><\/p>\n<p class=\"c-image-news__legend\">Vers un accord commercial UE-USA avec droits de douane de 15% &#8211; sources<\/p>\n<p>\n par Philip Blenkinsop\n<\/p>\n<p>\n L&rsquo;Union europ\u00e9enne et les Etats-Unis s&rsquo;orientent vers un accord commercial qui pr\u00e9voirait des droits de douane de base de 15% sur les produits europ\u00e9ens import\u00e9s sur le territoire am\u00e9ricain, ont d\u00e9clar\u00e9 mercredi deux sources diplomatiques europ\u00e9ennes, ce qui permettrait au bloc communautaire d&rsquo;\u00e9viter des taxes douani\u00e8res am\u00e9ricaines de 30% \u00e0 compter du 1er ao\u00fbt.\n<\/p>\n<p>\n Ce taux de taxation de 15%, qui pourrait \u00e9galement concerner le secteur automobile, serait ainsi similaire \u00e0 celui pr\u00e9vu dans l&rsquo;accord-cadre entre les Etats-Unis et le Japon, annonc\u00e9 mardi soir par le pr\u00e9sident am\u00e9ricain Donald Trump, lequel a op\u00e9r\u00e9 depuis son retour au pouvoir en janvier dernier une refonte de la politique commerciale de Washington.\n<\/p>\n<p>\n Des responsables de la Commission europ\u00e9enne, en charge de mener les n\u00e9gociations commerciales avec les Etats-Unis au nom des Vingt-Sept, ont rendu compte aux \u00e9missaires europ\u00e9ens des avanc\u00e9es des discussions avec leurs homologues am\u00e9ricains. Le dernier mot sur un accord appartient toutefois \u00e0 Donald Trump.\n<\/p>\n<p>\n Selon les sources, les grandes lignes du potentiel accord commercial \u00e9tablissent que le taux de 15% pourrait s&rsquo;appliquer \u00e9galement aux secteurs automobile et pharmaceutique, pour lesquels il remplacerait les droits de douane am\u00e9ricains avec un taux m\u00e9dian de moins de 5% jusque-l\u00e0 en vigueur.\n<\/p>\n<p>\n Il est possible que des concessions soient obtenues par Bruxelles pour plusieurs industries, comme l&rsquo;a\u00e9ronautique, le bois d&rsquo;oeuvre, ou encore certains produits agricoles, qui seraient exempt\u00e9s de droits de douane, ont dit les diplomates.\n<\/p>\n<p>\n Toutefois, rien n&rsquo;indique pour l&rsquo;heure que Washington soit dispos\u00e9 \u00e0 revoir \u00e0 la baisse les taxes douani\u00e8res de 50% impos\u00e9es sur toutes les importations d&rsquo;acier aux Etats-Unis.\n<\/p>\n<p>\n Interrog\u00e9e sur l&rsquo;avanc\u00e9e des n\u00e9gociations avec l&rsquo;UE, une porte-parole de la Maison blanche a d\u00e9clar\u00e9 que tout discussion \u00e9voquant un accord commercial devait \u00eatre consid\u00e9r\u00e9e comme de la \u00ab\u00a0sp\u00e9culation\u00a0\u00bb en l&rsquo;absence d&rsquo;annonce de Donald Trump.\n<\/p>\n<p>\n Le conseiller commercial de la pr\u00e9sidence am\u00e9ricaine, Peter Navarro, a d\u00e9clar\u00e9 plus t\u00f4t \u00e0 Bloomberg que les derni\u00e8res informations devaient \u00eatre prises \u00ab\u00a0avec des pincettes\u00a0\u00bb.\n<\/p>\n<p>\n En d\u00e9placement mercredi soir \u00e0 Berlin pour s&rsquo;entretenir avec le chancelier allemand Friedrich Merz d&rsquo;un \u00e9ventail de sujets, Emmanuel Macron a fait \u00e9tat d'\u00a0\u00bb\u00e9changes permanents\u00a0\u00bb au sein de l&rsquo;UE pour \u00ab\u00a0impulser, coordonner notre r\u00e9ponse \u00e0 l&rsquo;offensive tarifaire qui a \u00e9t\u00e9 lanc\u00e9e\u00a0\u00bb par les Etats-Unis.\n<\/p>\n<p>\n \u00ab\u00a0La volont\u00e9 que nous partageons, c&rsquo;est de donner de la stabilit\u00e9 et d&rsquo;avoir les tarifs les plus bas possible\u00a0\u00bb, a dit le pr\u00e9sident fran\u00e7ais devant les journalistes, disant souhaiter une \u00ab\u00a0finalisation la plus rapide et la meilleure possible\u00a0\u00bb.\n<\/p>\n<p>\n VERS DES MESURES DE R\u00c9TORSION APPROUV\u00c9ES COMME PLAN B\n<\/p>\n<p>\n Plus t\u00f4t dans la journ\u00e9e, la Commission europ\u00e9enne a fait savoir que sa priorit\u00e9 \u00e9tait de parvenir \u00e0 un accord avec l&rsquo;administration Trump afin d&rsquo;\u00e9viter l&rsquo;instauration d&rsquo;un seuil plancher de 30% de droits de douane sur tous les produits europ\u00e9ens \u00e0 compter du 1er ao\u00fbt, date butoir fix\u00e9e par le pr\u00e9sident am\u00e9ricain.\n<\/p>\n<p>\n En parall\u00e8le, ont rapport\u00e9 les sources, la Commission pr\u00e9voit de soumettre jeudi au vote des Vingt-Sept un ensemble de mesures commerciales de r\u00e9torsion, \u00e0 hauteur de 93 milliards d&rsquo;euros, qui viseraient les produits am\u00e9ricains en cas d&rsquo;absence d&rsquo;accord. Ces mesures entreraient en vigueur apr\u00e8s le 7 ao\u00fbt.\n<\/p>\n<p>\n Un repr\u00e9sentant du gouvernement allemand a d\u00e9clar\u00e9 que Berlin soutenait les pr\u00e9paratifs en ce sens de Bruxelles.\n<\/p>\n<p>\n Les pays membres de l&rsquo;UE sont en grande majorit\u00e9 favorables \u00e0 l&rsquo;imposition de mesures dites d'\u00a0\u00bbanti-coercition\u00a0\u00bb contre les Etats-Unis si aucun accord n&rsquo;\u00e9tait trouv\u00e9 et que Washington venait \u00e0 pr\u00e9lever des droits de douane de 30% sur les produits europ\u00e9ens, ont dit les sources diplomatiques. Le secteur am\u00e9ricain des services serait notamment cibl\u00e9.\n<\/p>\n<p>\n L&rsquo;accord entre les Etats-Unis et le Japon est le plus important annonc\u00e9 par Washington depuis que Donald Trump a d\u00e9voil\u00e9 en avril des vastes taxes dites \u00ab\u00a0r\u00e9ciproques\u00a0\u00bb contre des dizaines de partenaires commerciaux &#8211; des droits de douane pour la plupart suspendus dans la foul\u00e9e, pour permettre la tenue de n\u00e9gociations bilat\u00e9rales.\n<\/p>\n<p>\n \u00c9l\u00e9ment notable de cet accord: Tokyo a obtenu que le taux de base de 15% soit appliqu\u00e9 \u00e9galement au secteur automobile japonais, contre des droits de douane am\u00e9ricains actuellement \u00e0 hauteur de 27,5%.\n<\/p>\n<p>\n En 2024, les Etats-Unis ont import\u00e9 plus de 55 milliards de dollars de v\u00e9hicules et pi\u00e8ces d\u00e9tach\u00e9es en provenance du Japon. Ils ont import\u00e9 sur la m\u00eame p\u00e9riode 55,45 milliards de dollars de produits automobiles depuis l&rsquo;UE. Un nombre bien moins important de v\u00e9hicules am\u00e9ricains ont \u00e9t\u00e9 vendus en Europe.\n<\/p>\n<p>\n Si Washington s&rsquo;est montr\u00e9 peu enclin \u00e0 effecteur des concessions sur le secteur automobile, ont dit des repr\u00e9sentants europ\u00e9ens, l&rsquo;accord conclu avec Tokyo illustre une certaine flexibilit\u00e9 qui pourrait inciter Bruxelles \u00e0 tenter d&rsquo;obtenir une mesure similaire.\n<\/p>\n<p>\n D&rsquo;apr\u00e8s Simon Evenett, enseignant en g\u00e9opolitique et strat\u00e9gie \u00e0 l&rsquo;\u00e9cole de commerce IMD \u00e0 Lausanne, \u00ab\u00a0ce qu&rsquo;a obtenu le gouvernement japonais va devenir le minimum pour les objectifs de n\u00e9gociations de l&rsquo;UE\u00a0\u00bb.\n<\/p>\n<p>\n (Philip Blenkinsop, avec la contribution du bureau de Washington; version fran\u00e7aise Jean Terzian)<\/p>\n","protected":false},"excerpt":{"rendered":"Vers un accord commercial UE-USA avec droits de douane de 15% &#8211; sources par Philip Blenkinsop L&rsquo;Union europ\u00e9enne&hellip;\n","protected":false},"author":2,"featured_media":269321,"comment_status":"","ping_status":"","sticky":false,"template":"","format":"standard","meta":{"footnotes":""},"categories":[1586],"tags":[400,11,398,408,405,1777,674,1779,1011,27,403,402,399,404,12,25,401,406,1778,364,407],"class_list":{"0":"post-269320","1":"post","2":"type-post","3":"status-publish","4":"format-standard","5":"has-post-thumbnail","7":"category-europe","8":"tag-action-cac-40","9":"tag-actualites","10":"tag-bourse-de-paris","11":"tag-boursorama","12":"tag-cotations","13":"tag-eu","14":"tag-europe","15":"tag-european-union","16":"tag-fr","17":"tag-france","18":"tag-indices-devises","19":"tag-investir","20":"tag-investissement","21":"tag-marche-boursier","22":"tag-news","23":"tag-republique-francaise","24":"tag-sicav","25":"tag-trackers","26":"tag-ue","27":"tag-union-europeenne","28":"tag-warrants"},"share_on_mastodon":{"url":"https:\/\/pubeurope.com\/@fr\/114905548345803087","error":""},"_links":{"self":[{"href":"https:\/\/www.europesays.com\/fr\/wp-json\/wp\/v2\/posts\/269320","targetHints":{"allow":["GET"]}}],"collection":[{"href":"https:\/\/www.europesays.com\/fr\/wp-json\/wp\/v2\/posts"}],"about":[{"href":"https:\/\/www.europesays.com\/fr\/wp-json\/wp\/v2\/types\/post"}],"author":[{"embeddable":true,"href":"https:\/\/www.europesays.com\/fr\/wp-json\/wp\/v2\/users\/2"}],"replies":[{"embeddable":true,"href":"https:\/\/www.europesays.com\/fr\/wp-json\/wp\/v2\/comments?post=269320"}],"version-history":[{"count":0,"href":"https:\/\/www.europesays.com\/fr\/wp-json\/wp\/v2\/posts\/269320\/revisions"}],"wp:featuredmedia":[{"embeddable":true,"href":"https:\/\/www.europesays.com\/fr\/wp-json\/wp\/v2\/media\/269321"}],"wp:attachment":[{"href":"https:\/\/www.europesays.com\/fr\/wp-json\/wp\/v2\/media?parent=269320"}],"wp:term":[{"taxonomy":"category","embeddable":true,"href":"https:\/\/www.europesays.com\/fr\/wp-json\/wp\/v2\/categories?post=269320"},{"taxonomy":"post_tag","embeddable":true,"href":"https:\/\/www.europesays.com\/fr\/wp-json\/wp\/v2\/tags?post=269320"}],"curies":[{"name":"wp","href":"https:\/\/api.w.org\/{rel}","templated":true}]}}