{"id":269324,"date":"2025-07-24T01:12:17","date_gmt":"2025-07-24T01:12:17","guid":{"rendered":"https:\/\/www.europesays.com\/fr\/269324\/"},"modified":"2025-07-24T01:12:17","modified_gmt":"2025-07-24T01:12:17","slug":"les-infos-de-18h-qui-est-candace-owens-linfluenceuse-americaine-contre-qui-le-couple-macron-porte-plainte","status":"publish","type":"post","link":"https:\/\/www.europesays.com\/fr\/269324\/","title":{"rendered":"Les infos de 18h &#8211; Qui est Candace Owens, l&rsquo;influenceuse am\u00e9ricaine contre qui le couple Macron porte plainte"},"content":{"rendered":"<p class=\"article-p mdl\">Selon le c\u00e9l\u00e8bre journal am\u00e9ricain\u00a0Financial Times, nous avons affaire \u00e0 une plainte pr\u00e9sidentielle.\u00a0<a class=\"link\" href=\"https:\/\/www.rtl.fr\/actu\/politique\/emmanuel-et-brigitte-macron-portent-plainte-en-diffamation-contre-candace-owens-7900525524\" target=\"_blank\" rel=\"noopener\">Brigitte et Emmanuel Macron ont port\u00e9 plainte<\/a>\u00a0contre <strong>l&rsquo;influenceuse am\u00e9ricaine et conservatrice Candace Owens<\/strong>. En f\u00e9vrier dernier, cette derni\u00e8re avait affirm\u00e9, dans une vid\u00e9o publi\u00e9e sur Youtube, que Brigitte Macron \u00e9tait en r\u00e9alit\u00e9 un homme. Candace Owens est connue pour ses propos n\u00e9gationnistes, antis\u00e9mites, homophobes, transphobes et conspirationnistes.<\/p>\n<p class=\"article-p mdl\">En r\u00e9ponse, le chef de l&rsquo;\u00c9tat fran\u00e7ais et son \u00e9pouse ont d\u00e9pos\u00e9 <strong>une plainte de 218 pages<\/strong> accusant Candace Owens d&rsquo;avoir publi\u00e9 ces \u00ab\u00a0histoires farfelues, diffamatoires et tir\u00e9es par les cheveux\u00a0\u00bb. L&rsquo;une de ses th\u00e9ories est que Brigitte Macron serait n\u00e9e de sexe masculin sous le nom de Jean-Michel Trogneux. Ce n&rsquo;est pas tout, la New Yorkaise de 36 ans avait aussi d\u00e9clar\u00e9 que la premi\u00e8re dame et le pr\u00e9sident de la R\u00e9publique avaient des liens de consanguinit\u00e9 et qu&rsquo;Emmanuel Macron \u00e9tait le fruit d&rsquo;une exp\u00e9rience humaine men\u00e9e par la CIA ou d&rsquo;un programme gouvernemental similaire de contr\u00f4le mental.<\/p>\n<p class=\"article-p mdl\">C&rsquo;est extr\u00eamement rare qu&rsquo;un dirigeant en exercice poursuive personnellement un influenceur en ligne \u00e0 cause de son contenu. Qui plus est, cela n&rsquo;est pas gagn\u00e9 d&rsquo;avance, parce que les Macron sont confront\u00e9s \u00e0 <strong>un d\u00e9fi juridique de taille<\/strong>. En effet,\u00a0<a class=\"link\" href=\"https:\/\/www.rtl.fr\/actu\/international\/affaire-epstein-donald-trump-attaque-pour-diffamation-le-wall-street-journal-et-son-patron-7900524522\" target=\"_blank\" rel=\"noopener\">la loi am\u00e9ricaine sur la diffamation<\/a>\u00a0exige que les personnalit\u00e9s publiques d\u00e9montrent une malveillance r\u00e9elle, c&rsquo;est-\u00e0-dire que la personne savait que l&rsquo;information \u00e9tait fausse ou a fait preuve d&rsquo;un m\u00e9pris irr\u00e9fl\u00e9chi de la v\u00e9rit\u00e9.<\/p>\n<p class=\"article-p mdl\">Malgr\u00e9 cela, le pr\u00e9sident et la premi\u00e8re dame r\u00e9clament un proc\u00e8s devant jury et des dommages et int\u00e9r\u00eats punitifs. Leur avocat a d\u00e9j\u00e0 d\u00e9clar\u00e9 qu&rsquo;ils \u00e9taient <strong>pr\u00eats \u00e0 se rendre dans le Delaware<\/strong> pour compara\u00eetre en personne au proc\u00e8s.<\/p>\n<p>            \u00c0 \u00e9couter \u00e9galement dans le journal<\/p>\n<p class=\"article-p mdl\"><strong>Canicule<\/strong> &#8211; Un premier bilan sur la mortalit\u00e9 associ\u00e9e aux fortes chaleurs est sorti, deux semaines apr\u00e8s la fin de l&rsquo;\u00e9pisode de canicule qui a frapp\u00e9 60 d\u00e9partements. Sant\u00e9 publique France\u00a0<a class=\"link\" href=\"https:\/\/www.rtl.fr\/actu\/sante\/canicule-en-france-480-deces-de-plus-que-la-normale-au-debut-de-l-ete-2025-7900525479\" target=\"_blank\" rel=\"noopener\">a recens\u00e9 pr\u00e9cis\u00e9ment 480 d\u00e9c\u00e8s de plus<\/a>\u00a0\u00ab\u00a0que la normale\u00a0\u00bb sur la p\u00e9riode.<\/p>\n<p class=\"article-p mdl\"><strong>Tension entre Macron et Retailleau <\/strong>&#8211;\u00a0<a class=\"link\" href=\"https:\/\/www.rtl.fr\/actu\/politique\/emmanuel-macron-l-echange-tendu-avec-bruno-retailleau-en-conseil-des-ministres-7900525453\" target=\"_blank\" rel=\"noopener\">Ambiance glaciale durant le conseil des ministres<\/a>, au lendemain des propos du ministre de l&rsquo;Int\u00e9rieur tenu dans le journal d&rsquo;extr\u00eame droite Valeurs Actuelles. Bruno Retailleau avait dit que \u00ab\u00a0le macronisme s&rsquo;ach\u00e8vera avec Emmanuel Macron\u00a0\u00bb.<\/p>\n<p class=\"article-p mdl\"><strong>Affaire Jubillar<\/strong> &#8211; L&rsquo;audition aura dur\u00e9 pr\u00e8s de 4 heures \u00e0 Auch.\u00a0<a class=\"link\" href=\"https:\/\/www.rtl.fr\/actu\/justice-faits-divers\/les-infos-de-12h30-affaire-jubillar-ce-que-l-on-sait-de-l-audition-de-l-ex-compagne-de-cedric-jubillar-7900525428\" target=\"_blank\" rel=\"noopener\">L&rsquo;ex-petite amie de C\u00e9dric Jubillar<\/a>\u00a0a confirm\u00e9, ce mercredi 23 juillet, les confessions faites par l&rsquo;accus\u00e9, qui lui avait d\u00e9crit et mim\u00e9 un \u00e9tranglement silencieux.<\/p>\n<p>    La r\u00e9daction vous recommande<\/p>\n<p class=\"s-newsletter__title\">\n                L\u2019actualit\u00e9 par la r\u00e9daction de RTL dans votre bo\u00eete mail.\n            <\/p>\n<p class=\"s-newsletter__subtitle\">\n                Gr\u00e2ce \u00e0 votre compte RTL abonnez-vous \u00e0 la newsletter RTL info pour suivre toute l&rsquo;actualit\u00e9 au quotidien\n            <\/p>\n<p>\n                                    Lire la suite\n                                <\/p>\n","protected":false},"excerpt":{"rendered":"Selon le c\u00e9l\u00e8bre journal am\u00e9ricain\u00a0Financial Times, nous avons affaire \u00e0 une plainte pr\u00e9sidentielle.\u00a0Brigitte et Emmanuel Macron ont port\u00e9&hellip;\n","protected":false},"author":2,"featured_media":269325,"comment_status":"","ping_status":"","sticky":false,"template":"","format":"standard","meta":{"footnotes":""},"categories":[2],"tags":[11,986,22016,75,1073,73,107,1011,27,303,12,25],"class_list":{"0":"post-269324","1":"post","2":"type-post","3":"status-publish","4":"format-standard","5":"has-post-thumbnail","7":"category-actualites","8":"tag-actualites","9":"tag-brigitte-macron","10":"tag-diffamation","11":"tag-donald-trump","12":"tag-emmanuel-macron","13":"tag-etats-unis","14":"tag-fil-info","15":"tag-fr","16":"tag-france","17":"tag-justice","18":"tag-news","19":"tag-republique-francaise"},"share_on_mastodon":{"url":"https:\/\/pubeurope.com\/@fr\/114905556287944685","error":""},"_links":{"self":[{"href":"https:\/\/www.europesays.com\/fr\/wp-json\/wp\/v2\/posts\/269324","targetHints":{"allow":["GET"]}}],"collection":[{"href":"https:\/\/www.europesays.com\/fr\/wp-json\/wp\/v2\/posts"}],"about":[{"href":"https:\/\/www.europesays.com\/fr\/wp-json\/wp\/v2\/types\/post"}],"author":[{"embeddable":true,"href":"https:\/\/www.europesays.com\/fr\/wp-json\/wp\/v2\/users\/2"}],"replies":[{"embeddable":true,"href":"https:\/\/www.europesays.com\/fr\/wp-json\/wp\/v2\/comments?post=269324"}],"version-history":[{"count":0,"href":"https:\/\/www.europesays.com\/fr\/wp-json\/wp\/v2\/posts\/269324\/revisions"}],"wp:featuredmedia":[{"embeddable":true,"href":"https:\/\/www.europesays.com\/fr\/wp-json\/wp\/v2\/media\/269325"}],"wp:attachment":[{"href":"https:\/\/www.europesays.com\/fr\/wp-json\/wp\/v2\/media?parent=269324"}],"wp:term":[{"taxonomy":"category","embeddable":true,"href":"https:\/\/www.europesays.com\/fr\/wp-json\/wp\/v2\/categories?post=269324"},{"taxonomy":"post_tag","embeddable":true,"href":"https:\/\/www.europesays.com\/fr\/wp-json\/wp\/v2\/tags?post=269324"}],"curies":[{"name":"wp","href":"https:\/\/api.w.org\/{rel}","templated":true}]}}