{"id":269326,"date":"2025-07-24T01:13:14","date_gmt":"2025-07-24T01:13:14","guid":{"rendered":"https:\/\/www.europesays.com\/fr\/269326\/"},"modified":"2025-07-24T01:13:14","modified_gmt":"2025-07-24T01:13:14","slug":"jonathan-milan-allume-du-vert-a-valence","status":"publish","type":"post","link":"https:\/\/www.europesays.com\/fr\/269326\/","title":{"rendered":"Jonathan Milan allume du vert \u00e0 Valence"},"content":{"rendered":"<p style=\"text-align:\">Sous la menace de Tadej Pogacar, le colosse italien Jonathan Milan a fait un pas important pour ramener le maillot vert \u00e0 Paris en signant sa deuxi\u00e8me victoire dans le Tour de France sous la pluie mercredi 23 juillet \u00e0 Valence.<\/p>\n<p><a href=\"https:\/\/lecourrier.vn\/tour-de-france-lipowitz-en-plein-dans-le-mille\/1287201.html\" title=\"Tour de France : Lipowitz, en plein dans le mille\" target=\"_blank\" rel=\"noopener\">&gt;&gt; Tour de France : Lipowitz, en plein dans le mille<\/a><\/p>\n<p><a href=\"https:\/\/lecourrier.vn\/tour-de-france-eros-poli-ou-limpossible-victoire-dun-colosse-au-ventoux\/1287284.html\" title=\"Tour de France : Eros Poli ou l&#039;&lt;i&gt;&quot;impossible&lt;\/i&gt;&quot; victoire d&#039;un colosse au Ventoux\" target=\"_blank\" rel=\"noopener\">&gt;&gt; Tour de France : Eros Poli ou l'\u00a0\u00bbimpossible\u00a0\u00bb victoire d&rsquo;un colosse au Ventoux<\/a><\/p>\n<p><a href=\"https:\/\/lecourrier.vn\/une-pneumonie-met-fin-au-tour-de-france-enchante-de-mathieu-van-der-poel\/1287306.html\" title=\"Une pneumonie met fin au Tour de France enchant\u00e9 de Mathieu van der Poel\" target=\"_blank\" rel=\"noopener\">&gt;&gt; Une pneumonie met fin au Tour de France enchant\u00e9 de Mathieu van der Poel<\/a><\/p>\n<tr>\n<td class=\"pic\"><img decoding=\"async\" class=\"lazyload\" src=\"https:\/\/www.europesays.com\/fr\/wp-content\/uploads\/2025\/07\/064657-afp1.webp.webp\" alt=\"\"\/><\/td>\n<\/tr>\n<tr>\n<td class=\"caption\">L&rsquo;Italien Jonathan Milan s&rsquo;impose au sprint lors de la 17e \u00e9tape du Tour de France \u00e0 Valence, le 23 juillet.\u00a0<\/td>\n<\/tr>\n<tr align=\"right\">\n<td class=\"author\">Photo : AFP\/VNA\/CVN<\/td>\n<\/tr>\n<p style=\"text-align:left\">Ce sont des heures de souffrance dans les cols des Pyr\u00e9n\u00e9es et dans le Mont Ventoux qui ont \u00e9t\u00e9 r\u00e9compens\u00e9es dans la pr\u00e9fecture de la Dr\u00f4me pour ce qui \u00e9tait peut-\u00eatre la derni\u00e8re occasion des sprinteurs de briller dans cette 112e \u00e9dition qui n&rsquo;aura pas \u00e9t\u00e9 tr\u00e8s tendre avec eux.<\/p>\n<p style=\"text-align:left\">Entre l&rsquo;abandon pr\u00e9coce de Jasper Philipsen d\u00e8s le troisi\u00e8me jour et le choix des organisateurs de parsemer les \u00e9tapes de bosses, les grosses cuisses n&rsquo;ont eu que des miettes \u00e0 se mettre sous la dent et chaque opportunit\u00e9 vaut de l&rsquo;or.<\/p>\n<p style=\"text-align:left\">Signe que tout est difficile dans ce Tour pour eux, Milan a tout de suite eu un mot pour ses co\u00e9quipiers de Lidl-Trek qui l&rsquo;ont \u00ab\u00a0sauv\u00e9\u00a0\u00bb dans la montagne et lui ont permis de lever les bras mercredi dans un final marqu\u00e9 par une violente chute sous la flamme rouge.<\/p>\n<p style=\"text-align:left\">\u00ab\u00a0Sans eux, et je tiens vraiment \u00e0 le pr\u00e9ciser, je ne serai pas l\u00e0. Tous les jours, ils m&rsquo;ont aid\u00e9, soutenu. C&rsquo;est une victoire d&rsquo;\u00e9quipe aujourd&rsquo;hui\u00a0\u00bb, a insist\u00e9 le colosse de Buja (1,96 m, 87 kg) dont le gabarit est tr\u00e8s utile dans un sprint massif mais un vrai boulet dans les cols.<\/p>\n<p style=\"text-align:left\"><b>Montmartre \u00ab\u00a0trop dur\u00a0\u00bb pour Merlier <\/b><\/p>\n<p style=\"text-align:left\">Mercredi 23 juillet, il a encore \u00e9t\u00e9 l\u00e2ch\u00e9 dans l&rsquo;ascension franchement anodine de Pertuis.<\/p>\n<tr>\n<td class=\"pic\"><img decoding=\"async\" class=\"lazyload\" src=\"https:\/\/www.europesays.com\/fr\/wp-content\/uploads\/2025\/07\/064725-afp2.webp.webp\" alt=\"\"\/><\/td>\n<\/tr>\n<tr>\n<td class=\"caption\">Jonathan Milan c\u00e9l\u00e8bre sur le podium sa victoire lors de la 17e \u00e9tape du Tour de France, \u00e0 Valence, le 23 juillet.<\/td>\n<\/tr>\n<tr align=\"right\">\n<td class=\"author\">Photo : AFP\/VNA\/CVN<\/td>\n<\/tr>\n<p style=\"text-align:left\">Et Quinn Simmons alias \u00ab\u00a0Captain America\u00a0\u00bb, l&rsquo;un des grands animateurs de ce Tour, a encore \u00e9t\u00e9 impressionnant pour sauter dans la roue des attaquants, avant de remonter son leader et ensuite de ramener le peloton sur les quatre \u00e9chapp\u00e9s du jour &#8211; Vincenzo Albanese, Quentin Pacher, Mathieu Burgaudeau et le surpuissant Jonas Abrahamsen.<\/p>\n<p style=\"text-align:left\">Milan sait qu&rsquo;il va encore en baver jeudi et vendredi lorsque le Tour de France arrivera dans les Alpes pour deux \u00e9tapes de montagne d\u00e9cisives et redoutables.<\/p>\n<p style=\"text-align:left\">\u00ab\u00a0Heureux que l&rsquo;\u00e9tape se termine, avec cette m\u00e9t\u00e9o pourrie\u00a0\u00bb, mais pas inqui\u00e9t\u00e9 par ailleurs mercredi 23 juillet, Pogacar y d\u00e9fendra son avantage de 4:15 sur Jonas Vingegaard au g\u00e9n\u00e9ral.<\/p>\n<p style=\"text-align:left\">Milan se raccrochera, lui, \u00e0 la perspective de rallier Paris et la derni\u00e8re \u00e9tape sur les Champs-\u00c9lys\u00e9es. Traditionnellement r\u00e9serv\u00e9e aux sprinteurs, elle pourrait \u00e9chapper cette fois aux hommes rapides avec l&rsquo;int\u00e9gration de la s\u00e9lective butte Montmartre que les coureurs escaladeront \u00e0 trois reprises.<\/p>\n<p style=\"text-align:left\">\u00ab\u00a0Ce sera trop dur pour moi, aujourd&rsquo;hui \u00e9tait ma derni\u00e8re occasion de gagner\u00a0\u00bb, a d&rsquo;ores et d\u00e9j\u00e0 estim\u00e9 le sprinteur belge Tim Merlier.<\/p>\n<p style=\"text-align:left\"><b>Milan \u00ab\u00a0plus relax\u00a0\u00bb <\/b><\/p>\n<p style=\"text-align:left\">\u00ab\u00a0Ce sera plus compliqu\u00e9 \u00e0 contr\u00f4ler, un sc\u00e9nario diff\u00e9rent\u00a0\u00bb, a estim\u00e9 Milan, dont c&rsquo;est le premier Tour de France, sans pour autant enterrer compl\u00e8tement ses chances.<\/p>\n<tr>\n<td class=\"pic\"><img decoding=\"async\" class=\"lazyload\" src=\"https:\/\/www.europesays.com\/fr\/wp-content\/uploads\/2025\/07\/064753-afp3.webp.webp\" alt=\"\"\/><\/td>\n<\/tr>\n<tr>\n<td class=\"caption\">Le coureur de Lidl-Trek Quinn Simmons f\u00e9licit\u00e9 par ses co\u00e9quipiers pour son travail pour Jonathan Milan, lors de l&rsquo;arriv\u00e9e de la 17e \u00e9tape du Tour de France, \u00e0 Valence.<\/td>\n<\/tr>\n<tr align=\"right\">\n<td class=\"author\">Photo : AFP\/VNA\/CVN<\/td>\n<\/tr>\n<p style=\"text-align:left\">Mais il soulign\u00e9 l&rsquo;importance de scorer mercredi dans l&rsquo;optique du classement du maillot vert o\u00f9 il est sous la menace directe de Tadej Pogacar, \u00ab\u00a0une rock star\u00a0\u00bb, selon lui.<\/p>\n<p style=\"text-align:left\">Avec les 50 points de sa victoire \u00e0 Valence, Milan compte d\u00e9sormais 312 points, contre 240 pour Pogacar. Un matelas confortable sachant que les \u00e9tapes de montagne ne distribuent que vingt points au vainqueur et celle de Paris \u00e0 nouveau cinquante.<\/p>\n<p style=\"text-align:left\">\u00ab\u00a0Je suis un peu plus relax, j&rsquo;ai pris mes distances mais je vais continuer \u00e0 me battre tous les jours sur les sprints interm\u00e9diaires et viser la victoire \u00e0 Paris\u00a0\u00bb, a-t-il dit.<\/p>\n<p style=\"text-align:left\">Les autres sprinteurs ont, eux, abdiqu\u00e9 \u00e0 l&rsquo;image de Tim Merlier. Une nouvelle fois emp\u00each\u00e9 de se m\u00ealer \u00e0 l&#8217;emballage final car ralenti par la chute au kilom\u00e8tre, le Belge a d\u00e9plor\u00e9 de n&rsquo;avoir pu prendre part \u00ab\u00a0qu&rsquo;\u00e0 deux sprints\u00a0\u00bb sur ce Tour, qu&rsquo;il a tous gagn\u00e9s.<\/p>\n<p style=\"text-align:left\">Quant \u00e0 Biniam Girmay, vainqueur du maillot vert l&rsquo;an dernier, il a tap\u00e9 le sol violemment dans le carambolage massif sous la flamme rouge et a regagn\u00e9 le bus de son \u00e9quipe Intermarch\u00e9 en boitant bas.<\/p>\n<p style=\"text-align:right\"><b>AFP\/VNA\/CVN<\/b><\/p>\n","protected":false},"excerpt":{"rendered":"Sous la menace de Tadej Pogacar, le colosse italien Jonathan Milan a fait un pas important pour ramener&hellip;\n","protected":false},"author":2,"featured_media":269327,"comment_status":"","ping_status":"","sticky":false,"template":"","format":"standard","meta":{"footnotes":""},"categories":[4],"tags":[11,1011,27,40848,12,40850,25,1138,210,40849],"class_list":{"0":"post-269326","1":"post","2":"type-post","3":"status-publish","4":"format-standard","5":"has-post-thumbnail","7":"category-france","8":"tag-actualites","9":"tag-fr","10":"tag-france","11":"tag-jonathan-milan","12":"tag-news","13":"tag-quentin-pacher","14":"tag-republique-francaise","15":"tag-tadej-pogacar","16":"tag-tour-de-france","17":"tag-vincenzo-albanese"},"share_on_mastodon":{"url":"https:\/\/pubeurope.com\/@fr\/114905560077588770","error":""},"_links":{"self":[{"href":"https:\/\/www.europesays.com\/fr\/wp-json\/wp\/v2\/posts\/269326","targetHints":{"allow":["GET"]}}],"collection":[{"href":"https:\/\/www.europesays.com\/fr\/wp-json\/wp\/v2\/posts"}],"about":[{"href":"https:\/\/www.europesays.com\/fr\/wp-json\/wp\/v2\/types\/post"}],"author":[{"embeddable":true,"href":"https:\/\/www.europesays.com\/fr\/wp-json\/wp\/v2\/users\/2"}],"replies":[{"embeddable":true,"href":"https:\/\/www.europesays.com\/fr\/wp-json\/wp\/v2\/comments?post=269326"}],"version-history":[{"count":0,"href":"https:\/\/www.europesays.com\/fr\/wp-json\/wp\/v2\/posts\/269326\/revisions"}],"wp:featuredmedia":[{"embeddable":true,"href":"https:\/\/www.europesays.com\/fr\/wp-json\/wp\/v2\/media\/269327"}],"wp:attachment":[{"href":"https:\/\/www.europesays.com\/fr\/wp-json\/wp\/v2\/media?parent=269326"}],"wp:term":[{"taxonomy":"category","embeddable":true,"href":"https:\/\/www.europesays.com\/fr\/wp-json\/wp\/v2\/categories?post=269326"},{"taxonomy":"post_tag","embeddable":true,"href":"https:\/\/www.europesays.com\/fr\/wp-json\/wp\/v2\/tags?post=269326"}],"curies":[{"name":"wp","href":"https:\/\/api.w.org\/{rel}","templated":true}]}}