{"id":269328,"date":"2025-07-24T01:16:12","date_gmt":"2025-07-24T01:16:12","guid":{"rendered":"https:\/\/www.europesays.com\/fr\/269328\/"},"modified":"2025-07-24T01:16:12","modified_gmt":"2025-07-24T01:16:12","slug":"rugby-a-xiii-le-groupe-pour-le-deplacement-a-wigan-un-cadre-de-lequipe-prolonge-les-dernieres-infos-autour-des-dragons-catalans","status":"publish","type":"post","link":"https:\/\/www.europesays.com\/fr\/269328\/","title":{"rendered":"Rugby \u00e0 XIII\u00a0: le groupe pour le d\u00e9placement \u00e0 Wigan, un cadre de l\u2019\u00e9quipe prolonge\u2026 Les derni\u00e8res infos autour des Dragons Catalans"},"content":{"rendered":"<p>\n                                                                Avant le d\u00e9placement \u00e0 Wigan de vendredi (21\u00a0h), les Dragons Catalans ont annonc\u00e9 deux prolongations. Et le retour de certains joueurs pour ce week-end.\n                            <\/p>\n<p>Le groupe des 21 pour Wigan<\/p>\n<p>Ce vendredi (21\u00a0h), les Dragons Catalans se d\u00e9placent \u00e0 Wigan (2e) pour la 20e journ\u00e9e de Super League. Trois changements ont \u00e9t\u00e9 op\u00e9r\u00e9s dans le groupe des 21 joueurs convoqu\u00e9s par Joel Tomkins pour ce d\u00e9placement. Le deuxi\u00e8me ligne Bayley Sironen, l\u2019ailier Fouad Yaha et le pilier Jordan Dezaria remplacent Arthur Romano (ischio), Nick Cotric et Paul S\u00e9guier. Plusieurs mouvements sont attendus dans l\u2019\u00e9quipe qui affrontera les Warriors vendredi, comme le centre Matthieu Laguerre ou le demi de m\u00eal\u00e9e Th\u00e9o Fages. \u00c0 noter que le centre Reimis Smith, emb\u00eat\u00e9 par des commotions, a repris l\u2019entra\u00eenement mais ne figure toujours pas dans le groupe.<\/p>\n<p class=\"std-elt__inline\">\n        <strong>\u00c0 lire aussi :<\/strong><br \/>\n        <a href=\"https:\/\/www.lindependant.fr\/2025\/07\/22\/les-dragons-catalans-officialise-joel-tomkins-comme-coach-pour-les-deux-prochaines-saisons-12839078.php\" rel=\"nofollow noopener\" target=\"_blank\">Rugby \u00e0 XIII : Bernard Guasch et les Dragons Catalans veulent \u00ab\u00a0repartir sur une page blanche\u00a0\u00bb<\/a>\n    <\/p>\n<p>Le groupe des 21\u00a0: Makinson, Keary, Pangai Jr, Garcia, Bousquet, Sims, Partington, Da Costa, Satae, Navarrete, Sironen, Roug\u00e9, Dezaria, Fages, Yaha, Laguerre, Maria, Aispuro-Bichet, Martin, Darr\u00e9latour, Balmforth.<\/p>\n<p>Julian Bousquet prolonge<\/p>\n<p>Julian Bousquet va partir sur une 15e saison avec les Dragons Catalans. Le pilier de 34 ans a prolong\u00e9 son contrat d\u2019une ann\u00e9e avec le club sang et or, lui qui est arriv\u00e9 \u00e0 Perpignan en 2012. Vendredi soir \u00e0 Wigan, il disputera son 303e match avec les Dracs, et aura en ligne de mire le record de R\u00e9mi Casty (328 rencontres disput\u00e9es). Cette saison en Super League, Julian Bousquet a disput\u00e9 16 matches, pour 2 essais marqu\u00e9s.<\/p>\n<p class=\"std-elt__inline\">\n        <strong>\u00c0 lire aussi :<\/strong><br \/>\n        <a href=\"https:\/\/www.lindependant.fr\/2025\/07\/22\/rugby-a-xiii-engage-frais-dispo-et-avec-des-idees-joel-tomkins-sera-lentraineur-des-dragons-catalans-jusquen-2027-12838566.php\" rel=\"nofollow noopener\" target=\"_blank\">Rugby \u00e0 XIII\u00a0: \u00ab\u00a0Engag\u00e9, frais, dispo et avec des id\u00e9es\u00a0\u00bb, Joel Tomkins sera l\u2019entra\u00eeneur des Dragons Catalans jusqu\u2019en 2027<\/a>\n    <\/p>\n<p>Pour rappel, le pilier Chris Satae a d\u00e9j\u00e0 prolong\u00e9 pour deux ann\u00e9es suppl\u00e9mentaires, quand le club a annonc\u00e9 la signature de Toby Sexton (24 ans), le demi de m\u00eal\u00e9e australien des Canterbury Bulldogs.<\/p>\n<p>Denive Balmforth jusqu\u2019\u00e0 la fin de la saison<\/p>\n<p>Arriv\u00e9 au club en juin dernier en pr\u00eat pour une dur\u00e9e d\u2019un mois, Denive Balmforth (21 ans) va terminer la saison \u00e0 Perpignan. Le talonneur, pr\u00eat\u00e9 par Hull FC, a satisfait Joel Tomkins qui a souhait\u00e9 le conserver \u00e0 un poste o\u00f9 Alrix Da Costa a beaucoup encha\u00een\u00e9 cette ann\u00e9e (18 matches jou\u00e9s sur 19 possibles). Balmforth a disput\u00e9 quatre rencontres en sang et or, avec notamment un doubl\u00e9 inscrit contre Warrington il y a deux semaines \u00e0 Brutus (d\u00e9faite 20-24).<\/p>\n","protected":false},"excerpt":{"rendered":"Avant le d\u00e9placement \u00e0 Wigan de vendredi (21\u00a0h), les Dragons Catalans ont annonc\u00e9 deux prolongations. Et le retour&hellip;\n","protected":false},"author":2,"featured_media":269329,"comment_status":"","ping_status":"","sticky":false,"template":"","format":"standard","meta":{"footnotes":""},"categories":[1416],"tags":[1011,27,479,1468,60],"class_list":{"0":"post-269328","1":"post","2":"type-post","3":"status-publish","4":"format-standard","5":"has-post-thumbnail","7":"category-rugby","8":"tag-fr","9":"tag-france","10":"tag-rugby","11":"tag-rugby-football","12":"tag-sports"},"share_on_mastodon":{"url":"https:\/\/pubeurope.com\/@fr\/114905571876968071","error":""},"_links":{"self":[{"href":"https:\/\/www.europesays.com\/fr\/wp-json\/wp\/v2\/posts\/269328","targetHints":{"allow":["GET"]}}],"collection":[{"href":"https:\/\/www.europesays.com\/fr\/wp-json\/wp\/v2\/posts"}],"about":[{"href":"https:\/\/www.europesays.com\/fr\/wp-json\/wp\/v2\/types\/post"}],"author":[{"embeddable":true,"href":"https:\/\/www.europesays.com\/fr\/wp-json\/wp\/v2\/users\/2"}],"replies":[{"embeddable":true,"href":"https:\/\/www.europesays.com\/fr\/wp-json\/wp\/v2\/comments?post=269328"}],"version-history":[{"count":0,"href":"https:\/\/www.europesays.com\/fr\/wp-json\/wp\/v2\/posts\/269328\/revisions"}],"wp:featuredmedia":[{"embeddable":true,"href":"https:\/\/www.europesays.com\/fr\/wp-json\/wp\/v2\/media\/269329"}],"wp:attachment":[{"href":"https:\/\/www.europesays.com\/fr\/wp-json\/wp\/v2\/media?parent=269328"}],"wp:term":[{"taxonomy":"category","embeddable":true,"href":"https:\/\/www.europesays.com\/fr\/wp-json\/wp\/v2\/categories?post=269328"},{"taxonomy":"post_tag","embeddable":true,"href":"https:\/\/www.europesays.com\/fr\/wp-json\/wp\/v2\/tags?post=269328"}],"curies":[{"name":"wp","href":"https:\/\/api.w.org\/{rel}","templated":true}]}}