{"id":269335,"date":"2025-07-24T01:21:11","date_gmt":"2025-07-24T01:21:11","guid":{"rendered":"https:\/\/www.europesays.com\/fr\/269335\/"},"modified":"2025-07-24T01:21:11","modified_gmt":"2025-07-24T01:21:11","slug":"tdf-tour-de-france-la-18e-etape-letape-reine-au-col-de-la-loze-parcours-et-profil","status":"publish","type":"post","link":"https:\/\/www.europesays.com\/fr\/269335\/","title":{"rendered":"TDF. Tour de France &#8211; La 18e \u00e9tape, l&rsquo;\u00e9tape reine au Col de la Loze ! Parcours et profil"},"content":{"rendered":"<p>L&rsquo;\u00e9tape reine de cette 112e \u00e9dition, c&rsquo;est ce jeudi 24 juillet ! Sur le papier, difficile de contester ce titre symbolique \u00e0 la 18e \u00e9tape du <strong><a href=\"https:\/\/www.cyclismactu.net\/..\/news-tdf-route-tour-de-france-marc-madiot-on-n-est-pas-la-pour-prix-de-combativite-89174.html\" target=\"_blank\" rel=\"nofollow noopener\">Tour de France<\/a><\/strong>,\u00a0qui marque l&rsquo;entr\u00e9e du peloton pour deux jours dans le massif des Alpes. Le menu de ce premier opus s&rsquo;annonce en effet particuli\u00e8rement copieux et indigeste, avec pas moins de 5 500 m\u00e8tres de d\u00e9nivel\u00e9 tout au long des\u00a0sur 171,5 km entre\u00a0Vif et Courchevel. Un d\u00e9nivel\u00e9 monstrueux r\u00e9parti sur seulement trois cols&#8230; mais quels cols ! Tous class\u00e9s hors cat\u00e9gorie, le <strong>Glandon<\/strong> (21,7 km \u00e0 5,1%), la <strong>Madeleine<\/strong> (19,2 km \u00e0 7,9%) et enfin l&rsquo;interminable <strong>Col de la Loze<\/strong> (26,4 km \u00e0 6,5%, souvenir Henri Desgrange et point culminant de ce Tour \u00e0 2304m), au sommet duquel sera jug\u00e9e l&rsquo;arriv\u00e9e, formeront un tryptique redoutable en haute altitude.<\/p>\n<p>Vid\u00e9o &#8211; Marc Madiot \u00e0 la veille de l&rsquo;\u00e9tape reine au Col de la Loze Lire la suite de l&rsquo;article&#13;<\/p>\n<p>\u00a0<\/p>\n<p>&#13;<br \/>\nLa revanche de Pogacar sur Vingegaard \u00e0 la Loze ? Lenny Martinez en qu\u00eate des pois et de points&#13;<\/p>\n<p>Emprunt\u00e9 \u00e0 deux reprises en 2020 et 2023 mais par un versant diff\u00e9rent, le d\u00e9j\u00e0 l\u00e9gendaire\u00a0Col de la Loze fait donc son retour et s&rsquo;annonce \u00e0 nouveau d\u00e9cisif, comme cela avait \u00e9t\u00e9 le cas il y a deux ans avec la terrible d\u00e9faillance de <strong><a href=\"https:\/\/www.cyclismactu.net\/..\/news-tdf-route-tour-de-france-tadej-pogacar-on-ne-cherche-pas-etre-arrogants-89176.html\" target=\"_blank\" rel=\"nofollow noopener\">Tadej Pogacar<\/a><\/strong> (UAE Team Emirates-XRG). Comme il l&rsquo;a d\u00e9j\u00e0 fait \u00e0 Hautacam, le Slov\u00e8ne va certainement vouloir prendre sa revanche sur cette mont\u00e9e mais il devra se m\u00e9fier d&rsquo;un <strong>Jonas Vingegaard<\/strong> (Visma | Lease a Bike) en net regain de forme et de confiance apr\u00e8s le match nul du Mont Ventoux mardi. Les deux hommes font figure de grands favoris pour cette \u00e9tape mythique qu&rsquo;ils ne voudront certainement pas laisser passer.<\/p>\n<p>&#13;<\/p>\n<p>Parmi le reste des outsiders, <strong>Florian Lipowitz, Primoz Roglic<\/strong> (Red Bull-BORA-hansgrohe),\u00a0<strong>Oscar Onley<\/strong> (Team Picnic PostNL),\u00a0<strong>K\u00e9vin Vauquelin<\/strong> (ARKEA-B&amp;B HOTELS),\u00a0<strong>Felix Gall<\/strong> (Decathlon AG2R La Mondiale) et consorts joueront gros dans leur qu\u00eate de podium et et du meilleur classement g\u00e9n\u00e9ral possible. Au\u00a0vu des difficult\u00e9s et du parcours, nul doute de nombreux coureurs du g\u00e9n\u00e9ral et grimpeurs de renom distanc\u00e9s voudront partir \u00e0 l&rsquo;attaque et tenter leur chance en \u00e9chapp\u00e9e, pour prendre un coup d&rsquo;avance voire jouer la gagne si jamais l&rsquo;\u00e9quipe du maillot Jaune ne parvient pas \u00e0 ma\u00eetriser la course. On pense notamment \u00e0 un <strong>Lenny Martinez<\/strong> (Bahrain Victorious) qui joeura gros pour le maillot \u00e0 pois, le jeune Fran\u00e7ais \u00e9tant \u00e0 \u00e9galit\u00e9 de points (60) avec <strong>Pogacar<\/strong>, alors que 80 points seront distribu\u00e9s jeudi (20 + 20 + 40 \u00e0 la Loze) !<\/p>\n<p>&#13;<\/p>\n<p>Autre classement qui sera notamment en jeu en d\u00e9but d&rsquo;\u00e9tape, celui du maillot vert, avec un sprint interm\u00e9diaire au bout de 23 km. L&rsquo;\u00e9quipe <strong>Lidl-Trek<\/strong> devrait donc contr\u00f4ler pour <strong>Jonathan Milan<\/strong> jusqu&rsquo;\u00e0 ce point de passage avant de rapidement laisser la place aux grimpeurs sur le Glandon pour former l&rsquo;\u00e9chapp\u00e9e.\u00a0<\/p>\n<p>&#13;<\/p>\n<p>\u00a0<\/p>\n<p>&#13;<br \/>\n<strong>Le parcours de la 18e \u00e9tape<\/strong>&#13;<\/p>\n<p>&#8211; Jeudi 24 juillet \u2013\u00a0<strong>\u00c9tape 18<\/strong>\u00a0: Vif &#8211; Courchevel (Col de la Loze) \/ 171,5 km<\/p>\n<p>&#13;<\/p>\n<p><img decoding=\"async\" src=\"https:\/\/www.europesays.com\/fr\/wp-content\/uploads\/2025\/07\/tourdf18.jpg\" style=\"max-width:100%;max-height:100%;\" alt=\"image\" loading=\"lazy\"\/><\/p>\n<p>&#13;<\/p>\n<p>\u00a0<\/p>\n<p>&#13;<br \/>\nLa liste de d\u00e9part de ce <strong>Tour de France 2025,\u00a0<\/strong>c&rsquo;est\u00a0<strong style=\"font-size: 10px;\"><a href=\"https:\/\/www.cyclismactu.net\/..\/news-tdf-route-tour-de-france-la-startlist-du-tour-de-france-184-coureurs-depart-88207.html\" target=\"_blank\" rel=\"nofollow noopener\">\u00e0 retrouver ICI en cliquant sur ce lien<\/a><\/strong> !Tour de France &#8211; Classement g\u00e9n\u00e9ral provisoire apr\u00e8s la 17\u00e8 \u00e9tape<\/p>\n","protected":false},"excerpt":{"rendered":"L&rsquo;\u00e9tape reine de cette 112e \u00e9dition, c&rsquo;est ce jeudi 24 juillet ! Sur le papier, difficile de contester&hellip;\n","protected":false},"author":2,"featured_media":269336,"comment_status":"","ping_status":"","sticky":false,"template":"","format":"standard","meta":{"footnotes":""},"categories":[1411],"tags":[1154,207,211,1011,27,209,60,210,212,208,213],"class_list":{"0":"post-269335","1":"post","2":"type-post","3":"status-publish","4":"format-standard","5":"has-post-thumbnail","7":"category-cyclisme","8":"tag-cycling","9":"tag-cyclisme","10":"tag-ffc","11":"tag-fr","12":"tag-france","13":"tag-route","14":"tag-sports","15":"tag-tour-de-france","16":"tag-uci","17":"tag-velo","18":"tag-world-tour"},"share_on_mastodon":{"url":"https:\/\/pubeurope.com\/@fr\/114905591556662203","error":""},"_links":{"self":[{"href":"https:\/\/www.europesays.com\/fr\/wp-json\/wp\/v2\/posts\/269335","targetHints":{"allow":["GET"]}}],"collection":[{"href":"https:\/\/www.europesays.com\/fr\/wp-json\/wp\/v2\/posts"}],"about":[{"href":"https:\/\/www.europesays.com\/fr\/wp-json\/wp\/v2\/types\/post"}],"author":[{"embeddable":true,"href":"https:\/\/www.europesays.com\/fr\/wp-json\/wp\/v2\/users\/2"}],"replies":[{"embeddable":true,"href":"https:\/\/www.europesays.com\/fr\/wp-json\/wp\/v2\/comments?post=269335"}],"version-history":[{"count":0,"href":"https:\/\/www.europesays.com\/fr\/wp-json\/wp\/v2\/posts\/269335\/revisions"}],"wp:featuredmedia":[{"embeddable":true,"href":"https:\/\/www.europesays.com\/fr\/wp-json\/wp\/v2\/media\/269336"}],"wp:attachment":[{"href":"https:\/\/www.europesays.com\/fr\/wp-json\/wp\/v2\/media?parent=269335"}],"wp:term":[{"taxonomy":"category","embeddable":true,"href":"https:\/\/www.europesays.com\/fr\/wp-json\/wp\/v2\/categories?post=269335"},{"taxonomy":"post_tag","embeddable":true,"href":"https:\/\/www.europesays.com\/fr\/wp-json\/wp\/v2\/tags?post=269335"}],"curies":[{"name":"wp","href":"https:\/\/api.w.org\/{rel}","templated":true}]}}