{"id":26934,"date":"2025-04-15T16:14:14","date_gmt":"2025-04-15T16:14:14","guid":{"rendered":"https:\/\/www.europesays.com\/fr\/26934\/"},"modified":"2025-04-15T16:14:14","modified_gmt":"2025-04-15T16:14:14","slug":"nouveau-scandale-de-corruption-au-parlement-europeen","status":"publish","type":"post","link":"https:\/\/www.europesays.com\/fr\/26934\/","title":{"rendered":"Nouveau scandale de corruption au Parlement europ\u00e9en"},"content":{"rendered":"<p>\n                                                Le Parlement europ\u00e9en tr\u00e9buche, une fois de plus. Deux ans et demi apr\u00e8s le Qatargate, un nouveau scandale \u00e9branle l&rsquo;h\u00e9micycle.                    <\/p>\n<p>Le g\u00e9ant chinois des t\u00e9l\u00e9coms, Huawei, est soup\u00e7onn\u00e9 d\u2019avoir soudoy\u00e9 des parlementaires dans l\u2019objectif d\u2019influencer les d\u00e9cisions de l\u2019Union europ\u00e9enne (UE) sur la 5G. Alors que les soup\u00e7ons sur ses agissements existaient depuis des ann\u00e9es, la justice belge a plac\u00e9 quatre personnes sous mandat d&rsquo;arr\u00eat.<\/p>\n<p>Afin de garantir son int\u00e9grit\u00e9 et davantage de transparence, l&rsquo;institution europ\u00e9enne avait pourtant annonc\u00e9 apr\u00e8s le Qatargate une s\u00e9rie de mesures internes, ainsi qu&rsquo;un projet de r\u00e8gles \u00e9largi \u00e0 toutes les institutions de l&rsquo;UE. Cependant, du fait de leur mise en application tardive, elle se heurte \u00e0 la nouvelle majorit\u00e9 politique en place. <strong>\u00c0 Strasbourg, le reportage de Wylo\u00ebn Munhoz-Boillot.<\/strong><\/p>\n<p>M\u00e9tiers dits \u00ab\u00a0masculins\u00a0\u00bb et \u00ab\u00a0f\u00e9minins\u00a0\u00bb\u00a0: en Allemagne, la lutte contre les pr\u00e9jug\u00e9s de genre au travail<\/p>\n<p>L&rsquo;<strong><a href=\"https:\/\/www.rfi.fr\/fr\/tag\/allemagne\/\" target=\"_self\" class=\"gtm-add-suggested-tag\" rel=\"noopener\">Allemagne<\/a><\/strong> fait partie des pays europ\u00e9en qui manque cruellement de main d&rsquo;\u0153uvre. De nombreux secteurs professionnels peinent \u00e0 recruter outre Rhin\u00a0: la sant\u00e9, le soin, la construction, les m\u00e9tiers manuels ou encore l&rsquo;informatique. Parmi les facteurs qui entrent en jeu dans cette situation, il y a les pr\u00e9jug\u00e9s de genre. En effet, certains m\u00e9tiers sont toujours consid\u00e9r\u00e9s comme f\u00e9minins ou masculins, que ce soit par les candidats, candidates ou m\u00eame par les employeurs. Pour casser les st\u00e9r\u00e9otypes et susciter des vocations, l&rsquo;Allemagne organise tous les ans des journ\u00e9es d\u00e9couvertes des m\u00e9tiers. Celle qui concerne les filles, le \u00ab\u00a0girls&rsquo; day\u00a0\u00bb a beaucoup de succ\u00e8s. <strong>\u00c0 Berlin, notre correspondant Delphine Nerbollier s&rsquo;est retrouss\u00e9e les manches.<\/strong><\/p>\n<p>Poncifs du r\u00f4le parental\u00a0: Le \u00ab\u00a0mammo\u00a0\u00bb synonyme de papa poule en Italie<\/p>\n<p>Les st\u00e9r\u00e9otypes qui ont la vie dure nous emm\u00e8nent en <strong><a href=\"https:\/\/www.rfi.fr\/fr\/tag\/italie\/\" target=\"_self\" class=\"gtm-add-suggested-tag\" rel=\"noopener\">Italie<\/a><\/strong> cette semaine. Inutile de parler la langue pour savoir ce qu&rsquo;est la \u00ab\u00a0mamma\u00a0\u00bb, la sacro-sainte m\u00e8re dont la place est souvent d\u00e9crite comme plus importante dans ce pays que chez ses voisins. Mais qui conna\u00eet le \u00ab\u00a0mammo\u00a0\u00bb, le mot maman accord\u00e9 au masculin. Pourquoi ne pas dire Papa, \u00ab\u00a0babbo\u00a0\u00bb en italien\u00a0? <strong>\u00c9l\u00e9ments de r\u00e9ponse avec l\u2019une de nos correspondantes en Italie, C\u00e9cile Debarge.<\/strong><\/p>\n<p>Cendres, le documentaire qui rend hommage aux d\u00e9port\u00e9s oubli\u00e9s de 39-45<\/p>\n<p>C&rsquo;est un chapitre m\u00e9connu de la Seconde Guerre mondiale\u00a0: celui de la d\u00e9portation de prisonniers fran\u00e7ais et espagnols dans un camp de concentration nazi pr\u00e8s de Prague, en ancienne Tch\u00e9coslovaquie. Un documentaire intitul\u00e9 Cendres retrace le parcours de plusieurs dizaines d&rsquo;entre eux et de leurs cendres, sauv\u00e9es par le directeur du cr\u00e9matorium de Prague qui a refus\u00e9 d\u2019ob\u00e9ir aux ordres des SS. <strong>Les explications d&rsquo;Alexis Rosenzweig.<\/strong><\/p>\n","protected":false},"excerpt":{"rendered":"Le Parlement europ\u00e9en tr\u00e9buche, une fois de plus. Deux ans et demi apr\u00e8s le Qatargate, un nouveau scandale&hellip;\n","protected":false},"author":2,"featured_media":26935,"comment_status":"","ping_status":"","sticky":false,"template":"","format":"standard","meta":{"footnotes":""},"categories":[1586],"tags":[2361,11,672,1770,9497,1777,674,1779,1011,27,452,12,25,935,104,1778,364],"class_list":{"0":"post-26934","1":"post","2":"type-post","3":"status-publish","4":"format-standard","5":"has-post-thumbnail","7":"category-europe","8":"tag-accents-deurope","9":"tag-actualites","10":"tag-allemagne","11":"tag-corruption","12":"tag-emploi-et-travail","13":"tag-eu","14":"tag-europe","15":"tag-european-union","16":"tag-fr","17":"tag-france","18":"tag-italie","19":"tag-news","20":"tag-republique-francaise","21":"tag-seconde-guerre-mondiale","22":"tag-societe","23":"tag-ue","24":"tag-union-europeenne"},"share_on_mastodon":{"url":"https:\/\/pubeurope.com\/@fr\/114342871916192899","error":""},"_links":{"self":[{"href":"https:\/\/www.europesays.com\/fr\/wp-json\/wp\/v2\/posts\/26934","targetHints":{"allow":["GET"]}}],"collection":[{"href":"https:\/\/www.europesays.com\/fr\/wp-json\/wp\/v2\/posts"}],"about":[{"href":"https:\/\/www.europesays.com\/fr\/wp-json\/wp\/v2\/types\/post"}],"author":[{"embeddable":true,"href":"https:\/\/www.europesays.com\/fr\/wp-json\/wp\/v2\/users\/2"}],"replies":[{"embeddable":true,"href":"https:\/\/www.europesays.com\/fr\/wp-json\/wp\/v2\/comments?post=26934"}],"version-history":[{"count":0,"href":"https:\/\/www.europesays.com\/fr\/wp-json\/wp\/v2\/posts\/26934\/revisions"}],"wp:featuredmedia":[{"embeddable":true,"href":"https:\/\/www.europesays.com\/fr\/wp-json\/wp\/v2\/media\/26935"}],"wp:attachment":[{"href":"https:\/\/www.europesays.com\/fr\/wp-json\/wp\/v2\/media?parent=26934"}],"wp:term":[{"taxonomy":"category","embeddable":true,"href":"https:\/\/www.europesays.com\/fr\/wp-json\/wp\/v2\/categories?post=26934"},{"taxonomy":"post_tag","embeddable":true,"href":"https:\/\/www.europesays.com\/fr\/wp-json\/wp\/v2\/tags?post=26934"}],"curies":[{"name":"wp","href":"https:\/\/api.w.org\/{rel}","templated":true}]}}