{"id":269340,"date":"2025-07-24T01:24:25","date_gmt":"2025-07-24T01:24:25","guid":{"rendered":"https:\/\/www.europesays.com\/fr\/269340\/"},"modified":"2025-07-24T01:24:25","modified_gmt":"2025-07-24T01:24:25","slug":"henri-lahaye-redonne-vie-a-sa-fresque-iconique-cette-rue-de-baud","status":"publish","type":"post","link":"https:\/\/www.europesays.com\/fr\/269340\/","title":{"rendered":"Henri Lahaye redonne vie \u00e0 sa fresque iconique cette rue de Baud"},"content":{"rendered":"<p>            Par<br \/>\n        <strong><br \/>\n            <a href=\"https:\/\/actu.fr\/auteur\/lagazette\" title=\"Consulter tous les articles de R\u00e9daction Locmin\u00e9\" rel=\"nofollow noopener\" target=\"_blank\">R\u00e9daction Locmin\u00e9<\/a><br \/>\n        <\/strong><\/p>\n<p>        Publi\u00e9 le<\/p>\n<p>            22 juil. 2025 \u00e0 18h05        <\/p>\n<p>En 2000, le peintre <b>Henri Lahaye<\/b> s\u2019\u00e9tait vu confi\u00e9, pour son plus grand bonheur, la r\u00e9alisation de la fresque pr\u00e9sente au milieu de la rue Saint-Yves, \u00e0 <a href=\"https:\/\/actu.fr\/bretagne\/baud_56010\" rel=\"nofollow noopener\" target=\"_blank\">Baud<\/a>.<\/p>\n<p class=\" wall-content\">\u00ab J\u2019ai toujours aim\u00e9 travailler les tr\u00e8s grands formats en peinture mais ce que la municipalit\u00e9 de l\u2019\u00e9poque ne savait pas, c\u2019est qu\u2019il s\u2019agissait de ma premi\u00e8re fresque \u00bb confie l\u2019artiste.<\/p>\n<p class=\" wall-content\">En se positionnant dans le bas de la rue du Pont Clas, le peintre avait \u00e0 l\u2019\u00e9poque peint dans des tons bleus la vue qu\u2019il avait en levant les yeux, repr\u00e9sentant avec un grand r\u00e9alisme les maisons et le clocher de l\u2019\u00e9glise les surplombant.<\/p>\n<p>Un retour \u00ab\u00a0inesp\u00e9r\u00e9\u00a0\u00bb<\/p>\n<p class=\" wall-content\">25\u00a0ans plus tard, suite \u00e0 la r\u00e9fection totale de la rue Saint-Yves, Henri Lahaye a sugg\u00e9r\u00e9 \u00e0 la municipalit\u00e9 de refaire la fresque, leur pr\u00e9sentant un croquis avec cette fois une dominance de jaune, qui a \u00e9t\u00e9 valid\u00e9.<\/p>\n<p class=\" wall-content\">Imaginant le mur <b>tel un miroir<\/b>, Henri a, pour cette seconde r\u00e9alisation, choisi de repr\u00e9senter le haut de la rue Saint-Yves vue de la fresque, se d\u00e9pla\u00e7ant d\u2019un trottoir \u00e0 l\u2019autre pour en repr\u00e9senter les deux c\u00f4t\u00e9s.<\/p>\n<p>Vid\u00e9os : en ce moment sur Actu<\/p>\n<p class=\" wall-content\">\u00ab Je n\u2019ai rien invent\u00e9 mais j\u2019ai trich\u00e9 un peu pour sublimer la vue. La rue \u00e9tait d\u00e9j\u00e0 tr\u00e8s belle avant mais depuis qu\u2019elle a \u00e9t\u00e9 r\u00e9nov\u00e9e elle l\u2019est encore plus. C\u2019est cette beaut\u00e9 que j\u2019ai voulu mettre en avant avec cette nouvelle fresque \u00bb explique Henri Lahaye, qui se r\u00e9jouit que la municipalit\u00e9 lui ait \u00e0 nouveau fait confiance. \u00ab Revenir ici \u00e0 76\u00a0ans, c\u2019\u00e9tait inesp\u00e9r\u00e9 pour moi, mais c\u2019est tr\u00e8s stimulant ! \u00bb<\/p>\n<p>    <a href=\"https:\/\/maps.google.com\/maps?q=47.87072,-3.0188058&amp;z=15&amp;output=embed\" title=\"Ouvrie le lien\" rel=\"nofollow noopener\" target=\"_blank\">Cliquez ici pour visualiser le contenu<\/a><\/p>\n<p class=\" wall-content\">Suivez toute l\u2019actualit\u00e9 de vos villes et m\u00e9dias favoris en vous inscrivant \u00e0 <a href=\"https:\/\/moncompte.actu.fr\" title=\"D\u00e9couvez Mon Actu\" rel=\"nofollow noopener\" data-trk=\"{&quot;cta&quot;:{&quot;action&quot;:&quot;https:\\\/\\\/moncompte.actu.fr&quot;,&quot;category&quot;:&quot;mon compte&quot;,&quot;from&quot;:&quot;article footer&quot;,&quot;name&quot;:&quot;Mon actu&quot;,&quot;type&quot;:&quot;cta&quot;}}\" target=\"_blank\">Mon Actu<\/a>.<\/p>\n","protected":false},"excerpt":{"rendered":"Par R\u00e9daction Locmin\u00e9 Publi\u00e9 le 22 juil. 2025 \u00e0 18h05 En 2000, le peintre Henri Lahaye s\u2019\u00e9tait vu&hellip;\n","protected":false},"author":2,"featured_media":269341,"comment_status":"","ping_status":"","sticky":false,"template":"","format":"standard","meta":{"footnotes":""},"categories":[1358],"tags":[1348,1384,1385,1386,58,59,1011,27,104],"class_list":{"0":"post-269340","1":"post","2":"type-post","3":"status-publish","4":"format-standard","5":"has-post-thumbnail","7":"category-arts-et-design","8":"tag-arts","9":"tag-arts-and-design","10":"tag-arts-et-design","11":"tag-design","12":"tag-divertissement","13":"tag-entertainment","14":"tag-fr","15":"tag-france","16":"tag-societe"},"share_on_mastodon":{"url":"https:\/\/pubeurope.com\/@fr\/114905603307671521","error":""},"_links":{"self":[{"href":"https:\/\/www.europesays.com\/fr\/wp-json\/wp\/v2\/posts\/269340","targetHints":{"allow":["GET"]}}],"collection":[{"href":"https:\/\/www.europesays.com\/fr\/wp-json\/wp\/v2\/posts"}],"about":[{"href":"https:\/\/www.europesays.com\/fr\/wp-json\/wp\/v2\/types\/post"}],"author":[{"embeddable":true,"href":"https:\/\/www.europesays.com\/fr\/wp-json\/wp\/v2\/users\/2"}],"replies":[{"embeddable":true,"href":"https:\/\/www.europesays.com\/fr\/wp-json\/wp\/v2\/comments?post=269340"}],"version-history":[{"count":0,"href":"https:\/\/www.europesays.com\/fr\/wp-json\/wp\/v2\/posts\/269340\/revisions"}],"wp:featuredmedia":[{"embeddable":true,"href":"https:\/\/www.europesays.com\/fr\/wp-json\/wp\/v2\/media\/269341"}],"wp:attachment":[{"href":"https:\/\/www.europesays.com\/fr\/wp-json\/wp\/v2\/media?parent=269340"}],"wp:term":[{"taxonomy":"category","embeddable":true,"href":"https:\/\/www.europesays.com\/fr\/wp-json\/wp\/v2\/categories?post=269340"},{"taxonomy":"post_tag","embeddable":true,"href":"https:\/\/www.europesays.com\/fr\/wp-json\/wp\/v2\/tags?post=269340"}],"curies":[{"name":"wp","href":"https:\/\/api.w.org\/{rel}","templated":true}]}}