{"id":269344,"date":"2025-07-24T01:26:34","date_gmt":"2025-07-24T01:26:34","guid":{"rendered":"https:\/\/www.europesays.com\/fr\/269344\/"},"modified":"2025-07-24T01:26:34","modified_gmt":"2025-07-24T01:26:34","slug":"ne-croyez-pas-cette-rumeur-sur-les-derniers-episodes-de-la-serie","status":"publish","type":"post","link":"https:\/\/www.europesays.com\/fr\/269344\/","title":{"rendered":"Ne croyez pas cette rumeur sur les derniers \u00e9pisodes de la s\u00e9rie"},"content":{"rendered":"<p>Stranger Things fait partie des s\u00e9ries les plus attendues de cette fin d&rsquo;ann\u00e9e sur Netflix. Et pour cause, celle-ci s&rsquo;appr\u00eate \u00e0 signer son clap de fin avec une saison 5 qui fait aujourd&rsquo;hui l&rsquo;objet d&rsquo;une rumeur persistante. Face \u00e0 ces bruits de couloirs, Ross Duffer, le showrunner et cr\u00e9ateur de la s\u00e9rie, a rapidement mis les points sur les \u00ab\u00a0i\u00a0\u00bb.<\/p>\n<p>Stranger Things s&rsquo;ach\u00e8vera cette ann\u00e9e avec <a href=\"https:\/\/www.programme-tv.net\/news\/series-tv\/303715-stranger-things-saison-5-netflix-date-de-sortie-synopsis-casting-toutes-les-infos-sur-la-saison-a-venir\/\" data-api-deeplink=\"teleloisirs:\/\/news\/303715\" target=\"_blank\" rel=\"noopener\">une saison 5 tr\u00e8s attendue<\/a> sur <a href=\"https:\/\/www.programme-tv.net\/guide-netflix\/\" target=\"_blank\" rel=\"noopener\">Netflix<\/a>. Apr\u00e8s une quatri\u00e8me salve coup\u00e9e en deux parties, la plateforme de streaming a choisi de faire durer le plaisir <a href=\"https:\/\/www.programme-tv.net\/news\/series-tv\/380136-on-sait-enfin-quand-la-saison-finale-de-stranger-things-va-sortir-sur-netflix-les-dates-et-un-premier-teaser-devoiles\/\" data-api-deeplink=\"teleloisirs:\/\/news\/380136\" target=\"_blank\" rel=\"noopener\">en divisant les huit derniers \u00e9pisodes en trois parties distinctes<\/a> : les quatre premiers \u00e9pisodes sortiront le 27 novembre prochain \u00e0 2 heures du matin, les trois suivants seront disponibles le 26 d\u00e9cembre 2025 \u00e0 la m\u00eame heure et le grand final arrivera le 1er janvier 2026 sur Netflix. En attendant la saison finale de Stranger Things, <a href=\"https:\/\/www.programme-tv.net\/news\/series-tv\/383425-stranger-things-saison-5-cest-sur-on-va-pleurer-devant-les-episodes-et-la-bande-annonce-qui-vient-de-sortir-le-prouve-plus-que-jamais\/\" data-api-deeplink=\"teleloisirs:\/\/news\/383425\" target=\"_blank\" rel=\"noopener\">une premi\u00e8re bande-annonce a \u00e9t\u00e9 d\u00e9voil\u00e9e<\/a>, laissant entrevoir ce qu&rsquo;il va se passer pour nos h\u00e9ros d&rsquo;Hawkins. Si les fans ont d\u00e9j\u00e0 h\u00e2te de suivre les aventures d&rsquo;Eleven et ses amis, une rumeur autour de la dur\u00e9e XXL des prochains \u00e9pisodes les a quelque peu affol\u00e9s.<\/p>\n<p>                        <b>Le showrunner de <\/b><b>Stranger Things <\/b><b>met fin \u00e0 cette rumeur concernant les longues dur\u00e9es de la saison 5 <\/b><\/p>\n<p>Alors que les abonn\u00e9s de Netflix attendent de pied ferme la saison finale de  Stranger Things, un clich\u00e9 d\u00e9voilant la dur\u00e9e des huit ultimes \u00e9pisodes de la s\u00e9rie a fait le tour de la Toile. Sur celui-ci, on d\u00e9couvre que la plupart des \u00e9pisodes dureraient plus de deux heures, \u00e0 l&rsquo;exception du troisi\u00e8me et du huiti\u00e8me \u00e9pisode. Si l&rsquo;on en croit cette image, <b>le grand final de <\/b><b>Stranger Things<\/b><b> aurait une dur\u00e9e de trois heures&#8230;<\/b> Il n&rsquo;en fallait pas plus pour que les fans s&rsquo;affolent sur les r\u00e9seaux sociaux. Mais pas de panique, Ross Duffer, le showrunner et co-cr\u00e9ateur de la s\u00e9rie, est sorti du silence et a confirm\u00e9 que les dur\u00e9es des prochains \u00e9pisodes de la saison 5 n&rsquo;\u00e9taient pas celles d\u00e9voil\u00e9es sur le web. \u00ab\u00a0Lol, ce n&rsquo;est m\u00eame pas proche de la r\u00e9alit\u00e9\u00a0\u00bb, a-t-il \u00e9crit<a href=\"https:\/\/www.whats-on-netflix.com\/news\/stranger-things-showrunner-debunks-fake-season-5-runtimes-that-have-gone-viral\/\" target=\"_blank\" rel=\"noopener\"> en story Instagram<\/a>, accompagn\u00e9 du tableau reprenant les fameuses dur\u00e9es du chapitre final de Stranger Things.<\/p>\n<p>            <b>Stranger Things<\/b><b> : les \u00e9pisodes de la saison 5 seront <\/b><b>\u00ab\u00a0tr\u00e8s longs\u00a0\u00bb<\/b><b> d&rsquo;apr\u00e8s une star de la s\u00e9rie<\/b><\/p>\n<p>Bien que Netflix n&rsquo;ait pas encore officialis\u00e9 la dur\u00e9e des ultimes \u00e9pisodes de Stranger Things, Maya Hawke, l&rsquo;interpr\u00e8te de Robin Buckley,<a href=\"https:\/\/www.programme-tv.net\/news\/series-tv\/356183-l-equivalent-de-8-films-cette-star-de-stranger-things-fait-une-sacree-annonce-concernant-l-ultime-saison\/\" data-api-deeplink=\"teleloisirs:\/\/news\/356183\" target=\"_blank\" rel=\"noopener\"> avait affirm\u00e9 au micro de Podcrushed que ceux-ci seraient \u00ab\u00a0tr\u00e8s longs\u00a0\u00bb<\/a>. \u00ab\u00a0On tourne quasiment huit films\u00a0\u00bb, avait-elle ajout\u00e9, sans donner plus de d\u00e9tails.<\/p>\n<p>Article \u00e9crit en collaboration avec 6M\u00e9dias<\/p>\n","protected":false},"excerpt":{"rendered":"Stranger Things fait partie des s\u00e9ries les plus attendues de cette fin d&rsquo;ann\u00e9e sur Netflix. Et pour cause,&hellip;\n","protected":false},"author":2,"featured_media":269345,"comment_status":"","ping_status":"","sticky":false,"template":"","format":"standard","meta":{"footnotes":""},"categories":[1356],"tags":[244,58,59,1011,27,127,1722,19536,40851,40852,1721,129,252,1364],"class_list":{"0":"post-269344","1":"post","2":"type-post","3":"status-publish","4":"format-standard","5":"has-post-thumbnail","7":"category-television","8":"tag-commentaire","9":"tag-divertissement","10":"tag-entertainment","11":"tag-fr","12":"tag-france","13":"tag-netflix","14":"tag-pub-streaming-netflix","15":"tag-stranger-things","16":"tag-stranger-things-saison-5-52190881","17":"tag-stranger-things-20478001","18":"tag-su00e9rie-netflix","19":"tag-svod","20":"tag-television","21":"tag-tv"},"share_on_mastodon":{"url":"https:\/\/pubeurope.com\/@fr\/114905611279338343","error":""},"_links":{"self":[{"href":"https:\/\/www.europesays.com\/fr\/wp-json\/wp\/v2\/posts\/269344","targetHints":{"allow":["GET"]}}],"collection":[{"href":"https:\/\/www.europesays.com\/fr\/wp-json\/wp\/v2\/posts"}],"about":[{"href":"https:\/\/www.europesays.com\/fr\/wp-json\/wp\/v2\/types\/post"}],"author":[{"embeddable":true,"href":"https:\/\/www.europesays.com\/fr\/wp-json\/wp\/v2\/users\/2"}],"replies":[{"embeddable":true,"href":"https:\/\/www.europesays.com\/fr\/wp-json\/wp\/v2\/comments?post=269344"}],"version-history":[{"count":0,"href":"https:\/\/www.europesays.com\/fr\/wp-json\/wp\/v2\/posts\/269344\/revisions"}],"wp:featuredmedia":[{"embeddable":true,"href":"https:\/\/www.europesays.com\/fr\/wp-json\/wp\/v2\/media\/269345"}],"wp:attachment":[{"href":"https:\/\/www.europesays.com\/fr\/wp-json\/wp\/v2\/media?parent=269344"}],"wp:term":[{"taxonomy":"category","embeddable":true,"href":"https:\/\/www.europesays.com\/fr\/wp-json\/wp\/v2\/categories?post=269344"},{"taxonomy":"post_tag","embeddable":true,"href":"https:\/\/www.europesays.com\/fr\/wp-json\/wp\/v2\/tags?post=269344"}],"curies":[{"name":"wp","href":"https:\/\/api.w.org\/{rel}","templated":true}]}}