{"id":269354,"date":"2025-07-24T01:31:23","date_gmt":"2025-07-24T01:31:23","guid":{"rendered":"https:\/\/www.europesays.com\/fr\/269354\/"},"modified":"2025-07-24T01:31:23","modified_gmt":"2025-07-24T01:31:23","slug":"elle-detourne-la-kiss-cam-du-concert-de-coldplay-en-un-montage-pro-trump-et-se-fait-railler-par-les-internautes","status":"publish","type":"post","link":"https:\/\/www.europesays.com\/fr\/269354\/","title":{"rendered":"Elle d\u00e9tourne la kiss cam du concert de Coldplay en un montage pro-Trump et se fait railler par les internautes"},"content":{"rendered":"<p>C\u2019est ce qu\u2019on appelle manquer son coup. Une \u00e9lue <a href=\"https:\/\/www.20minutes.fr\/monde\/republicains\/\" class=\"color-ultramarine c-link\" target=\"_blank\" rel=\"noopener\">r\u00e9publicaine<\/a> s\u2019est amus\u00e9e \u00e0 faire un petit montage pour flatter la politique de <a href=\"https:\/\/www.20minutes.fr\/dossier\/donald_trump\" class=\"color-ultramarine c-link\" target=\"_blank\" rel=\"noopener\">Donald Trump<\/a> en utilisant la photo du<a href=\"https:\/\/www.20minutes.fr\/arts-stars\/people\/4164167-20250717-pdg-astronomer-fait-griller-maitresse-concert-coldplay-boston\" class=\"color-ultramarine c-link\" target=\"_blank\" rel=\"noopener\">\u00a0couple pris en flagrant d\u00e9lit d\u2019infid\u00e9lit\u00e9 lors d\u2019un concert de Coldplay<\/a>. Sauf qu\u2019apparemment, elle n\u2019avait pas eu vent de l\u2019histoire dans son int\u00e9gralit\u00e9, rapporte le <a href=\"https:\/\/www.huffingtonpost.fr\/international\/article\/la-video-virale-du-concert-de-coldplay-a-inspire-a-une-elue-trumpiste-une-blague-qui-s-est-retournee-contre-elle_252823.html\" target=\"_blank\" class=\"color-ultramarine c-link\" rel=\"noopener\">HuffPost<\/a>.<\/p>\n<p>C\u2019est sur X que Nancy Mace a publi\u00e9 l\u2019image, affirmant au-dessus que \u00ab\u00a0l\u2019emploi parmi les travailleurs n\u00e9s aux <a href=\"https:\/\/www.20minutes.fr\/monde\/etats-unis\/\" class=\"color-ultramarine c-link\" target=\"_blank\" rel=\"noopener\">\u00c9tats-Unis<\/a>\u00a0\u00bb avait progress\u00e9 de \u00ab\u00a0pr\u00e8s de 2\u00a0millions de postes depuis janvier\u00a0\u00bb, remerciant au passage, et de mani\u00e8re \u00e0 peine voil\u00e9e, l\u2019ex-pr\u00e9sident Trump. Sur la photo du couple qui se c\u00e2line dans les gradins, elle appose alors les \u00e9tiquettes\u00a0: \u00ab\u00a0Trump\u2019s Economy\u00a0\u00bb (l\u2019\u00e9conomie de Trump) sur le visage de l\u2019homme, et \u00ab\u00a0American Born Workers\u00a0\u00bb (les travailleurs n\u00e9s aux \u00c9tats-Unis) sur celui de la femme.<\/p>\n<p class=\"mb-xxl@xs color-ultramarine font-weight-semi-bold@xs font-source-serif-pro heading-s@xs\">L\u2019acc\u00e8s \u00e0 ce contenu a \u00e9t\u00e9 bloqu\u00e9 afin de respecter votre choix de consentement<\/p>\n<p class=\"mb-m@xs text-l@xs\">En cliquant sur\u00ab J\u2019accepte \u00bb, vous acceptez le d\u00e9p\u00f4t de cookies par des services externes et aurez ainsi acc\u00e8s aux contenus de nos partenaires.<\/p>\n<p class=\"mb-xl@xs text-s@xs\">Plus d\u2019informations sur la page<a href=\"https:\/\/www.20minutes.fr\/gestion-cookies\" class=\"mx-xxs@xs color-ultramarine\" target=\"_blank\" rel=\"noopener\">Politique de gestion des cookies<\/a><\/p>\n<p>J\u2019accepteLa ris\u00e9e du net<\/p>\n<p>Probl\u00e8me\u00a0: quelques secondes apr\u00e8s cette image, capt\u00e9e par une love cam, les deux tourtereaux ont maladroitement tent\u00e9 de se cacher. Et pour cause\u00a0: les amants en question, Andy Byron, PDG de la start-up Astronomer, et Kristin Cabot, DRH de la m\u00eame entreprise, sont tous les deux mari\u00e9s chacun de leur c\u00f4t\u00e9. Une donn\u00e9e manifestement inconnue de la trumpiste, qui s\u2019est attir\u00e9e depuis les moqueries d\u2019un bon paquet d\u2019internautes.<\/p>\n<\/p>\n<p>Donc \u00ab\u00a0les Am\u00e9ricains ont une relation adult\u00e8re avec Trump\u00a0\u00bb\u00a0?, s\u2019interroge l\u2019un. \u00ab\u00a0Vous avez raison, Trump baise les travailleurs am\u00e9ricains alors qu\u2019il ne devrait pas le faire\u00a0\u00bb, ironise un autre. Certains ont m\u00eame d\u00e9tourn\u00e9 le visuel pour faire le parall\u00e8le avec l\u2019affaire Epstein, dans laquelle Trump est actuellement mis en cause en raison de <a href=\"https:\/\/www.20minutes.fr\/monde\/4164196-20250718-donald-trump-menace-poursuites-article-attribuant-lettre-salace-epstein\" class=\"color-ultramarine c-link\" target=\"_blank\" rel=\"noopener\">ses liens pr\u00e9sum\u00e9s avec le financier new-yorkais accus\u00e9 de p\u00e9docriminalit\u00e9<\/a>. Sur la photo du couple ill\u00e9gitime tentant de se cacher, on peut lire\u00a0: \u00ab\u00a0Les dossiers Epstein\u00a0\u00bb sur l\u2019un des visages, et \u00ab\u00a0Trump\u00a0\u00bb sur l\u2019autre.<\/p>\n","protected":false},"excerpt":{"rendered":"C\u2019est ce qu\u2019on appelle manquer son coup. Une \u00e9lue r\u00e9publicaine s\u2019est amus\u00e9e \u00e0 faire un petit montage pour&hellip;\n","protected":false},"author":2,"featured_media":269355,"comment_status":"","ping_status":"","sticky":false,"template":"","format":"standard","meta":{"footnotes":""},"categories":[8],"tags":[6439,58,75,59,73,1011,27,896],"class_list":{"0":"post-269354","1":"post","2":"type-post","3":"status-publish","4":"format-standard","5":"has-post-thumbnail","7":"category-divertissement","8":"tag-coldplay","9":"tag-divertissement","10":"tag-donald-trump","11":"tag-entertainment","12":"tag-etats-unis","13":"tag-fr","14":"tag-france","15":"tag-tas-vu"},"share_on_mastodon":{"url":"https:\/\/pubeurope.com\/@fr\/114905630878690192","error":""},"_links":{"self":[{"href":"https:\/\/www.europesays.com\/fr\/wp-json\/wp\/v2\/posts\/269354","targetHints":{"allow":["GET"]}}],"collection":[{"href":"https:\/\/www.europesays.com\/fr\/wp-json\/wp\/v2\/posts"}],"about":[{"href":"https:\/\/www.europesays.com\/fr\/wp-json\/wp\/v2\/types\/post"}],"author":[{"embeddable":true,"href":"https:\/\/www.europesays.com\/fr\/wp-json\/wp\/v2\/users\/2"}],"replies":[{"embeddable":true,"href":"https:\/\/www.europesays.com\/fr\/wp-json\/wp\/v2\/comments?post=269354"}],"version-history":[{"count":0,"href":"https:\/\/www.europesays.com\/fr\/wp-json\/wp\/v2\/posts\/269354\/revisions"}],"wp:featuredmedia":[{"embeddable":true,"href":"https:\/\/www.europesays.com\/fr\/wp-json\/wp\/v2\/media\/269355"}],"wp:attachment":[{"href":"https:\/\/www.europesays.com\/fr\/wp-json\/wp\/v2\/media?parent=269354"}],"wp:term":[{"taxonomy":"category","embeddable":true,"href":"https:\/\/www.europesays.com\/fr\/wp-json\/wp\/v2\/categories?post=269354"},{"taxonomy":"post_tag","embeddable":true,"href":"https:\/\/www.europesays.com\/fr\/wp-json\/wp\/v2\/tags?post=269354"}],"curies":[{"name":"wp","href":"https:\/\/api.w.org\/{rel}","templated":true}]}}