{"id":269360,"date":"2025-07-24T01:34:12","date_gmt":"2025-07-24T01:34:12","guid":{"rendered":"https:\/\/www.europesays.com\/fr\/269360\/"},"modified":"2025-07-24T01:34:12","modified_gmt":"2025-07-24T01:34:12","slug":"ukraine-zelensky-reprend-la-main-sur-les-institutions-anticorruption-lue-proteste-mediapart","status":"publish","type":"post","link":"https:\/\/www.europesays.com\/fr\/269360\/","title":{"rendered":"Ukraine : Zelensky reprend la main sur les institutions anticorruption, l\u2019UE proteste &#8211; Mediapart"},"content":{"rendered":"<ol>\n<li><a href=\"https:\/\/news.google.com\/rss\/articles\/CBMi0gFBVV95cUxOZE90azUwcTMzVnR6c3FhYTZQLUo2c3pyR0hKc2xNbjVqUzNmaWI5d1ViTWZFdDl3UDBudzhoYnBBRlgtb0cxVENoTzdwTEJEZFhWY3JoSFFyN1lxMEtiNEtlWmpvVVFMV3Fpdlh6UXltbjFncWRIY3VON0VTMkswa1Zjb0tna1hPUkt1VE93Z2NKSHlybWlvWFNYTWI3NXN2MDloeGY4N3NQVWtQU2JHS0Q3Tl9SclZydEU3THdsWE5Pa1NDRk0wWVVZR3pJNXB3NlE?oc=5\" target=\"_blank\" rel=\"noopener\">Ukraine : Zelensky reprend la main sur les institutions anticorruption, l\u2019UE proteste<\/a>&nbsp;&nbsp;Mediapart<\/li>\n<li><a href=\"https:\/\/news.google.com\/rss\/articles\/CBMi3wFBVV95cUxPSFRnOXgzdG1acnZIbERCLW1BbVBIRWtkZXMwQkIwbnlIaHM5b2x2ajl1OWNycUFOSEUwRm9EbEdiNVVBZ3ZPZWlpQUdwR2RvcGpTNHNHLUl4clZob0JrM2NCbzlibk5ZeVhmMnBnRzFpU2R4YmZzS3BDSWQyTURyd1BrVmwyU3JPZ05mdFpXYzhOckkwaU5ZMEdmTTNVNFF4ZlVzQ2dhWkVEdVhKRnRFalNHMkw5SVBlbXFxTGlQczhTa2d3aktDTXpzVXNtTjFqSU9zdkFFVmhqQS0ySXBB?oc=5\" target=\"_blank\" rel=\"noopener\">Ukraine : quelles cons\u00e9quences apr\u00e8s la promulgation d\u2019une loi mettant en p\u00e9ril la lutte contre la corruption ?<\/a>&nbsp;&nbsp;Le Figaro<\/li>\n<li><a href=\"https:\/\/news.google.com\/rss\/articles\/CBMigAJBVV95cUxPY3lfR0cyN2RKRGRMTUlRdVNyay00X2RpTWRWOGtPQWUzVlJNX1p1RkJtangwXzlkUGhybTU2V2Y3ckpZbmkzckZrZ3l5NTg3c29ERWpHMVVJSHVsczQyeGs0bzI0blZUSV80c2tVYVlNQ1RhNEpBMWltNy1zQnJ4N0lZYTJsZHN5UEtXM3Y4TmRVd2FmNDVUeG1hQllfaDhab2FteXcya2I2QW1Hdy1NZlV1dUZIWjdkeTRfcTVsdE9nYTZpQXBIY0tOamVfTjN3ZmZoeEpLbVVCTm83R2N4WUFKSU9sbk9GalVjaEZvNDZaLUp3M3hIUHE1WnAzUC00?oc=5\" target=\"_blank\" rel=\"noopener\">\u00ab\u00a0Une Ukraine libre\u00a0\u00bb: \u00e0 Kiev, la rue se soul\u00e8ve contre la loi mena\u00e7ant les agences anticorruption<\/a>&nbsp;&nbsp;Courrier international<\/li>\n<li><a href=\"https:\/\/news.google.com\/rss\/articles\/CBMiogJBVV95cUxPV2F5cFJYdmJ1eElCSVFmUlhNak1Bc24wdDhwTmxUbzkyeUUzWTdLOEpoeG5MTDBGTnpFN2I5M2xVWXhjLXBIT0YxNllRZHFhN21sOXRDQ0wwNk9qQmtFZmxHNUgxdXZZc3lqZ2lWb2czdERGbnJfVzRsTHFZYUYyQ2ZKUlZ5VmFVWG9HMzBnQ0dfalNDbkJURWgwWFNLVVc4WlBMU09tNWdjVEpZeFV4Z2pTVGdwR2FtZ19MRnYyRVlsWTNwU0hxMEpoVEtzMS14cmtnX1h5bWF3T2JxX19hb3BFVkd6SGVmbVV3YXhUWWlJN2N6UEhxM2xyQ3VTeDBEMU12VDc1MjM4XzQ4UWFxNXdwbm9PRkEyY2Z0S3c2UkNhUQ?oc=5\" target=\"_blank\" rel=\"noopener\">\u00abC\u2019est quoi ce bordel ?\u00bb : la col\u00e8re des Ukrainiens face \u00e0 la mise sous tutelle des agences anticorruption par Zelensky<\/a>&nbsp;&nbsp;Lib\u00e9ration<\/li>\n<li><a href=\"https:\/\/news.google.com\/rss\/articles\/CBMiwwFBVV95cUxOeVhYTGt3NHJIaFBmUGVxUW9OQmFrS0NHZm9wcmFORVBnUDNULVZxalJRaUFqZUx4WHF2XzFvODJyd3dNRVpDV1k4N2oxT040MlpHaFNSN292RzBXeWxCNy1qdnF3VFRLWTM2cVVnQ0hJcWlINk4xUUQzMXpoamoxaklvMExnd1pUUEF2a0twYUxTQ3JkZEZ4S3cyTmZjM1k0Q044MzhiVm01SnZoNkVQRVYwM1RmV1Ztc24tTzNwaDFMNGc?oc=5\" target=\"_blank\" rel=\"noopener\">Corruption en Ukraine : Volodymyr Zelensky s\u00e8me le trouble<\/a>&nbsp;&nbsp;France 24<\/li>\n<\/ol>\n","protected":false},"excerpt":{"rendered":"Ukraine : Zelensky reprend la main sur les institutions anticorruption, l\u2019UE proteste&nbsp;&nbsp;Mediapart Ukraine : quelles cons\u00e9quences apr\u00e8s la&hellip;\n","protected":false},"author":2,"featured_media":269361,"comment_status":"","ping_status":"","sticky":false,"template":"","format":"standard","meta":{"footnotes":""},"categories":[5],"tags":[11,1770,674,1011,27,14,12,220,364,28],"class_list":{"0":"post-269360","1":"post","2":"type-post","3":"status-publish","4":"format-standard","5":"has-post-thumbnail","7":"category-international","8":"tag-actualites","9":"tag-corruption","10":"tag-europe","11":"tag-fr","12":"tag-france","13":"tag-international","14":"tag-news","15":"tag-ukraine","16":"tag-union-europeenne","17":"tag-world"},"share_on_mastodon":{"url":"https:\/\/pubeurope.com\/@fr\/114905642996091890","error":""},"_links":{"self":[{"href":"https:\/\/www.europesays.com\/fr\/wp-json\/wp\/v2\/posts\/269360","targetHints":{"allow":["GET"]}}],"collection":[{"href":"https:\/\/www.europesays.com\/fr\/wp-json\/wp\/v2\/posts"}],"about":[{"href":"https:\/\/www.europesays.com\/fr\/wp-json\/wp\/v2\/types\/post"}],"author":[{"embeddable":true,"href":"https:\/\/www.europesays.com\/fr\/wp-json\/wp\/v2\/users\/2"}],"replies":[{"embeddable":true,"href":"https:\/\/www.europesays.com\/fr\/wp-json\/wp\/v2\/comments?post=269360"}],"version-history":[{"count":0,"href":"https:\/\/www.europesays.com\/fr\/wp-json\/wp\/v2\/posts\/269360\/revisions"}],"wp:featuredmedia":[{"embeddable":true,"href":"https:\/\/www.europesays.com\/fr\/wp-json\/wp\/v2\/media\/269361"}],"wp:attachment":[{"href":"https:\/\/www.europesays.com\/fr\/wp-json\/wp\/v2\/media?parent=269360"}],"wp:term":[{"taxonomy":"category","embeddable":true,"href":"https:\/\/www.europesays.com\/fr\/wp-json\/wp\/v2\/categories?post=269360"},{"taxonomy":"post_tag","embeddable":true,"href":"https:\/\/www.europesays.com\/fr\/wp-json\/wp\/v2\/tags?post=269360"}],"curies":[{"name":"wp","href":"https:\/\/api.w.org\/{rel}","templated":true}]}}