{"id":269382,"date":"2025-07-24T01:52:19","date_gmt":"2025-07-24T01:52:19","guid":{"rendered":"https:\/\/www.europesays.com\/fr\/269382\/"},"modified":"2025-07-24T01:52:19","modified_gmt":"2025-07-24T01:52:19","slug":"jahel-trefle-selectionne-pour-leuro-u18","status":"publish","type":"post","link":"https:\/\/www.europesays.com\/fr\/269382\/","title":{"rendered":"Jahel Tr\u00e8fle s\u00e9lectionn\u00e9 pour l\u2019Euro U18 !"},"content":{"rendered":"<p class=\"text-align-justify chapo\"><strong>La pr\u00e9paration est termin\u00e9e, place \u00e0 la comp\u00e9tition ! L\u2019\u00c9quipe de France U18 s\u2019envole pour la Serbie afin de disputer l\u2019EuroBasket 2025 avec un groupe d\u00e9sormais officiel. Parmi les 12 Bleuets s\u00e9lectionn\u00e9s, on retrouve Jahel Tr\u00e8fle, notre jeune SIGman, qui int\u00e9grera l\u2019effectif professionnel \u00e0 la rentr\u00e9e.<\/strong><\/p>\n<p>La derni\u00e8re ligne droite est lanc\u00e9e pour l\u2019\u00c9quipe de France U18 ! Apr\u00e8s un stage de pr\u00e9paration concluant en Espagne, les Bleuets de la s\u00e9lectionneuse \u00c9lise Prodhomme sont fin pr\u00eats pour l\u2019EuroBasket 2025, qui d\u00e9bute ce samedi 26 juillet en Serbie avec une premi\u00e8re rencontre face \u00e0 la Su\u00e8de (13h30). Et parmi les 12 joueurs s\u00e9lectionn\u00e9s pour disputer ce championnat d\u2019Europe figure un nom bien connu de la SIGArmy : Jahel Tr\u00e8fle, notre jeune SIGman qui int\u00e9grera l\u2019effectif professionnel de la SIG Strasbourg \u00e0 la rentr\u00e9e et son fid\u00e8le acolyte Maxence Lemoine, pr\u00eat\u00e9 cette saison \u00e0 La Rochelle pour continuer sa progression.<br \/>\nDurant leur passage en Espagne, les Tricolores ont encha\u00een\u00e9 trois matchs de pr\u00e9paration solides face \u00e0 la Gr\u00e8ce, la Turquie et le pays h\u00f4te, l\u2019Espagne. L\u2019objectif de ce tournoi amical \u00e9tait clair : peaufiner les automatismes, renforcer la coh\u00e9sion et affiner le collectif. Mission r\u00e9ussie pour les Fran\u00e7ais, qui ont impressionn\u00e9 avec trois victoires.<br \/>\nLe groupe final peaufine ses derniers r\u00e9glages \u00e0 l\u2019INSEP depuis le 19 juillet avant de s\u2019envoler vers la Serbie. \u00c0 l\u2019issue de cette phase de pr\u00e9paration, Jahel Tr\u00e8fle a \u00e9t\u00e9 officiellement retenu parmi les 12 joueurs qui disputeront l\u2019EuroBasket U18 2025, une magnifique r\u00e9compense pour notre jeune SIGman.<\/p>\n<p class=\"text-align-justify\">\u00a0<\/p>\n<p><strong>Toute la SIGArmy sera derri\u00e8re lui pour suivre\u00a0<\/strong><br \/>\n<strong>ses performances sous le maillot bleu ! Bravo Jahel !<\/strong><\/p>\n","protected":false},"excerpt":{"rendered":"La pr\u00e9paration est termin\u00e9e, place \u00e0 la comp\u00e9tition ! L\u2019\u00c9quipe de France U18 s\u2019envole pour la Serbie afin&hellip;\n","protected":false},"author":2,"featured_media":269383,"comment_status":"","ping_status":"","sticky":false,"template":"","format":"standard","meta":{"footnotes":""},"categories":[2820],"tags":[1111,11,3146,1777,674,1011,27,775,3145,12,25,3144,640],"class_list":{"0":"post-269382","1":"post","2":"type-post","3":"status-publish","4":"format-standard","5":"has-post-thumbnail","7":"category-strasbourg","8":"tag-actu","9":"tag-actualites","10":"tag-betclic-elite","11":"tag-eu","12":"tag-europe","13":"tag-fr","14":"tag-france","15":"tag-grand-est","16":"tag-lnb","17":"tag-news","18":"tag-republique-francaise","19":"tag-sig","20":"tag-strasbourg"},"share_on_mastodon":{"url":"https:\/\/pubeurope.com\/@fr\/114905713629333738","error":""},"_links":{"self":[{"href":"https:\/\/www.europesays.com\/fr\/wp-json\/wp\/v2\/posts\/269382","targetHints":{"allow":["GET"]}}],"collection":[{"href":"https:\/\/www.europesays.com\/fr\/wp-json\/wp\/v2\/posts"}],"about":[{"href":"https:\/\/www.europesays.com\/fr\/wp-json\/wp\/v2\/types\/post"}],"author":[{"embeddable":true,"href":"https:\/\/www.europesays.com\/fr\/wp-json\/wp\/v2\/users\/2"}],"replies":[{"embeddable":true,"href":"https:\/\/www.europesays.com\/fr\/wp-json\/wp\/v2\/comments?post=269382"}],"version-history":[{"count":0,"href":"https:\/\/www.europesays.com\/fr\/wp-json\/wp\/v2\/posts\/269382\/revisions"}],"wp:featuredmedia":[{"embeddable":true,"href":"https:\/\/www.europesays.com\/fr\/wp-json\/wp\/v2\/media\/269383"}],"wp:attachment":[{"href":"https:\/\/www.europesays.com\/fr\/wp-json\/wp\/v2\/media?parent=269382"}],"wp:term":[{"taxonomy":"category","embeddable":true,"href":"https:\/\/www.europesays.com\/fr\/wp-json\/wp\/v2\/categories?post=269382"},{"taxonomy":"post_tag","embeddable":true,"href":"https:\/\/www.europesays.com\/fr\/wp-json\/wp\/v2\/tags?post=269382"}],"curies":[{"name":"wp","href":"https:\/\/api.w.org\/{rel}","templated":true}]}}