{"id":269393,"date":"2025-07-24T01:58:20","date_gmt":"2025-07-24T01:58:20","guid":{"rendered":"https:\/\/www.europesays.com\/fr\/269393\/"},"modified":"2025-07-24T01:58:20","modified_gmt":"2025-07-24T01:58:20","slug":"gaetan-laborde-va-rapporter-aux-girondins-de-bordeaux","status":"publish","type":"post","link":"https:\/\/www.europesays.com\/fr\/269393\/","title":{"rendered":"Ga\u00ebtan Laborde va rapporter aux Girondins de Bordeaux"},"content":{"rendered":"<p><img fetchpriority=\"high\" decoding=\"async\" width=\"620\" height=\"413\" src=\"https:\/\/www.europesays.com\/fr\/wp-content\/uploads\/2025\/07\/Gaetan-Laborde-Nike--620x413.jpg\" alt=\"Ga\u00ebtan Laborde va rapporter aux Girondins de Bordeaux\" class=\"wp-image-274672\"  \/>Une aubaine pour les Girondins de Bordeaux que le transfert de Ga\u00ebtan Laborde.<\/p>\n<p>Un dernier cadeau avant la longue route vers l\u2019Arabie Saoudite. Hors de son contr\u00f4le certes, mais le natif de Mont-de-Marsan appr\u00e9ciera s\u00fbrement la contribution \u00e0 son club formateur qui en a particuli\u00e8rement besoin. Ga\u00ebtan Laborde a quitt\u00e9 ce mardi l\u2019<a href=\"https:\/\/sportune.20minutes.fr\/ogc-nice-ogcn\" target=\"_blank\" rel=\"noopener\">OGC Nice<\/a> et le championnat de <a href=\"https:\/\/sportune.20minutes.fr\/ligue-1-l1\" target=\"_blank\" rel=\"noopener\">Ligue 1<\/a>, pour rejoindre l\u2019Arabie Saoudite et le club Al-Diraiyah FC, promu en Deuxi\u00e8me Division.<\/p>\n<p>Un transfert payant \u00e0 4 M\u20ac pour l\u2019OGC Nice<\/p>\n<p>Le transfert est payant, estim\u00e9 de l\u2019ordre de 4 millions d\u2019euros au b\u00e9n\u00e9fice des Aiglons. En vertu du m\u00e9canisme de solidarit\u00e9 de la FIFA, une part doit revenir aux clubs qui ont form\u00e9 le prolifique attaquant de 31 ans. En ce cas, ce sont les Girondins de Bordeaux qui vont en profiter. Ga\u00ebtan Laborde les a fr\u00e9quent\u00e9 sur toute la p\u00e9riode du dispositif, depuis ses 12 ans et jusqu\u2019\u00e0 l\u2019\u00e2ge de 23 ans. Mais il a, entre temps, pass\u00e9 quelques saisons en pr\u00eat, au <a href=\"https:\/\/sportune.20minutes.fr\/red-star-fc\" target=\"_blank\" rel=\"noopener\">Red Star FC<\/a>, puis au <a href=\"https:\/\/sportune.20minutes.fr\/stade-brestois-sb29\" target=\"_blank\" rel=\"noopener\">Stade Brestois<\/a> et en suivant au <a href=\"https:\/\/sportune.20minutes.fr\/clermont-foot\" target=\"_blank\" rel=\"noopener\">Clermont Foot<\/a>.<\/p>\n<p>Mais une part doit revenir aux Girondins qui l\u2019ont form\u00e9<\/p>\n<p>Ces trois clubs profitent aussi de la contribution solidaire, chacun devant percevoir 20 000 euros, si l\u2019indemnit\u00e9 est de 4 millions. Quant aux Girondins de Bordeaux, ils recevront 140 000 euros pour le cumul des ann\u00e9es pass\u00e9es par le joueur entre les murs du centre de formation. Pour un club qui demeure sous plan de redressement judiciaire, cela compte \u00e9norm\u00e9ment.<\/p>\n","protected":false},"excerpt":{"rendered":"Une aubaine pour les Girondins de Bordeaux que le transfert de Ga\u00ebtan Laborde. Un dernier cadeau avant la&hellip;\n","protected":false},"author":2,"featured_media":269394,"comment_status":"","ping_status":"","sticky":false,"template":"","format":"standard","meta":{"footnotes":""},"categories":[2817],"tags":[1111,11,1997,1777,674,1011,27,2908,12,2219,25,969],"class_list":{"0":"post-269393","1":"post","2":"type-post","3":"status-publish","4":"format-standard","5":"has-post-thumbnail","7":"category-bordeaux","8":"tag-actu","9":"tag-actualites","10":"tag-bordeaux","11":"tag-eu","12":"tag-europe","13":"tag-fr","14":"tag-france","15":"tag-girondins-de-bordeaux","16":"tag-news","17":"tag-nouvelle-aquitaine","18":"tag-republique-francaise","19":"tag-transfert"},"share_on_mastodon":{"url":"https:\/\/pubeurope.com\/@fr\/114905737116347843","error":""},"_links":{"self":[{"href":"https:\/\/www.europesays.com\/fr\/wp-json\/wp\/v2\/posts\/269393","targetHints":{"allow":["GET"]}}],"collection":[{"href":"https:\/\/www.europesays.com\/fr\/wp-json\/wp\/v2\/posts"}],"about":[{"href":"https:\/\/www.europesays.com\/fr\/wp-json\/wp\/v2\/types\/post"}],"author":[{"embeddable":true,"href":"https:\/\/www.europesays.com\/fr\/wp-json\/wp\/v2\/users\/2"}],"replies":[{"embeddable":true,"href":"https:\/\/www.europesays.com\/fr\/wp-json\/wp\/v2\/comments?post=269393"}],"version-history":[{"count":0,"href":"https:\/\/www.europesays.com\/fr\/wp-json\/wp\/v2\/posts\/269393\/revisions"}],"wp:featuredmedia":[{"embeddable":true,"href":"https:\/\/www.europesays.com\/fr\/wp-json\/wp\/v2\/media\/269394"}],"wp:attachment":[{"href":"https:\/\/www.europesays.com\/fr\/wp-json\/wp\/v2\/media?parent=269393"}],"wp:term":[{"taxonomy":"category","embeddable":true,"href":"https:\/\/www.europesays.com\/fr\/wp-json\/wp\/v2\/categories?post=269393"},{"taxonomy":"post_tag","embeddable":true,"href":"https:\/\/www.europesays.com\/fr\/wp-json\/wp\/v2\/tags?post=269393"}],"curies":[{"name":"wp","href":"https:\/\/api.w.org\/{rel}","templated":true}]}}