{"id":2694,"date":"2025-04-04T12:21:12","date_gmt":"2025-04-04T12:21:12","guid":{"rendered":"https:\/\/www.europesays.com\/fr\/2694\/"},"modified":"2025-04-04T12:21:12","modified_gmt":"2025-04-04T12:21:12","slug":"jai-une-confiance-absolue-en-ferrari-assure-lewis-hamilton","status":"publish","type":"post","link":"https:\/\/www.europesays.com\/fr\/2694\/","title":{"rendered":"\u00abJ\u2019ai une confiance absolue en Ferrari\u00bb, assure Lewis Hamilton"},"content":{"rendered":"<p>Avant le Grand Prix du Japon, ce dimanche, le Britannique a r\u00e9p\u00e9t\u00e9 que l\u2019\u00e9curie italienne et lui avaient besoin de temps.<\/p>\n<p class=\"fig-paragraph\"><a href=\"http:\/\/www.lefigaro.fr\/sports\/formule-1\/formule-1-lewis-hamilton-et-ferrari-le-mariage-de-la-demesure-20250314\" data-fig-type=\"Article\" data-gtm-custom-categorie=\"navigation\" data-gtm-custom-action=\"crossclick\" data-gtm-custom-label=\"Contextuel\" data-gtm-event=\"customEventSPE\" data-fig-domain=\"LEFIGARO\" target=\"_blank\" rel=\"noopener\">Lewis Hamilton<\/a>\u00a0a remport\u00e9 la course sprint en Chine, fin mars, mais a connu des difficult\u00e9s lors du Grand Prix de Shanghai et de l\u2019ouverture de la saison en Australie. Ferrari n\u2019occupe que la 5e place du classement des constructeurs (apr\u00e8s que Hamilton et son co\u00e9quipier Charles Leclerc ont \u00e9t\u00e9 disqualifi\u00e9s des cinqui\u00e8me et sixi\u00e8me places en Chine pour des infractions techniques). Au classement des pilotes, apr\u00e8s 3 Grands Prix, Lewis Hamilton est 8e, Charles Leclerc 9e.<\/p>\n<p class=\"fig-paragraph\">\u00abJ\u2019ai vu que quelqu\u2019un a dit que je perdais la foi en l\u2019\u00e9quipe, ce qui est compl\u00e8tement absurde. J\u2019ai une confiance absolue dans cette \u00e9quipe. Il est \u00e9vident qu\u2019il y a eu beaucoup de battage m\u00e9diatique au d\u00e9but de l\u2019ann\u00e9e. Je ne sais pas si tout le monde s\u2019attendait \u00e0 ce que nous gagnions d\u00e8s la premi\u00e8re course et que nous remportions le championnat d\u00e8s notre premi\u00e8re ann\u00e9e. Ce n\u2019\u00e9tait pas mon attente. Je sais que j\u2019arrive dans une nouvelle culture, une nouvelle \u00e9quipe et que cela va prendre du temps\u00bb, a r\u00e9sum\u00e9 Lewis Hamilton, le septuple champion du monde pour \u00e9carter l\u2019id\u00e9e de tensions.<\/p>\n","protected":false},"excerpt":{"rendered":"Avant le Grand Prix du Japon, ce dimanche, le Britannique a r\u00e9p\u00e9t\u00e9 que l\u2019\u00e9curie italienne et lui avaient&hellip;\n","protected":false},"author":2,"featured_media":2695,"comment_status":"","ping_status":"","sticky":false,"template":"","format":"standard","meta":{"footnotes":""},"categories":[1412],"tags":[1977,1976,525,1981,1979,1983,1451,1452,1453,1454,1455,1011,27,1982,1975,1978,1980,60],"class_list":{"0":"post-2694","1":"post","2":"type-post","3":"status-publish","4":"format-standard","5":"has-post-thumbnail","7":"category-f1","8":"tag-auto","9":"tag-auto-moto","10":"tag-calendrier","11":"tag-classement","12":"tag-constructeurs","13":"tag-essai","14":"tag-f1","15":"tag-formula-1","16":"tag-formula1","17":"tag-formule-1","18":"tag-formule1","19":"tag-fr","20":"tag-france","21":"tag-grand-prix","22":"tag-lewis-hamilton","23":"tag-pilotes","24":"tag-resultats","25":"tag-sports"},"share_on_mastodon":{"url":"https:\/\/pubeurope.com\/@fr\/114279670282964319","error":""},"_links":{"self":[{"href":"https:\/\/www.europesays.com\/fr\/wp-json\/wp\/v2\/posts\/2694","targetHints":{"allow":["GET"]}}],"collection":[{"href":"https:\/\/www.europesays.com\/fr\/wp-json\/wp\/v2\/posts"}],"about":[{"href":"https:\/\/www.europesays.com\/fr\/wp-json\/wp\/v2\/types\/post"}],"author":[{"embeddable":true,"href":"https:\/\/www.europesays.com\/fr\/wp-json\/wp\/v2\/users\/2"}],"replies":[{"embeddable":true,"href":"https:\/\/www.europesays.com\/fr\/wp-json\/wp\/v2\/comments?post=2694"}],"version-history":[{"count":0,"href":"https:\/\/www.europesays.com\/fr\/wp-json\/wp\/v2\/posts\/2694\/revisions"}],"wp:featuredmedia":[{"embeddable":true,"href":"https:\/\/www.europesays.com\/fr\/wp-json\/wp\/v2\/media\/2695"}],"wp:attachment":[{"href":"https:\/\/www.europesays.com\/fr\/wp-json\/wp\/v2\/media?parent=2694"}],"wp:term":[{"taxonomy":"category","embeddable":true,"href":"https:\/\/www.europesays.com\/fr\/wp-json\/wp\/v2\/categories?post=2694"},{"taxonomy":"post_tag","embeddable":true,"href":"https:\/\/www.europesays.com\/fr\/wp-json\/wp\/v2\/tags?post=2694"}],"curies":[{"name":"wp","href":"https:\/\/api.w.org\/{rel}","templated":true}]}}