{"id":269404,"date":"2025-07-24T02:05:11","date_gmt":"2025-07-24T02:05:11","guid":{"rendered":"https:\/\/www.europesays.com\/fr\/269404\/"},"modified":"2025-07-24T02:05:11","modified_gmt":"2025-07-24T02:05:11","slug":"deux-rassemblements-a-lyon-pour-la-palestine","status":"publish","type":"post","link":"https:\/\/www.europesays.com\/fr\/269404\/","title":{"rendered":"deux rassemblements \u00e0 Lyon pour la Palestine"},"content":{"rendered":"<p class=\"wp-block-post-excerpt__excerpt\">Deux mobilisations sont pr\u00e9vues les mercredi 23 et samedi 26 juillet \u00e0 Lyon pour d\u00e9noncer la famine orchestr\u00e9e par l\u2019\u00c9tat d\u2019Isra\u00ebl dans l\u2019enclave palestinienne. <\/p>\n<p class=\"font-sans\">\n\t\t\tCet article est en acc\u00e8s libre. Pour soutenir Rue89 Lyon,<br \/>\n\t\t\t<a class=\"underline\" href=\"https:\/\/www.rue89lyon.fr\/abonnement\/\" rel=\"nofollow noopener\" target=\"_blank\">abonnez-vous<\/a>.\n\t\t<\/p>\n<p>Rue89Lyon<\/p>\n<p>Publi\u00e9 le 23 juillet 2025\u00a0\u00a0\u00b7\u00a0\u00a0<\/p>\n<p>Imprim\u00e9 le 24 juillet 2025 \u00e0 04h03\u00a0\u00a0\u00b7\u00a0\u00a0<\/p>\n<p>\t\t\t\t\t2\u00a0minutes\n<\/p>\n<p>Depuis pr\u00e8s de deux ans, manifestations et rassemblements se multiplient en soutien au peuple palestinien, victime des crimes de l\u2019\u00c9tat isra\u00e9lien. Face \u00e0 la famine qui touche l\u2019ensemble de la population de Gaza, deux associations lyonnaises appellent \u00e0 battre le pav\u00e9 lyonnais. <\/p>\n<p>Sur place, la situation ne cesse de s\u2019aggraver. Plus de 58 000 Palestiniens ont \u00e9t\u00e9 tu\u00e9s, dont la majorit\u00e9 des civils, depuis octobre 2023, selon le minist\u00e8re de la Sant\u00e9 palestinien, des chiffres jug\u00e9s fiables par l\u2019ONU. Le chiffre de 100 000 morts est mentionn\u00e9 par une \u00e9tude r\u00e9cente, relay\u00e9e par\u00a0<a href=\"https:\/\/www.courrierinternational.com\/article\/etude-a-gaza-la-barre-des-100-000-morts-a-probablement-ete-atteinte_232822\" target=\"_blank\" rel=\"noreferrer noopener nofollow\">Courrier international<\/a>.<\/p>\n<p>Par cet appel, \u00ab Gaza meurt de faim, le monde se tait \u00bb, l\u2019association Urgence Palestine Lyon donne rendez-vous le mercredi 23 juillet \u00e0 18h30 sur la place de la R\u00e9publique pour d\u00e9noncer le g\u00e9nocide en cours \u00e0 Gaza et exiger la lev\u00e9e imm\u00e9diate du blocus et de l\u2019entr\u00e9e de l\u2019aide alimentaire. Afin d\u2019alerter sur l\u2019extr\u00eame urgence de la famine \u00e0 Gaza, il est demand\u00e9 d\u2019apporter casseroles, marmites et ustensiles.<\/p>\n<p>Un autre rassemblement, organis\u00e9 par le collectif 69 de soutien au peuple palestinien, est pr\u00e9vu samedi 26 juillet \u00e0 15h, place de la R\u00e9publique (Lyon 2e).<\/p>\n<p>\t\tGaza : ONG, journalistes et institutions alertent sur une \u00ab famine de masse \u00bb <\/p>\n<p>Les cris d\u2019alerte sur la famine dans l\u2019enclave palestinienne ne cessent de se succ\u00e9der. \u00c0 plusieurs reprises, plus d\u2019une<strong>\u00a0<\/strong>centaine d\u2019organisations humanitaires ont alert\u00e9 de la \u00ab famine de masse \u00bb qui se propage \u00e0 Gaza. Le secr\u00e9taire g\u00e9n\u00e9ral de l\u2019ONU, Antonio Guterres, s\u2019est aussi dit \u00ab horrifi\u00e9 \u00bb par l\u2019ampleur des morts et des destructions, qu\u2019il a qualifi\u00e9es de \u00ab sans \u00e9quivalent dans l\u2019histoire r\u00e9cente \u00bb, \u00e0 Gaza. En ajoutant lors de cette r\u00e9union du Conseil de s\u00e9curit\u00e9 : \u00ab La malnutrition explose et la famine frappe \u00e0 toutes les portes. \u00bb<\/p>\n<p>Au total, depuis mai dernier, plus de 1000 personnes qui tentaient de r\u00e9cup\u00e9rer des colis alimentaires ont \u00e9t\u00e9 tu\u00e9es, pr\u00e8s des sites et convois d\u2019aide humanitaire de la Fondation humanitaire de Gaza (GHF), par l\u2019arm\u00e9e isra\u00e9lienne, selon le Haut commissariat des Nations unies aux droits de l\u2019Homme.<\/p>\n<p>Vingt-et-un mois de guerre o\u00f9 les Palestiniens meurent, affam\u00e9s et bombard\u00e9s. Le directeur de l\u2019h\u00f4pital Al-Shifa, a affirm\u00e9, mardi 22 juillet, que 21\u00a0enfants \u00e9taient morts de faim et de malnutrition en 72 heures dans le territoire palestinien.<\/p>\n<p>Menac\u00e9s, eux aussi, de famine, les journalistes de Gaza appellent \u00e0 l\u2019aide. Dans un communiqu\u00e9 paru lundi 21 juillet, la Soci\u00e9t\u00e9 des journalistes de l\u2019AFP alerte sur les conditions de vie de leurs collaborateurs. <\/p>\n<p>In\u00e9dit, le ministre fran\u00e7ais des Affaires \u00e9trang\u00e8res Jean-No\u00ebl Barrot a r\u00e9clam\u00e9 que \u00ab la presse libre et ind\u00e9pendante puisse acc\u00e9der \u00e0 Gaza pour montrer \u00bb ce qu\u2019il s\u2019y produit.<\/p>\n","protected":false},"excerpt":{"rendered":"Deux mobilisations sont pr\u00e9vues les mercredi 23 et samedi 26 juillet \u00e0 Lyon pour d\u00e9noncer la famine orchestr\u00e9e&hellip;\n","protected":false},"author":2,"featured_media":269405,"comment_status":"","ping_status":"","sticky":false,"template":"","format":"standard","meta":{"footnotes":""},"categories":[1889],"tags":[1111,11,2430,1777,674,1011,27,2428,2088,12,25,104],"class_list":{"0":"post-269404","1":"post","2":"type-post","3":"status-publish","4":"format-standard","5":"has-post-thumbnail","7":"category-lyon","8":"tag-actu","9":"tag-actualites","10":"tag-auvergne-rhone-alpes","11":"tag-eu","12":"tag-europe","13":"tag-fr","14":"tag-france","15":"tag-lyon","16":"tag-manifestation","17":"tag-news","18":"tag-republique-francaise","19":"tag-societe"},"share_on_mastodon":{"url":"https:\/\/pubeurope.com\/@fr\/114905764577874703","error":""},"_links":{"self":[{"href":"https:\/\/www.europesays.com\/fr\/wp-json\/wp\/v2\/posts\/269404","targetHints":{"allow":["GET"]}}],"collection":[{"href":"https:\/\/www.europesays.com\/fr\/wp-json\/wp\/v2\/posts"}],"about":[{"href":"https:\/\/www.europesays.com\/fr\/wp-json\/wp\/v2\/types\/post"}],"author":[{"embeddable":true,"href":"https:\/\/www.europesays.com\/fr\/wp-json\/wp\/v2\/users\/2"}],"replies":[{"embeddable":true,"href":"https:\/\/www.europesays.com\/fr\/wp-json\/wp\/v2\/comments?post=269404"}],"version-history":[{"count":0,"href":"https:\/\/www.europesays.com\/fr\/wp-json\/wp\/v2\/posts\/269404\/revisions"}],"wp:featuredmedia":[{"embeddable":true,"href":"https:\/\/www.europesays.com\/fr\/wp-json\/wp\/v2\/media\/269405"}],"wp:attachment":[{"href":"https:\/\/www.europesays.com\/fr\/wp-json\/wp\/v2\/media?parent=269404"}],"wp:term":[{"taxonomy":"category","embeddable":true,"href":"https:\/\/www.europesays.com\/fr\/wp-json\/wp\/v2\/categories?post=269404"},{"taxonomy":"post_tag","embeddable":true,"href":"https:\/\/www.europesays.com\/fr\/wp-json\/wp\/v2\/tags?post=269404"}],"curies":[{"name":"wp","href":"https:\/\/api.w.org\/{rel}","templated":true}]}}