{"id":269406,"date":"2025-07-24T02:06:17","date_gmt":"2025-07-24T02:06:17","guid":{"rendered":"https:\/\/www.europesays.com\/fr\/269406\/"},"modified":"2025-07-24T02:06:17","modified_gmt":"2025-07-24T02:06:17","slug":"pres-de-lyon-la-conduite-du-chauffard-vire-au-drame-un-ouvrier-fauche-sur-la-route-en-travaux","status":"publish","type":"post","link":"https:\/\/www.europesays.com\/fr\/269406\/","title":{"rendered":"Pr\u00e8s de Lyon. La conduite du chauffard vire au drame, un ouvrier fauch\u00e9 sur la route en travaux"},"content":{"rendered":"<p>            Par<br \/>\n        <strong><br \/>\n            <a href=\"https:\/\/actu.fr\/auteur\/julien-damboise\" title=\"Consulter tous les articles de Julien Damboise\" rel=\"nofollow noopener\" target=\"_blank\">Julien Damboise<\/a><br \/>\n        <\/strong><\/p>\n<p>        Publi\u00e9 le<\/p>\n<p>            23 juil. 2025 \u00e0 18h04        <\/p>\n<p>C\u2019est la consternation dans le d\u00e9partement de l\u2019<a href=\"https:\/\/actu.fr\/auvergne-rhone-alpes\/ain_01\" rel=\"nofollow noopener\" target=\"_blank\">Ain<\/a> apr\u00e8s un drame sur un <strong>chantier routier<\/strong> du d\u00e9partement ce mardi 22 juillet 2025. Dans la matin\u00e9e, un agent des routes a \u00e9t\u00e9 <strong>renvers\u00e9 par un automobiliste<\/strong> qui n\u2019a pas respect\u00e9 les feux des travaux. La victime a \u00e9t\u00e9 prise en charge par les <a href=\"https:\/\/actu.fr\/tag\/pompiers\" rel=\"nofollow noopener\" target=\"_blank\">pompiers<\/a>. Le mis en cause a pris la fuite et reste <strong>recherch\u00e9 par les forces de l\u2019ordre<\/strong>.<\/p>\n<p>Percut\u00e9 sur son lieu de travail<\/p>\n<p class=\" wall-content\">Selon nos informations, le choc s\u2019est d\u00e9roul\u00e9 vers 9 h 30 du matin sur la RD 1504, dans le sens Amb\u00e9rieu-en-Bugey \u2013 Belley.\u00a0<\/p>\n<p class=\" wall-content\">Alors qu\u2019il travaillait \u00e0 l\u2019entretien d\u2019un aqueduc, l\u2019agent des routes a \u00e9t\u00e9 percut\u00e9 par un v\u00e9hicule l\u00e9ger qui n\u2019a pas respect\u00e9 les <strong>feux alternatifs<\/strong> d\u2019un chantier balis\u00e9 et s\u00e9curis\u00e9. Le chauffard a d\u00e9lib\u00e9r\u00e9ment forc\u00e9 le passage avant de<strong> renverser l\u2019homme qui travaillait<\/strong> sur place.<\/p>\n<p class=\" wall-content\">Les sapeurs-pompiers ont \u00e9t\u00e9 rapidement pr\u00e9venus, puis la victime souffrante de <strong>multiples contusions<\/strong> a \u00e9t\u00e9 prise en charge et d\u00e9pos\u00e9e \u00e0 l\u2019h\u00f4pital de Belley. Elle a finalement pu rejoindre son domicile en fin de matin\u00e9e.<\/p>\n<blockquote class=\"ac-article-quote wall-content\">\n<p>Au moment de l&rsquo;accident, l&rsquo;agent des routes portait des \u00e9quipements de protection individuelle (gilet haute visibilit\u00e9, chaussures de s\u00e9curit\u00e9) et travaillait dans le respect des<br \/>\nconsignes de s\u00e9curit\u00e9. Le chantier \u00e9tait signal\u00e9 selon les proc\u00e9dures \u00e9tablies, les dispositifs de balisage r\u00e9glementaires avaient \u00e9t\u00e9 install\u00e9s : pr\u00e9sence de feux de chantier, neutralisation de la route par des c\u00f4nes, stationnement d&rsquo;un fourgon de chantier.<\/p>\n<p>    <strong>D\u00e9partement de l&rsquo;Ain<\/strong>\n            <\/p><\/blockquote>\n<p>L\u2019automobiliste a pris la fuite<\/p>\n<p class=\" wall-content\">Le mis en cause dans cette affaire a quitt\u00e9 les lieux avec son v\u00e9hicule apr\u00e8s l\u2019accident. Il serait <strong>toujours recherch\u00e9 par les forces de l\u2019ordre<\/strong> dans le cadre d\u2019une enqu\u00eate ouverte.<\/p>\n<p class=\" wall-content\">Une plainte a \u00e9t\u00e9 d\u00e9pos\u00e9e par la collectivit\u00e9. Dans un communiqu\u00e9, le pr\u00e9sident du d\u00e9partement, Jean Deguerry, \u00ab\u00a0d\u00e9plore<strong> l\u2019irresponsabilit\u00e9<\/strong> du conducteur\u00a0\u00bb en cause.<\/p>\n<p class=\" wall-content\">Il tient aussi \u00e0 \u00ab\u00a0exprimer son soutien total \u00e0 la victime\u00a0\u00bb, mais aussi \u00ab\u00a0\u00e0 l\u2019ensemble des agents des routes mobilis\u00e9s au quotidien sur le terrain, dans des conditions souvent difficiles\u00a0\u00bb.<\/p>\n<p class=\" wall-content\">Suivez toute l\u2019actualit\u00e9 de vos villes et m\u00e9dias favoris en vous inscrivant \u00e0 <a href=\"https:\/\/moncompte.actu.fr\" title=\"D\u00e9couvez Mon Actu\" rel=\"nofollow noopener\" data-trk=\"{&quot;cta&quot;:{&quot;action&quot;:&quot;https:\\\/\\\/moncompte.actu.fr&quot;,&quot;category&quot;:&quot;mon compte&quot;,&quot;from&quot;:&quot;article footer&quot;,&quot;name&quot;:&quot;Mon actu&quot;,&quot;type&quot;:&quot;cta&quot;}}\" target=\"_blank\">Mon Actu<\/a>.<\/p>\n","protected":false},"excerpt":{"rendered":"Par Julien Damboise Publi\u00e9 le 23 juil. 2025 \u00e0 18h04 C\u2019est la consternation dans le d\u00e9partement de l\u2019Ain&hellip;\n","protected":false},"author":2,"featured_media":269407,"comment_status":"","ping_status":"","sticky":false,"template":"","format":"standard","meta":{"footnotes":""},"categories":[1889],"tags":[119,1111,11,2430,1777,674,118,1011,27,2428,12,25,2086],"class_list":{"0":"post-269406","1":"post","2":"type-post","3":"status-publish","4":"format-standard","5":"has-post-thumbnail","7":"category-lyon","8":"tag-accident","9":"tag-actu","10":"tag-actualites","11":"tag-auvergne-rhone-alpes","12":"tag-eu","13":"tag-europe","14":"tag-faits-divers","15":"tag-fr","16":"tag-france","17":"tag-lyon","18":"tag-news","19":"tag-republique-francaise","20":"tag-travaux"},"share_on_mastodon":{"url":"https:\/\/pubeurope.com\/@fr\/114905768422498243","error":""},"_links":{"self":[{"href":"https:\/\/www.europesays.com\/fr\/wp-json\/wp\/v2\/posts\/269406","targetHints":{"allow":["GET"]}}],"collection":[{"href":"https:\/\/www.europesays.com\/fr\/wp-json\/wp\/v2\/posts"}],"about":[{"href":"https:\/\/www.europesays.com\/fr\/wp-json\/wp\/v2\/types\/post"}],"author":[{"embeddable":true,"href":"https:\/\/www.europesays.com\/fr\/wp-json\/wp\/v2\/users\/2"}],"replies":[{"embeddable":true,"href":"https:\/\/www.europesays.com\/fr\/wp-json\/wp\/v2\/comments?post=269406"}],"version-history":[{"count":0,"href":"https:\/\/www.europesays.com\/fr\/wp-json\/wp\/v2\/posts\/269406\/revisions"}],"wp:featuredmedia":[{"embeddable":true,"href":"https:\/\/www.europesays.com\/fr\/wp-json\/wp\/v2\/media\/269407"}],"wp:attachment":[{"href":"https:\/\/www.europesays.com\/fr\/wp-json\/wp\/v2\/media?parent=269406"}],"wp:term":[{"taxonomy":"category","embeddable":true,"href":"https:\/\/www.europesays.com\/fr\/wp-json\/wp\/v2\/categories?post=269406"},{"taxonomy":"post_tag","embeddable":true,"href":"https:\/\/www.europesays.com\/fr\/wp-json\/wp\/v2\/tags?post=269406"}],"curies":[{"name":"wp","href":"https:\/\/api.w.org\/{rel}","templated":true}]}}