{"id":269408,"date":"2025-07-24T02:09:13","date_gmt":"2025-07-24T02:09:13","guid":{"rendered":"https:\/\/www.europesays.com\/fr\/269408\/"},"modified":"2025-07-24T02:09:13","modified_gmt":"2025-07-24T02:09:13","slug":"rachida-dati-serait-une-excellente-maire-de-paris-dapres-sophie-primas","status":"publish","type":"post","link":"https:\/\/www.europesays.com\/fr\/269408\/","title":{"rendered":"Rachida Dati serait une \u00abexcellente maire\u00bb de Paris d\u2019apr\u00e8s Sophie Primas"},"content":{"rendered":"<p>La porte-parole du gouvernement a apport\u00e9 son soutien \u00e0 la candidature de Rachida Dati \u00e0 la mairie de Paris, en vue des \u00e9lections municipales de 2026. Le signe d\u2019une solidarit\u00e9 des ministres LR, pour leur coll\u00e8gue du gouvernement.<\/p>\n<p class=\"fig-paragraph\">Au sein du camp pr\u00e9sidentiel, Les R\u00e9publicains se serrent les coudes. Invit\u00e9e, mercredi matin, sur le plateau de TF1, la porte-parole du gouvernement, Sophie Primas, a d\u00e9fendu la candidature de Rachida Dati \u00e0 la mairie de Paris, \u00e0 huit mois des municipales de 2026. \u00abRachida Dati est passionn\u00e9e par Paris. Pour ma part, je pense que ce serait une excellente maire\u00bb, a plaid\u00e9 Sophie Primas, alors que la ministre de la Culture est sous la pression de la justice apr\u00e8s que des juges d\u2019instruction ont ordonn\u00e9 mardi son renvoi en correctionnelle pour corruption et trafic d\u2019influence dans l\u2019affaire Renault-Nissan. Interrog\u00e9e sur l\u2019opportunit\u00e9 que repr\u00e9sente la campagne de Rachida Dati pour Paris, la ministre a ajout\u00e9\u00a0: \u00abC\u2019est une excellente candidate, pas que pour la droite. C\u2019est une excellente candidate pour Paris, pour les Parisiens.\u00bb<\/p>\n<p>Entre la droite et le centre<\/p>\n<p class=\"fig-paragraph\">La porte-parole, comme son homologue de la Culture, appartiennent toutes deux \u00e0 LR, parti pr\u00e9sid\u00e9 par le ministre de l\u2019Int\u00e9rieur Bruno Retailleau. Celui-ci a \u00e9galement\u00a0<a href=\"https:\/\/video.lefigaro.fr\/figaro\/video\/sophie-primas-rappelle-que-evidemment-bruno-retailleau-restera-au-gouvernement\/\" target=\"_blank\" data-fig-type=\"Video\" rel=\"sponsored noopener nofollow\" data-gtm-custom-categorie=\"navigation\" data-gtm-custom-action=\"crossclick\" data-gtm-custom-label=\"Contextuel\" data-gtm-event=\"customEventSPE\" data-fig-domain=\"VIDEO\">re\u00e7u le soutien de Sophie Primas<\/a>, apr\u00e8s avoir suscit\u00e9 l\u2019agacement de ses coll\u00e8gues du bloc central,\u00a0<a href=\"https:\/\/video.lefigaro.fr\/figaro\/video\/le-macronisme-nest-ni-un-mouvement-politique-ni-une-ideologie-estime-bruno-retailleau\/\" target=\"_blank\" data-fig-type=\"Video\" rel=\"sponsored noopener nofollow\" data-gtm-custom-categorie=\"navigation\" data-gtm-custom-action=\"crossclick\" data-gtm-custom-label=\"Contextuel\" data-gtm-event=\"customEventSPE\" data-fig-domain=\"VIDEO\">en affirmant mardi, dans Valeurs actuelles<\/a>, que \u00able macronisme s\u2019ach\u00e8vera avec Emmanuel Macron\u00bb. Un constat qui pourtant n\u2019est pas nouveau, et a \u00e9t\u00e9 formul\u00e9 par d\u2019autres avant lui, dont Sophie Primas elle-m\u00eame. La ministre d\u00e9l\u00e9gu\u00e9e a rappel\u00e9 faire partie, aux c\u00f4t\u00e9s de ses coll\u00e8gues LR, d\u2019un \u00abgouvernement d\u2019assemblage\u00bb, visant \u00e0 \u00ab\u00e9viter que le pays soit gouvern\u00e9 par les extr\u00eames\u00bb.<\/p>\n<p>                                    <a class=\"fig-a11y-skip a11y-hidden\" href=\"#fig-a11y-skip-main-inarticle\"><br \/>\n        Passer la publicit\u00e9<br \/>\n    <\/a><\/p>\n<p class=\"fig-paragraph\">D\u2019apr\u00e8s\u00a0<a href=\"http:\/\/www.lefigaro.fr\/politique\/municipales-2026-a-paris-rachida-dati-en-pole-position-face-a-une-gauche-divisee-20250328\" data-fig-type=\"Article\" data-gtm-custom-categorie=\"navigation\" data-gtm-custom-action=\"crossclick\" data-gtm-custom-label=\"Contextuel\" data-gtm-event=\"customEventSPE\" data-fig-domain=\"LEFIGARO\" rel=\"nofollow noopener\" target=\"_blank\">un sondage Ifop-Fiducial pour Le Figaro et Sud Radio<\/a>, Rachida Dati comptabilise plus d\u2019un tiers des intentions de vote, au premier tour des \u00e9lections municipales. Des chiffres qui reposent sur l\u2019hypoth\u00e8se qu\u2019elle serait \u00e0 la t\u00eate d\u2019une liste r\u00e9unissant les composantes du bloc central. La ministre de la Culture avait justement d\u00e9fendu une alliance entre LR et la macronie, le 4 juillet, aux c\u00f4t\u00e9s de Benjamin Haddad, son coll\u00e8gue aux Affaires europ\u00e9ennes.<\/p>\n<p class=\"fig-body-link\">\n            \u00c0 lire aussi<br \/>\n        <a class=\"fig-body-link__link\" href=\"http:\/\/www.lefigaro.fr\/politique\/municipales-2026-a-paris-l-union-des-lr-et-des-macronistes-lancees-20250704\" data-fig-type=\"NewsFlash\" data-gtm-custom-categorie=\"navigation\" data-gtm-custom-action=\"crossclick\" data-gtm-custom-label=\"Contextuel\" data-gtm-event=\"customEventSPE\" data-fig-domain=\"LEFIGARO\" rel=\"nofollow noopener\" target=\"_blank\">Municipales 2026 \u00e0 Paris\u00a0: l\u2019union des LR et des macronistes lanc\u00e9e<br \/>\n    <\/a>\n<\/p>\n<p>Dati concurrenc\u00e9e<\/p>\n<p class=\"fig-paragraph\">Une chose est s\u00fbre, Rachida Dati entend bien se d\u00e9fendre jusqu\u2019au bout. \u00ab\u00a0Je ne renoncerai sur rien\u00a0\u00bb\u00a0a-t-elle martel\u00e9 mardi soir sur LCI, que ce soit sur son minist\u00e8re ou sur sa qu\u00eate de la mairie de Paris. \u00abJe ne suis pas condamn\u00e9e\u00bb, a-t-elle rappel\u00e9, tout en regrettant que \u00abdes adversaires instrumentalisent de mani\u00e8re un peu honteuse\u00bb l\u2019affaire.<\/p>\n<p class=\"fig-paragraph\">Le porte-parole du PS Arthur Delaporte a lui demand\u00e9 sur X la d\u00e9mission de la ministre, tout comme le candidat Horizons \u00e0 la mairie de Paris Pierre-Yves Bournazel, \u00abafin de prot\u00e9ger la fonction de ministre de la Culture\u00bb. Quant aux municipales, \u00abcela rel\u00e8ve de son \u00e9thique personnelle\u00bb, a ajout\u00e9 l\u2019\u00e9lu.<\/p>\n<p class=\"fig-paragraph\">La campagne de Rachida Dati pour Paris est \u00e9galement contrari\u00e9e depuis l\u2019annonce de la candidature de Michel Barnier \u00e0 la l\u00e9gislative partielle dans la 2e circonscription de la capitale, o\u00f9 l\u2019\u00e9lection du d\u00e9put\u00e9 macroniste Jean Laussucq a \u00e9t\u00e9 invalid\u00e9e par le Conseil constitutionnel.<\/p>\n<p class=\"fig-body-link\">\n            \u00c0 lire aussi<br \/>\n        <a class=\"fig-body-link__link\" href=\"http:\/\/www.lefigaro.fr\/politique\/legislative-partielle-a-paris-rachida-dati-estime-que-son-rival-michel-barnier-est-instrumentalise-20250722\" data-fig-type=\"NewsFlash\" data-gtm-custom-categorie=\"navigation\" data-gtm-custom-action=\"crossclick\" data-gtm-custom-label=\"Contextuel\" data-gtm-event=\"customEventSPE\" data-fig-domain=\"LEFIGARO\" rel=\"nofollow noopener\" target=\"_blank\">L\u00e9gislative partielle \u00e0 Paris\u00a0: Rachida Dati estime que Michel Barnier est \u00abinstrumentalis\u00e9\u00bb<br \/>\n    <\/a>\n<\/p>\n<p class=\"fig-paragraph\">La maire du 7e soup\u00e7onne ses rivaux LR parisiens, dont le s\u00e9nateur Francis Szpiner qui demande l\u2019investiture de son parti pour les municipales, d\u2019\u00abinstrumentaliser\u00bb l\u2019ex-Premier ministre pour en faire un \u00ab\u00a0plan B\u00a0\u00bb \u00e0 sa candidature en cas d\u2019emp\u00eachement judiciaire. Et ce, m\u00eame si ce dernier se d\u00e9fend de toute ambition municipale.<\/p>\n<p>                                    <a class=\"fig-a11y-skip a11y-hidden\" href=\"#fig-a11y-skip-main-inarticle_mtf\"><br \/>\n        Passer la publicit\u00e9<br \/>\n    <\/a><\/p>\n<p class=\"fig-paragraph\">La situation devrait se clarifier, alors que la commission nationale d\u2019investiture des R\u00e9publicains doit se r\u00e9unir lundi 28 juillet.<\/p>\n","protected":false},"excerpt":{"rendered":"La porte-parole du gouvernement a apport\u00e9 son soutien \u00e0 la candidature de Rachida Dati \u00e0 la mairie de&hellip;\n","protected":false},"author":2,"featured_media":269409,"comment_status":"","ping_status":"","sticky":false,"template":"","format":"standard","meta":{"footnotes":""},"categories":[1888],"tags":[1111,1928,11,1927,1013,1777,674,1011,27,3554,12,1926,626,1925,417,25],"class_list":{"0":"post-269408","1":"post","2":"type-post","3":"status-publish","4":"format-standard","5":"has-post-thumbnail","7":"category-paris","8":"tag-actu","9":"tag-actu-paris","10":"tag-actualites","11":"tag-actualites-paris","12":"tag-bruno-retailleau","13":"tag-eu","14":"tag-europe","15":"tag-fr","16":"tag-france","17":"tag-municipales","18":"tag-news","19":"tag-news-paris","20":"tag-paris","21":"tag-paris-news","22":"tag-rachida-dati","23":"tag-republique-francaise"},"share_on_mastodon":{"url":"https:\/\/pubeurope.com\/@fr\/114905780215996387","error":""},"_links":{"self":[{"href":"https:\/\/www.europesays.com\/fr\/wp-json\/wp\/v2\/posts\/269408","targetHints":{"allow":["GET"]}}],"collection":[{"href":"https:\/\/www.europesays.com\/fr\/wp-json\/wp\/v2\/posts"}],"about":[{"href":"https:\/\/www.europesays.com\/fr\/wp-json\/wp\/v2\/types\/post"}],"author":[{"embeddable":true,"href":"https:\/\/www.europesays.com\/fr\/wp-json\/wp\/v2\/users\/2"}],"replies":[{"embeddable":true,"href":"https:\/\/www.europesays.com\/fr\/wp-json\/wp\/v2\/comments?post=269408"}],"version-history":[{"count":0,"href":"https:\/\/www.europesays.com\/fr\/wp-json\/wp\/v2\/posts\/269408\/revisions"}],"wp:featuredmedia":[{"embeddable":true,"href":"https:\/\/www.europesays.com\/fr\/wp-json\/wp\/v2\/media\/269409"}],"wp:attachment":[{"href":"https:\/\/www.europesays.com\/fr\/wp-json\/wp\/v2\/media?parent=269408"}],"wp:term":[{"taxonomy":"category","embeddable":true,"href":"https:\/\/www.europesays.com\/fr\/wp-json\/wp\/v2\/categories?post=269408"},{"taxonomy":"post_tag","embeddable":true,"href":"https:\/\/www.europesays.com\/fr\/wp-json\/wp\/v2\/tags?post=269408"}],"curies":[{"name":"wp","href":"https:\/\/api.w.org\/{rel}","templated":true}]}}