{"id":269416,"date":"2025-07-24T02:13:13","date_gmt":"2025-07-24T02:13:13","guid":{"rendered":"https:\/\/www.europesays.com\/fr\/269416\/"},"modified":"2025-07-24T02:13:13","modified_gmt":"2025-07-24T02:13:13","slug":"multimedia-la-russie-et-lukraine-tiennent-leur-troisieme-cycle-de-negociations-de-paix-a-istanbul-xinhua","status":"publish","type":"post","link":"https:\/\/www.europesays.com\/fr\/269416\/","title":{"rendered":"(Multim\u00e9dia) La Russie et l&rsquo;Ukraine tiennent leur troisi\u00e8me cycle de n\u00e9gociations de paix \u00e0 Istanbul &#8211; Xinhua"},"content":{"rendered":"<p><img decoding=\"async\" controls=\"controls\" src=\"https:\/\/www.europesays.com\/fr\/wp-content\/uploads\/2025\/07\/20250724ff5a38fa46684f6cb589d7303f0219e1_XxjifrF007010_20250724_CBMFN0A001.JPG\"\/>Les d\u00e9l\u00e9gations russe et ukrainienne entament leur r\u00e9union \u00e0 Istanbul, en Turquie, le 16 mai 2025. (Minist\u00e8re des Affaires \u00e9trang\u00e8res de Turquie\/via Xinhua)<\/p>\n<p><strong>Les d\u00e9l\u00e9gations russe et ukrainienne ont tenu mercredi au palais Ciragan leur troisi\u00e8me cycle de n\u00e9gociations de paix, et ont convenu \u00e0 cette occasion d&rsquo;un nouvel \u00e9change de prisonniers.<\/strong><\/p>\n<p>ISTANBUL, 23 juillet (Xinhua) &#8212; Les d\u00e9l\u00e9gations russe et ukrainienne ont tenu mercredi au palais Ciragan leur troisi\u00e8me cycle de n\u00e9gociations de paix, et ont convenu \u00e0 cette occasion d&rsquo;un nouvel \u00e9change de prisonniers.<\/p>\n<p>Vladimir Medinsky, conseiller du pr\u00e9sident russe, et Rustem Umerov, Secr\u00e9taire du Conseil national de s\u00e9curit\u00e9 et de d\u00e9fense ukrainien, dirigeaient les d\u00e9l\u00e9gations de leurs pays respectifs.<\/p>\n<p>A l&rsquo;issue des discussions, M. Medinsky a d\u00e9clar\u00e9 aux journalistes que la Russie et l&rsquo;Ukraine avaient convenu d&rsquo;\u00e9changer 1.200 prisonniers de guerre chacune.<\/p>\n<p>La Russie a restitu\u00e9 les corps de 7.000 soldats ukrainiens tomb\u00e9s au combat et est pr\u00eate \u00e0 en restituer 3.000 autres, a-t-il affirm\u00e9.<\/p>\n<p>Il a \u00e9galement indiqu\u00e9 que la partie russe avait propos\u00e9 la cr\u00e9ation de trois groupes de travail en ligne avec l&rsquo;Ukraine afin de discuter des questions politiques, humanitaires et militaires.<\/p>\n<p>Une rencontre entre le pr\u00e9sident russe Vladimir Poutine et le pr\u00e9sident ukrainien Volodymyr Zelensky n&rsquo;est pas envisageable tant que certains processus ne seront pas achev\u00e9s, a-t-il ajout\u00e9.<\/p>\n<p>A l&rsquo;issue des pourparlers, M. Zelensky a \u00e9crit sur la plateforme de m\u00e9dias sociaux X que la neuvi\u00e8me \u00e9tape des \u00e9changes de prisonniers entre les deux pays avait eu lieu \u00ab\u00a0aujourd&rsquo;hui\u00a0\u00bb. Elle impliquait plus de 1.000 personnes du c\u00f4t\u00e9 ukrainien, dont des prisonniers \u00ab\u00a0gravement malades et gri\u00e8vement bless\u00e9s\u00a0\u00bb. \u00ab\u00a0Il est important que les \u00e9changes se poursuivent\u00a0\u00bb, a-t-il ajout\u00e9.<\/p>\n<p>Dans son discours d&rsquo;ouverture, le ministre turc des Affaires \u00e9trang\u00e8res Hakan Fidan a exhort\u00e9 les deux d\u00e9l\u00e9gations \u00e0 engager des n\u00e9gociations tourn\u00e9es vers des r\u00e9sultats concrets dans le but de parvenir \u00e0 un cessez-le-feu, et \u00e0 terme de mettre fin \u00e0 la guerre. \u00ab\u00a0Notre objectif est de mettre au plus vite fin \u00e0 cette guerre sanglante, qui a d\u00e9j\u00e0 co\u00fbt\u00e9 cher\u00a0\u00bb, a d\u00e9clar\u00e9 M. Fidan.<\/p>\n<p>Les deux pr\u00e9c\u00e9dents cycles de n\u00e9gociations qui se sont tenus \u00e0 Istanbul &#8211; les 16 mai et 2 juin &#8211; ont abouti \u00e0 l&rsquo;\u00e9change de milliers de prisonniers de guerre et de corps de soldats tomb\u00e9s au combat, mais n&rsquo;ont gu\u00e8re permis de progresser vers un cessez-le-feu.<\/p>\n","protected":false},"excerpt":{"rendered":"Les d\u00e9l\u00e9gations russe et ukrainienne entament leur r\u00e9union \u00e0 Istanbul, en Turquie, le 16 mai 2025. (Minist\u00e8re des&hellip;\n","protected":false},"author":2,"featured_media":269417,"comment_status":"","ping_status":"","sticky":false,"template":"","format":"standard","meta":{"footnotes":""},"categories":[1591],"tags":[40854,11,1887,10360,12,1885,1886,132,3496,220],"class_list":{"0":"post-269416","1":"post","2":"type-post","3":"status-publish","4":"format-standard","5":"has-post-thumbnail","7":"category-russie","8":"tag-2e-lead","9":"tag-actualites","10":"tag-federation-de-russie","11":"tag-negotiations","12":"tag-news","13":"tag-russia","14":"tag-russian-federation","15":"tag-russie","16":"tag-turquie","17":"tag-ukraine"},"share_on_mastodon":{"url":"https:\/\/pubeurope.com\/@fr\/114905796179177451","error":""},"_links":{"self":[{"href":"https:\/\/www.europesays.com\/fr\/wp-json\/wp\/v2\/posts\/269416","targetHints":{"allow":["GET"]}}],"collection":[{"href":"https:\/\/www.europesays.com\/fr\/wp-json\/wp\/v2\/posts"}],"about":[{"href":"https:\/\/www.europesays.com\/fr\/wp-json\/wp\/v2\/types\/post"}],"author":[{"embeddable":true,"href":"https:\/\/www.europesays.com\/fr\/wp-json\/wp\/v2\/users\/2"}],"replies":[{"embeddable":true,"href":"https:\/\/www.europesays.com\/fr\/wp-json\/wp\/v2\/comments?post=269416"}],"version-history":[{"count":0,"href":"https:\/\/www.europesays.com\/fr\/wp-json\/wp\/v2\/posts\/269416\/revisions"}],"wp:featuredmedia":[{"embeddable":true,"href":"https:\/\/www.europesays.com\/fr\/wp-json\/wp\/v2\/media\/269417"}],"wp:attachment":[{"href":"https:\/\/www.europesays.com\/fr\/wp-json\/wp\/v2\/media?parent=269416"}],"wp:term":[{"taxonomy":"category","embeddable":true,"href":"https:\/\/www.europesays.com\/fr\/wp-json\/wp\/v2\/categories?post=269416"},{"taxonomy":"post_tag","embeddable":true,"href":"https:\/\/www.europesays.com\/fr\/wp-json\/wp\/v2\/tags?post=269416"}],"curies":[{"name":"wp","href":"https:\/\/api.w.org\/{rel}","templated":true}]}}