{"id":269418,"date":"2025-07-24T02:14:14","date_gmt":"2025-07-24T02:14:14","guid":{"rendered":"https:\/\/www.europesays.com\/fr\/269418\/"},"modified":"2025-07-24T02:14:14","modified_gmt":"2025-07-24T02:14:14","slug":"a-kiev-la-rue-se-souleve-contre-la-loi-menacant-les-agences-anticorruption","status":"publish","type":"post","link":"https:\/\/www.europesays.com\/fr\/269418\/","title":{"rendered":"\u00e0 Kiev, la rue se soul\u00e8ve contre la loi mena\u00e7ant les agences anticorruption"},"content":{"rendered":"<p>Cette loi, qui supprime l&rsquo;ind\u00e9pendance de deux organismes anticorruption cl\u00e9s, a d\u00e9clench\u00e9 les premi\u00e8res manifestations d&rsquo;importance en Ukraine depuis le d\u00e9but de l&rsquo;invasion russe il y a trois ans et demi.<\/p>\n<p>Venu manifester, Viacheslav Bykov d\u00e9crit une \u00ab\u00a0lutte (qui) se d\u00e9roule sur deux fronts. Notre principal ennemi est ext\u00e9rieur, mais nous menons \u00e9galement une bataille interne\u00a0\u00bb.<\/p>\n<p>\u00ab\u00a0Nous ne voulons pas que l&rsquo;Ukraine fasse partie de la Russie, nous ne voulons pas d&rsquo;une Ukraine corrompue ou autoritaire. Nous voulons une Ukraine libre\u00a0\u00bb, ajoute-t-il.<\/p>\n<p><img alt=\"Des manifestants brandissent des pancartes lors d'une manifestation contre une loi qui supprime l'ind\u00e9pendance d'organismes anticorruption dans le centre-ville de Kiev, le 23 juillet 2025\" loading=\"lazy\" decoding=\"async\" data-nimg=\"fill\" class=\" TwicCore_img__i9TC1 undefined  undefined\" style=\"position:absolute;height:100%;width:100%;left:0;top:0;right:0;bottom:0;color:transparent;background-size:cover;background-position:50% 50%;background-repeat:no-repeat;background-image:url(&quot;data:image\/svg+xml;charset=utf-8,%3Csvg xmlns='http:\/\/www.w3.org\/2000\/svg' %3E%3Cfilter id='b' color-interpolation-filters='sRGB'%3E%3CfeGaussianBlur stdDeviation='20'\/%3E%3CfeColorMatrix values='1 0 0 0 0 0 1 0 0 0 0 0 1 0 0 0 0 0 100 -1' result='s'\/%3E%3CfeFlood x='0' y='0' width='100%25' height='100%25'\/%3E%3CfeComposite operator='out' in='s'\/%3E%3CfeComposite in2='SourceGraphic'\/%3E%3CfeGaussianBlur stdDeviation='20'\/%3E%3C\/filter%3E%3Cimage width='100%25' height='100%25' x='0' y='0' preserveAspectRatio='none' style='filter: url(%23b);' href='https:\/\/pictures.laprovence.com\/cdn-cgi\/image\/blur=250\/media\/afp\/901d9d88ee9bcd2ea38560ba2dd1e6c016a179ee.jpg'\/%3E%3C\/svg%3E&quot;)\"   src=\"https:\/\/www.europesays.com\/fr\/wp-content\/uploads\/2025\/07\/901d9d88ee9bcd2ea38560ba2dd1e6c016a179ee.jpg\"\/>Des manifestants brandissent des pancartes lors d&rsquo;une manifestation contre une loi qui supprime l&rsquo;ind\u00e9pendance d&rsquo;organismes anticorruption dans le centre-ville de Kiev, le 23 juillet 2025 PHOTO AFP \/ Roman PILIPEY<\/p>\n<p>Plusieurs milliers de manifestants, pour la plupart jeunes, se sont rassembl\u00e9s devant un th\u00e9\u00e2tre \u00e0 Kiev pour exhorter le pr\u00e9sident Volodymyr Zelensky \u00e0 mettre son veto \u00e0 la loi adopt\u00e9e mardi par le Parlement ukrainien.<\/p>\n<p>Ce texte place le Bureau national anticorruption (Nabu) et le parquet sp\u00e9cialis\u00e9 anticorruption (SAP) sous l&rsquo;autorit\u00e9 directe du procureur g\u00e9n\u00e9ral, nomm\u00e9 par le pr\u00e9sident.<\/p>\n<p>Les d\u00e9tracteurs de la loi consid\u00e8rent qu&rsquo;elle renforce de fa\u00e7on ill\u00e9gitime le pouvoir de la pr\u00e9sidence et va permettre au gouvernement de s&rsquo;immiscer dans les affaires de corruption.<\/p>\n<p>&#8211; \u00ab\u00a0L&rsquo;Ukraine, c&rsquo;est l&rsquo;Europe\u00a0\u00bb &#8211; <\/p>\n<p>Volodymyr Zelensky a voulu calmer les inqui\u00e9tudes mercredi soir en d\u00e9clarant qu&rsquo;il soumettrait un nouveau projet de loi garantissant \u00ab\u00a0la mise en place de toutes les normes n\u00e9cessaires \u00e0 l&rsquo;ind\u00e9pendance des institutions de lutte contre la corruption\u00a0\u00bb.<\/p>\n<p>Les partenaires de Kiev ont manifest\u00e9 leurs pr\u00e9occupations, notamment la pr\u00e9sidente de la Commission europ\u00e9enne, Ursula von der Leyen, qui, selon un porte-parole de la Commission, a demand\u00e9 des explications \u00e0 M. Zelensky apr\u00e8s la promulgation de la loi.<\/p>\n<p>Selon des groupes issus de la soci\u00e9t\u00e9 civile, cette mesure s&rsquo;inscrit dans un contexte de pressions gouvernementales croissantes sur les acteurs de la lutte anticorruption, dans ce pays fortement affect\u00e9 par ce fl\u00e9au.<\/p>\n<p><img alt=\"Une manifestante tient une pancarte lors d'une manifestation contre une loi qui supprime l'ind\u00e9pendance d'organismes anticorruption dans le centre-ville de Kiev, le 23 juillet 2025\" loading=\"lazy\" decoding=\"async\" data-nimg=\"fill\" class=\" TwicCore_img__i9TC1 undefined  undefined\" style=\"position:absolute;height:100%;width:100%;left:0;top:0;right:0;bottom:0;color:transparent;background-size:cover;background-position:50% 50%;background-repeat:no-repeat;background-image:url(&quot;data:image\/svg+xml;charset=utf-8,%3Csvg xmlns='http:\/\/www.w3.org\/2000\/svg' %3E%3Cfilter id='b' color-interpolation-filters='sRGB'%3E%3CfeGaussianBlur stdDeviation='20'\/%3E%3CfeColorMatrix values='1 0 0 0 0 0 1 0 0 0 0 0 1 0 0 0 0 0 100 -1' result='s'\/%3E%3CfeFlood x='0' y='0' width='100%25' height='100%25'\/%3E%3CfeComposite operator='out' in='s'\/%3E%3CfeComposite in2='SourceGraphic'\/%3E%3CfeGaussianBlur stdDeviation='20'\/%3E%3C\/filter%3E%3Cimage width='100%25' height='100%25' x='0' y='0' preserveAspectRatio='none' style='filter: url(%23b);' href='https:\/\/pictures.laprovence.com\/cdn-cgi\/image\/blur=250\/media\/afp\/9e686a68668d992b7635abc0b73cd1d04883fb69.jpg'\/%3E%3C\/svg%3E&quot;)\"   src=\"https:\/\/www.europesays.com\/fr\/wp-content\/uploads\/2025\/07\/9e686a68668d992b7635abc0b73cd1d04883fb69.jpg\"\/>Une manifestante tient une pancarte lors d&rsquo;une manifestation contre une loi qui supprime l&rsquo;ind\u00e9pendance d&rsquo;organismes anticorruption dans le centre-ville de Kiev, le 23 juillet 2025 PHOTO AFP \/ Roman PILIPEY<\/p>\n<p>Certains alli\u00e9s europ\u00e9ens craignent que ces mesures ne compromettent les r\u00e9formes anticorruption essentielles \u00e0 la candidature de l&rsquo;Ukraine \u00e0 l&rsquo;Union europ\u00e9enne, une crainte partag\u00e9e par de nombreux manifestants mercredi.<\/p>\n<p>\u00ab\u00a0Nous avons travaill\u00e9 pendant des ann\u00e9es pour nous rapprocher de l&rsquo;Europe&#8230; pour \u00eatre renvoy\u00e9s 10 ans en arri\u00e8re en une seule journ\u00e9e\u00a0\u00bb, d\u00e9plore la manifestante Anya Kutsevol.<\/p>\n<p>Les deux organismes anticorruption ukrainiens, Nabu et SAP, ont vu le jour il y a dix ans, \u00e0 la suite de la r\u00e9volution proeurop\u00e9enne de Ma\u00efdan en 2014.<\/p>\n<p>Les manifestations de Ma\u00efdan avaient men\u00e9 \u00e0 la destitution du pr\u00e9sident ukrainien Viktor Ianoukovitch, soutenu par le Kremlin, qui avait annul\u00e9 un accord de partenariat crucial avec l&rsquo;UE.<\/p>\n<p>Moscou, qui a refus\u00e9 d&rsquo;accepter le virage d\u00e9mocratique de l&rsquo;Ukraine vers l&rsquo;Europe, a alors lanc\u00e9 une premi\u00e8re offensive contre l&rsquo;Ukraine, conduisant les s\u00e9paratistes soutenus par la Russie \u00e0 occuper la Crim\u00e9e et certaines parties de la r\u00e9gion orientale du Donbass.<\/p>\n<p>\u00ab\u00a0L&rsquo;Ukraine fait partie de l&rsquo;Europe\u00a0\u00bb, clame Mme Kutsevol, \u00ab\u00a0nous ne retournerons pas en Russie. Nous continuerons \u00e0 nous battre pour l&rsquo;Europe\u00a0\u00bb.<\/p>\n<p>&#8211; \u00ab\u00a0A notre tour d&rsquo;agir\u00a0\u00bb &#8211;<\/p>\n<p>Certains redoutent qu&rsquo;une crise politique autour de cette loi ne profite \u00e0 la Russie en sapant l&rsquo;unit\u00e9 du pays.<\/p>\n<p>Le porte-parole de la pr\u00e9sidence russe, Dmitri Peskov, a saisi cette occasion pour d\u00e9clarer qu&rsquo;il y avait \u00ab\u00a0beaucoup de corruption\u00a0\u00bb en Ukraine. <\/p>\n<p>\u00ab\u00a0Si j&rsquo;\u00e9tais la Russie, je ferais la m\u00eame chose\u00a0\u00bb, affirme un autre manifestant, Yevgen Popovychenko, convaincu que Moscou tenterait d&rsquo;exploiter ces troubles.<\/p>\n<p><img alt=\"Des manifestants brandissent des pancartes lors d'une manifestation, le 23 juillet 2025 dans le centre-ville de Kiev\" loading=\"lazy\" decoding=\"async\" data-nimg=\"fill\" class=\" TwicCore_img__i9TC1 undefined  undefined\" style=\"position:absolute;height:100%;width:100%;left:0;top:0;right:0;bottom:0;color:transparent;background-size:cover;background-position:50% 50%;background-repeat:no-repeat;background-image:url(&quot;data:image\/svg+xml;charset=utf-8,%3Csvg xmlns='http:\/\/www.w3.org\/2000\/svg' %3E%3Cfilter id='b' color-interpolation-filters='sRGB'%3E%3CfeGaussianBlur stdDeviation='20'\/%3E%3CfeColorMatrix values='1 0 0 0 0 0 1 0 0 0 0 0 1 0 0 0 0 0 100 -1' result='s'\/%3E%3CfeFlood x='0' y='0' width='100%25' height='100%25'\/%3E%3CfeComposite operator='out' in='s'\/%3E%3CfeComposite in2='SourceGraphic'\/%3E%3CfeGaussianBlur stdDeviation='20'\/%3E%3C\/filter%3E%3Cimage width='100%25' height='100%25' x='0' y='0' preserveAspectRatio='none' style='filter: url(%23b);' href='https:\/\/pictures.laprovence.com\/cdn-cgi\/image\/blur=250\/media\/afp\/f06e5798275df798424206c109fb3f1ee8fdfcf1.jpg'\/%3E%3C\/svg%3E&quot;)\"   src=\"https:\/\/www.europesays.com\/fr\/wp-content\/uploads\/2025\/07\/f06e5798275df798424206c109fb3f1ee8fdfcf1.jpg\"\/>Des manifestants brandissent des pancartes lors d&rsquo;une manifestation, le 23 juillet 2025 dans le centre-ville de Kiev PHOTO AFP \/ Roman PILIPEY<\/p>\n<p>Il tient une banderole sur laquelle on peut lire: \u00ab\u00a0Ne me ramenez pas\u00a0\u00bb \u00e0 l&rsquo;\u00e9poque de Ma\u00efdan, p\u00e9riode pendant laquelle il \u00e9tait descendu dans la rue \u00e0 l&rsquo;\u00e2ge de 21 ans.<\/p>\n<p>Mais beaucoup d&rsquo;autres manifestants n&rsquo;\u00e9taient encore que des enfants en 2014, notamment Anya Kutsevol, aujourd&rsquo;hui \u00e2g\u00e9e de 25 ans.<\/p>\n<p>\u00ab\u00a0Quand les pneus br\u00fblaient encore, j&rsquo;avais 14 ans. A quoi pouvais-je bien servir?\u00a0\u00bb, souffle-t-elle.<\/p>\n<p>Mercredi, elle participe \u00e0 sa premi\u00e8re manifestation politique et ses yeux se sont embu\u00e9s de larmes en voyant les gens rassembl\u00e9s autour d&rsquo;elle pour la deuxi\u00e8me journ\u00e9e cons\u00e9cutive, malgr\u00e9 la loi martiale interdisant les grands rassemblements. <\/p>\n<p>Elle s&rsquo;est engag\u00e9e \u00e0 continuer de d\u00e9fendre la d\u00e9mocratie ukrainienne. \u00ab\u00a0Nous sommes adultes maintenant. C&rsquo;est \u00e0 notre tour d&rsquo;agir.\u00a0\u00bb<\/p>\n","protected":false},"excerpt":{"rendered":"Cette loi, qui supprime l&rsquo;ind\u00e9pendance de deux organismes anticorruption cl\u00e9s, a d\u00e9clench\u00e9 les premi\u00e8res manifestations d&rsquo;importance en Ukraine&hellip;\n","protected":false},"author":2,"featured_media":269419,"comment_status":"","ping_status":"","sticky":false,"template":"","format":"standard","meta":{"footnotes":""},"categories":[1590],"tags":[17,11,1444,1777,674,329,11229,29023,12,3640,40855,220,96],"class_list":{"0":"post-269418","1":"post","2":"type-post","3":"status-publish","4":"format-standard","5":"has-post-thumbnail","7":"category-ukraine","8":"tag-17","9":"tag-actualites","10":"tag-contre","11":"tag-eu","12":"tag-europe","13":"tag-france-monde","14":"tag-kiev","15":"tag-libre","16":"tag-news","17":"tag-rue","18":"tag-souleve","19":"tag-ukraine","20":"tag-une"},"share_on_mastodon":{"url":"https:\/\/pubeurope.com\/@fr\/114905800051158686","error":""},"_links":{"self":[{"href":"https:\/\/www.europesays.com\/fr\/wp-json\/wp\/v2\/posts\/269418","targetHints":{"allow":["GET"]}}],"collection":[{"href":"https:\/\/www.europesays.com\/fr\/wp-json\/wp\/v2\/posts"}],"about":[{"href":"https:\/\/www.europesays.com\/fr\/wp-json\/wp\/v2\/types\/post"}],"author":[{"embeddable":true,"href":"https:\/\/www.europesays.com\/fr\/wp-json\/wp\/v2\/users\/2"}],"replies":[{"embeddable":true,"href":"https:\/\/www.europesays.com\/fr\/wp-json\/wp\/v2\/comments?post=269418"}],"version-history":[{"count":0,"href":"https:\/\/www.europesays.com\/fr\/wp-json\/wp\/v2\/posts\/269418\/revisions"}],"wp:featuredmedia":[{"embeddable":true,"href":"https:\/\/www.europesays.com\/fr\/wp-json\/wp\/v2\/media\/269419"}],"wp:attachment":[{"href":"https:\/\/www.europesays.com\/fr\/wp-json\/wp\/v2\/media?parent=269418"}],"wp:term":[{"taxonomy":"category","embeddable":true,"href":"https:\/\/www.europesays.com\/fr\/wp-json\/wp\/v2\/categories?post=269418"},{"taxonomy":"post_tag","embeddable":true,"href":"https:\/\/www.europesays.com\/fr\/wp-json\/wp\/v2\/tags?post=269418"}],"curies":[{"name":"wp","href":"https:\/\/api.w.org\/{rel}","templated":true}]}}