{"id":269420,"date":"2025-07-24T02:15:11","date_gmt":"2025-07-24T02:15:11","guid":{"rendered":"https:\/\/www.europesays.com\/fr\/269420\/"},"modified":"2025-07-24T02:15:11","modified_gmt":"2025-07-24T02:15:11","slug":"luniversite-columbia-annonce-un-accord-financier-avec-letat-federal","status":"publish","type":"post","link":"https:\/\/www.europesays.com\/fr\/269420\/","title":{"rendered":"l\u2019universit\u00e9 Columbia annonce un accord financier avec l\u2019Etat f\u00e9d\u00e9ral"},"content":{"rendered":"<p>                          <img loading=\"lazy\" decoding=\"async\" src=\"https:\/\/www.europesays.com\/fr\/wp-content\/uploads\/2025\/07\/a537a7f_ftp-import-images-1-itxxwcrd4zbf-5473197-01-06.jpg\" alt=\"La biblioth\u00e8que de l\u2019universit\u00e9 Columbia, \u00e0 New York, le 14\u00a0avril 2025.\"   width=\"664\" height=\"443\"\/>    La biblioth\u00e8que de l\u2019universit\u00e9 Columbia, \u00e0 New York, le 14\u00a0avril 2025.  CHARLY TRIBALLEAU\/AFP                   <\/p>\n<p class=\"article__paragraph  \">L\u2019universit\u00e9 am\u00e9ricaine Columbia a annonc\u00e9, mercredi 23\u00a0juillet, un accord de 221\u00a0millions de dollars \u00ab\u00a0pour mettre fin aux enqu\u00eates men\u00e9es\u00a0\u00bb par l\u2019administration de Donald Trump. Celle-ci est oppos\u00e9e \u00e0 plusieurs \u00e9tablissements accus\u00e9s de wokisme et d\u2019avoir tol\u00e9r\u00e9 des manifestations pour la fin du conflit \u00e0 Gaza.<\/p>\n<p class=\"article__paragraph  \">Depuis son retour au pouvoir en janvier, le pr\u00e9sident am\u00e9ricain n\u2019a cess\u00e9 d\u2019accentuer les pressions sur les universit\u00e9s, en gelant, dans le cas de Columbia, des centaines de millions de dollars de subventions vers\u00e9es par l\u2019Etat f\u00e9d\u00e9ral pour la recherche.<\/p>\n<p class=\"article__paragraph  \">\u00ab\u00a0Columbia versera \u00e0 l\u2019Etat f\u00e9d\u00e9ral 200\u00a0millions de dollars sur trois ans\u00a0\u00bb, a fait savoir l\u2019universit\u00e9 new-yorkaise dans un communiqu\u00e9, ajoutant qu\u2019elle payera \u00e9galement 21\u00a0millions de dollars \u00e0 un organisme consacr\u00e9 \u00e0 l\u2019\u00e9galit\u00e9 des chances.<\/p>\n<p class=\"article__paragraph  \">\u00ab\u00a0En vertu de l\u2019accord conclu aujourd\u2019hui, la grande majorit\u00e9 des subventions f\u00e9d\u00e9rales qui ont \u00e9t\u00e9 supprim\u00e9es ou suspendues en mars\u00a02025 seront r\u00e9tablies\u00a0\u00bb, a pr\u00e9cis\u00e9 le prestigieux \u00e9tablissement. \u00ab\u00a0Il est important de noter que l\u2019accord pr\u00e9serve l\u2019autonomie et l\u2019autorit\u00e9 de Columbia en ce qui concerne le recrutement des enseignants, les admissions et les d\u00e9cisions acad\u00e9miques\u00a0\u00bb, a ajout\u00e9 l\u2019universit\u00e9, dont les compromis avec le pr\u00e9sident ont \u00e9t\u00e9 vivement critiqu\u00e9s.<\/p>\n<p>                                Lire le r\u00e9cit\u00a0:  Article r\u00e9serv\u00e9 \u00e0 nos abonn\u00e9s  <a href=\"https:\/\/www.lemonde.fr\/international\/article\/2025\/03\/15\/donald-trump-decrete-la-guerre-a-l-universite-columbia_6581148_3210.html\" class=\"js-article-read-also catcher--favoris__link\" data-premium=\"1\" id=\"article-title-3414308\" rel=\"nofollow noopener\" target=\"_blank\">Donald Trump d\u00e9cr\u00e8te la guerre \u00e0 l\u2019universit\u00e9 Columbia, bastion du progressisme aux Etats-Unis<\/a>    <\/p>\n<p>   Lire plus tard  <\/p>\n<p>                   L\u2019universit\u00e9 accus\u00e9e d\u2019avoir c\u00e9d\u00e9 aux pressions             <\/p>\n<p class=\"article__paragraph  \">Fin mai, la pr\u00e9sidente de Columbia, qui a notamment sanctionn\u00e9 des participants aux manifestations pour Gaza, avait \u00e9t\u00e9 hu\u00e9e, lors d\u2019une c\u00e9r\u00e9monie de remise de dipl\u00f4mes, par des \u00e9tudiants qui lui reprochent d\u2019avoir c\u00e9d\u00e9 aux pressions de l\u2019administration.<\/p>\n<p class=\"article__paragraph  \">A l\u2019oppos\u00e9, Harvard s\u2019est illustr\u00e9e dans un bras de fer contre Donald Trump, contestant en justice le retrait d\u2019un peu plus de 2,6\u00a0milliards de dollars de subventions f\u00e9d\u00e9rales et la r\u00e9vocation de sa certification SEVIS, principal syst\u00e8me par lequel les \u00e9tudiants \u00e9trangers sont autoris\u00e9s \u00e0 \u00e9tudier aux Etats-Unis. Lundi, un tribunal a demand\u00e9 \u00e0 l\u2019administration Trump de justifier le gel de ces subventions.<\/p>\n<p>                                Lire aussi |  Article r\u00e9serv\u00e9 \u00e0 nos abonn\u00e9s  <a href=\"https:\/\/www.lemonde.fr\/idees\/article\/2025\/04\/10\/lee-bollinger-ancien-president-de-l-universite-columbia-l-administration-trump-n-hesite-pas-a-engager-des-represailles-contre-ceux-qui-ont-des-opinions-qu-elle-reprouve_6593588_3232.html\" class=\"js-article-read-also catcher--favoris__link\" data-premium=\"1\" id=\"article-title-3416832\" rel=\"nofollow noopener\" target=\"_blank\">Lee Bollinger, ancien pr\u00e9sident de l\u2019universit\u00e9 Columbia\u00a0: \u00ab\u00a0L\u2019administration Trump n\u2019h\u00e9site pas \u00e0 engager des repr\u00e9sailles contre ceux qui ont des opinions qu\u2019elle r\u00e9prouve\u00a0\u00bb<\/a>    <\/p>\n<p>   Lire plus tard  <\/p>\n<p class=\"author__detail\">  Le Monde avec AFP  <\/p>\n<p>                  <a href=\"https:\/\/www.lemonde.fr\/syndication\/\" class=\"reuse__content\" title=\"R\u00e9utiliser ce contenu\" target=\"_blank\" rel=\"nofollow noopener\">R\u00e9utiliser ce contenu<\/a>      <\/p>\n","protected":false},"excerpt":{"rendered":"La biblioth\u00e8que de l\u2019universit\u00e9 Columbia, \u00e0 New York, le 14\u00a0avril 2025. CHARLY TRIBALLEAU\/AFP L\u2019universit\u00e9 am\u00e9ricaine Columbia a annonc\u00e9,&hellip;\n","protected":false},"author":2,"featured_media":269421,"comment_status":"","ping_status":"","sticky":false,"template":"","format":"standard","meta":{"footnotes":""},"categories":[1589],"tags":[11,73,1866,12,1864,1865,1863,308],"class_list":{"0":"post-269420","1":"post","2":"type-post","3":"status-publish","4":"format-standard","5":"has-post-thumbnail","7":"category-etats-unis","8":"tag-actualites","9":"tag-etats-unis","10":"tag-etats-unis-damerique","11":"tag-news","12":"tag-united-states","13":"tag-united-states-of-america","14":"tag-us","15":"tag-usa"},"share_on_mastodon":{"url":"https:\/\/pubeurope.com\/@fr\/114905803987547696","error":""},"_links":{"self":[{"href":"https:\/\/www.europesays.com\/fr\/wp-json\/wp\/v2\/posts\/269420","targetHints":{"allow":["GET"]}}],"collection":[{"href":"https:\/\/www.europesays.com\/fr\/wp-json\/wp\/v2\/posts"}],"about":[{"href":"https:\/\/www.europesays.com\/fr\/wp-json\/wp\/v2\/types\/post"}],"author":[{"embeddable":true,"href":"https:\/\/www.europesays.com\/fr\/wp-json\/wp\/v2\/users\/2"}],"replies":[{"embeddable":true,"href":"https:\/\/www.europesays.com\/fr\/wp-json\/wp\/v2\/comments?post=269420"}],"version-history":[{"count":0,"href":"https:\/\/www.europesays.com\/fr\/wp-json\/wp\/v2\/posts\/269420\/revisions"}],"wp:featuredmedia":[{"embeddable":true,"href":"https:\/\/www.europesays.com\/fr\/wp-json\/wp\/v2\/media\/269421"}],"wp:attachment":[{"href":"https:\/\/www.europesays.com\/fr\/wp-json\/wp\/v2\/media?parent=269420"}],"wp:term":[{"taxonomy":"category","embeddable":true,"href":"https:\/\/www.europesays.com\/fr\/wp-json\/wp\/v2\/categories?post=269420"},{"taxonomy":"post_tag","embeddable":true,"href":"https:\/\/www.europesays.com\/fr\/wp-json\/wp\/v2\/tags?post=269420"}],"curies":[{"name":"wp","href":"https:\/\/api.w.org\/{rel}","templated":true}]}}