{"id":269431,"date":"2025-07-24T02:21:15","date_gmt":"2025-07-24T02:21:15","guid":{"rendered":"https:\/\/www.europesays.com\/fr\/269431\/"},"modified":"2025-07-24T02:21:15","modified_gmt":"2025-07-24T02:21:15","slug":"sur-ses-affaires-rachida-dati-oscille-entre-trumpisme-et-sarkozysme-mediapart","status":"publish","type":"post","link":"https:\/\/www.europesays.com\/fr\/269431\/","title":{"rendered":"Sur ses affaires, Rachida Dati oscille entre trumpisme et sarkozysme &#8211; Mediapart"},"content":{"rendered":"<ol>\n<li><a href=\"https:\/\/news.google.com\/rss\/articles\/CBMiuAFBVV95cUxQU2VZVkxxLWQydEVxbHpvYmVUTHdobTJxanoyVk1iNW1tY3hDTGpNbEhpOEpPNlJZdjk2SkcwSmJ5ZGhjRUxiZWl1cW5GN3YtM1BqcnExWGlKYTM4WFFvUU81SmQzR1FualJVLVE4X1RqWHYtb1pLT3NXQkxUaW9MRmJwMlRmQllDV21QZl9sUzA0ZDRsTkQ4Rk92ajFLRk9CNkQtSXB2MWZGdUhpWFdkNEEweHVJVE1l?oc=5\" target=\"_blank\" rel=\"noopener\">Sur ses affaires, Rachida Dati oscille entre trumpisme et sarkozysme<\/a>&nbsp;&nbsp;Mediapart<\/li>\n<li><a href=\"https:\/\/news.google.com\/rss\/articles\/CBMi0AFBVV95cUxPOVhUYnBwWldvdHR5OEZfOFdHX1JqR3RHTmRrSVRBRnNLUmxwLS1LUTFfMHpjOHFKYzBfMHczVURhejBITWNoRmhHcDR2LTVWYXZUSk1zN3VGaHFaU1VkWWZibVJvN182Mi1PQ2FkaEVUUER3NUROMExuTXNaZW1SUjViNTBuNm9BeVJOeHRpWnpNVjN1NU5vZWt3ZlVtN01vdDFUNDB4Wm5BNW1sbTB4Sm8zSFMweFdwOWRBTGJaMFFxTVV1M1VyOHNlUGw0Q1E0?oc=5\" target=\"_blank\" rel=\"noopener\">Proc\u00e8s en corruption : la contre-offensive de Rachida Dati s\u00e8me le trouble<\/a>&nbsp;&nbsp;Les Echos<\/li>\n<li><a href=\"https:\/\/news.google.com\/rss\/articles\/CBMiygJBVV95cUxPSzA2N2RTaE9wQ0FxYTQtSjlTWTNNYWhHQlFtTVpJZTJsRlc0TDk3bGdKNGlLaDU5RTc0dFFaaHhXemEtQWVxSEh3N1paZ19jZmhkTGFBTklpLVZlOEN5c0pCa3FQdS05R09Ka1NzaFptYkx5bElLODZQTXFCRzNRbmxSVU9qTGtWVFdJbzhwbHF0akZWazM4d1VOYkZmUW5PRjhtaHVfOFVjQWZMNnFVRVhEbXg2VFcxR2FNZHJBbFlWZm9Fal9XTVFjakNUc2NYQ3llb0pYWS11eFdESjhDS1A4cWJRbzU4dGRrZ2lWZ0lCS1BZTUVpU0lDeVFNcFl3V2F1M3ExWi1OQUNwcUFydTA4c25DY05CRzNQYlc2VS0temg3cWk3eDkwTVpmMFFLUFJZcU14Mm80MVBHT0swTExCX3o2NEd3VXc?oc=5\" target=\"_blank\" rel=\"noopener\">\u00abParis m\u00e9rite un maire, pas un pr\u00e9venu\u00bb, \u00abon n\u2019est pas l\u2019Am\u00e9rique de Trump\u00bb : apr\u00e8s le renvoi de Dati en correctionnelle, de maigres soutiens et une vague de tacles<\/a>&nbsp;&nbsp;Lib\u00e9ration<\/li>\n<li><a href=\"https:\/\/news.google.com\/rss\/articles\/CBMiyAJBVV95cUxNNEJsQlU5TllKTHRmM2FSTG1jVU1NbHFUS2VyeXA4SHAxTjNuTzAtcnVreGIzejEwMU9YNkFhUG8tU3R1a3JaUk9TTS1jcWdTU2JfUkk5d1hUU2dDVHlxRFFiNGZpaDlWRkhpM2lqcWVyZ0F6LUYyam5SblJ2LVNTeGlvUUNCcVZDcnRpTHJNVm9CSVYtMzM3N19uODE3Uy15OTZRUjVmYzRYRThSbjYtTzdwU0xINkl2OHNwWWsxR0x2bkFxVjM5X3pTS0x2bVZjTFA0QUFLWEd0SW5CRWhYdnZqQmxWS3BSNmUwdWNnZHlFa1RTOXBEZ1dsZnQ2SDJISE4yYmk4NmtkQzlFQndmaXltQ0w3azVMek1IdVRtWHI2anZ1Z2hrcWhXNkhOcW9uTEx2UU5yUEY0eTB0UE5jdmFUMDZRaUxQ?oc=5\" target=\"_blank\" rel=\"noopener\">Rachida Dati renvoy\u00e9e en proc\u00e8s pour corruption : les magistrats r\u00e9pliquent, apr\u00e8s les critiques de la ministre de la culture<\/a>&nbsp;&nbsp;Le Monde.fr<\/li>\n<li><a href=\"https:\/\/news.google.com\/rss\/articles\/CBMixgFBVV95cUxPc0pCN3NoVmZTeUFkZ09aM20yMVM2UVJ2QmlVVHVzQXRjWVFLc0t3RjB4cTA4RHNOa2tjU3MzM05aMEVVSUFtSkxDOEVwVEFLZTBfMkFiV2loc2RWdnpUS2oxQnZFZ1daeTEyVEZ2NzJDX3Z4VUtvWFpoeGNfWTRZTTEyS2lGandQTGxjRWJXTDBCSUZRUzlVVGt0XzVOMVpSa0Z6d2VCbUxSS0dza2FjdUlaemx2ZVhielZZczdtRTBqTnZ1YWc?oc=5\" target=\"_blank\" rel=\"noopener\">LCI, BFMTV, France T\u00e9l\u00e9\u2026 comment Rachida Dati terrorise la presse en toute impunit\u00e9<\/a>&nbsp;&nbsp;Mediapart<\/li>\n<\/ol>\n","protected":false},"excerpt":{"rendered":"Sur ses affaires, Rachida Dati oscille entre trumpisme et sarkozysme&nbsp;&nbsp;Mediapart Proc\u00e8s en corruption : la contre-offensive de Rachida&hellip;\n","protected":false},"author":2,"featured_media":269432,"comment_status":"","ping_status":"","sticky":false,"template":"","format":"standard","meta":{"footnotes":""},"categories":[2],"tags":[11,1011,27,12,34446,2694,417,25],"class_list":{"0":"post-269431","1":"post","2":"type-post","3":"status-publish","4":"format-standard","5":"has-post-thumbnail","7":"category-actualites","8":"tag-actualites","9":"tag-fr","10":"tag-france","11":"tag-news","12":"tag-parquet-national-financier","13":"tag-proces","14":"tag-rachida-dati","15":"tag-republique-francaise"},"share_on_mastodon":{"url":"https:\/\/pubeurope.com\/@fr\/114905827506662906","error":""},"_links":{"self":[{"href":"https:\/\/www.europesays.com\/fr\/wp-json\/wp\/v2\/posts\/269431","targetHints":{"allow":["GET"]}}],"collection":[{"href":"https:\/\/www.europesays.com\/fr\/wp-json\/wp\/v2\/posts"}],"about":[{"href":"https:\/\/www.europesays.com\/fr\/wp-json\/wp\/v2\/types\/post"}],"author":[{"embeddable":true,"href":"https:\/\/www.europesays.com\/fr\/wp-json\/wp\/v2\/users\/2"}],"replies":[{"embeddable":true,"href":"https:\/\/www.europesays.com\/fr\/wp-json\/wp\/v2\/comments?post=269431"}],"version-history":[{"count":0,"href":"https:\/\/www.europesays.com\/fr\/wp-json\/wp\/v2\/posts\/269431\/revisions"}],"wp:featuredmedia":[{"embeddable":true,"href":"https:\/\/www.europesays.com\/fr\/wp-json\/wp\/v2\/media\/269432"}],"wp:attachment":[{"href":"https:\/\/www.europesays.com\/fr\/wp-json\/wp\/v2\/media?parent=269431"}],"wp:term":[{"taxonomy":"category","embeddable":true,"href":"https:\/\/www.europesays.com\/fr\/wp-json\/wp\/v2\/categories?post=269431"},{"taxonomy":"post_tag","embeddable":true,"href":"https:\/\/www.europesays.com\/fr\/wp-json\/wp\/v2\/tags?post=269431"}],"curies":[{"name":"wp","href":"https:\/\/api.w.org\/{rel}","templated":true}]}}