{"id":269433,"date":"2025-07-24T02:22:11","date_gmt":"2025-07-24T02:22:11","guid":{"rendered":"https:\/\/www.europesays.com\/fr\/269433\/"},"modified":"2025-07-24T02:22:11","modified_gmt":"2025-07-24T02:22:11","slug":"le-gouvernement-serre-les-rangs-face-a-la-petition-contre-la-loi-duplomb","status":"publish","type":"post","link":"https:\/\/www.europesays.com\/fr\/269433\/","title":{"rendered":"le gouvernement serre les rangs face \u00e0 la p\u00e9tition contre la loi Duplomb"},"content":{"rendered":"<p>Le succ\u00e8s de la p\u00e9tition anti-loi Duplomb s\u2019est \u00e9videmment invit\u00e9 au Conseil des ministres ce mercredi 23 juillet. Si officiellement le pr\u00e9sident Macron fait savoir qu\u2019il attend la d\u00e9cision du Conseil constitutionnel \u2013 rendue vers le 10 ao\u00fbt\u00a0\u2013 pour d\u00e9cider de promulguer ou non la loi autorisant un usage agricole encadr\u00e9 de l\u2019ac\u00e9tamipride, le gouvernement fait bloc pour d\u00e9fendre la loi, malgr\u00e9 la mobilisation citoyenne.<\/p>\n<p>Annie Genevard, la ministre de l&rsquo;Agriculture, assure avoir \u00e9chang\u00e9 avec le pr\u00e9sident de la R\u00e9publique \u00e0 l&rsquo;issue du Conseil des ministres ce mercredi 23 juillet, juste avant un d\u00e9placement dans une ferme. \u00ab\u00a0Je ne vois pas motif \u00e0 une seconde d\u00e9lib\u00e9ration, je n&rsquo;ai pas entendu qu&rsquo;on allait dans cette direction \u00bb, affirme-t-elle.<\/p>\n<p>Un autre membre du gouvernement l&rsquo;assure, pas question de paniquer face \u00e0, \u00ab\u00a0<a href=\"https:\/\/fr.news.yahoo.com\/france-p%C3%A9tition-contre-loi-duplomb-181008599.html\" data-ylk=\"slk:une p\u00e9tition;elm:context_link;itc:0;sec:content-canvas;outcm:mb_qualified_link;_E:mb_qualified_link;ct:story;\" class=\"link  yahoo-link\" target=\"_blank\" rel=\"noopener\"><strong>une p\u00e9tition<\/strong><\/a> d&rsquo;une irrationalit\u00e9 totale \u00bb.<\/p>\n<p>La ministre de l&rsquo;Agriculture lance les premiers arguments de la riposte : \u00ab Il faut revenir \u00e0 la raison, les terres susceptibles d&rsquo;utiliser l&rsquo;ac\u00e9tamipride repr\u00e9sentent moins de 2% de la surface agricole \u00bb, d\u00e9clare Annie Genevard.<\/p>\n<p>\u00ab Une immense hypocrisie \u00bb, pour Retailleau<\/p>\n<p>La ministre LR a m\u00eame \u00e9chang\u00e9 et converg\u00e9 avec son homologue macroniste \u00e0 l&rsquo;\u00c9cologie, Agn\u00e8s Pannier-Runacher, pourtant hostile \u00e0 l\u2019ac\u00e9tamipride. Pour Annie Genevard, la loi Duplomb a une base scientifique. \u00ab La d\u00e9cision est accompagn\u00e9e par les organismes de r\u00e9f\u00e9rence au niveau europ\u00e9en, l&rsquo;EFSA, et au niveau national, l&rsquo;Anses \u00bb, annonce-t-elle.<\/p>\n<p>\u00c0 ses c\u00f4t\u00e9s, un poids lourd : le ministre de l&rsquo;Int\u00e9rieur et patron des r\u00e9publicains, <strong><a href=\"https:\/\/www.rfi.fr\/fr\/tag\/bruno-retailleau\/\" class=\"link \" rel=\"nofollow noopener\" target=\"_blank\" data-ylk=\"slk:Bruno Retailleau;elm:context_link;itc:0;sec:content-canvas\">Bruno Retailleau<\/a><\/strong>, sort de son p\u00e9rim\u00e8tre. \u00ab\u00a0C&rsquo;est une immense hypocrisie. Interdire l\u2019ac\u00e9tamipride alors qu&rsquo;elle est autoris\u00e9e dans des conditions beaucoup plus laxistes dans les 26 autres pays europ\u00e9ens, c&rsquo;est se condamner \u00e0 importer ces produits qui contiennent cette mol\u00e9cule \u00bb, avance le ministre. Voil\u00e0 ce qui devrait sans doute \u00eatre la ligne du gouvernement lors du <a href=\"https:\/\/www.rfi.fr\/fr\/podcasts\/invit\u00e9-politique\/20250722-loi-duplomb-un-d\u00e9bat-\u00e0-l-assembl\u00e9e-permettra-de-faire-de-la-p\u00e9dagogie-estime-fr\u00e9d\u00e9ric-valletoux-ex-ministre-de-la-sant\u00e9\" rel=\"nofollow noopener\" target=\"_blank\" data-ylk=\"slk:probable d\u00e9bat sans vote;elm:context_link;itc:0;sec:content-canvas\" class=\"link \"><strong>probable d\u00e9bat sans vote<\/strong><\/a> organis\u00e9 prochainement \u00e0 l&rsquo;Assembl\u00e9e nationale.<\/p>\n<p>Et ce jeudi, le Premier ministre Fran\u00e7ois Bayrou pourrait s&rsquo;exprimer pour la premi\u00e8re fois sur la p\u00e9tition lors d&rsquo;un d\u00e9placement \u00e0 Angers, dans l&rsquo;ouest de la France.<\/p>\n<p>\u00c0 lire aussi<a href=\"https:\/\/fr.news.yahoo.com\/france-fleur-breteau-cancer-%C3%A9tendard-053342230.html\" class=\"link  yahoo-link\" data-ylk=\"slk:France: Fleur Breteau, le cancer en \u00e9tendard contre la loi Duplomb et les pesticides;elm:context_link;itc:0;sec:content-canvas;outcm:mb_qualified_link;_E:mb_qualified_link;ct:story;\" target=\"_blank\" rel=\"noopener\">France: Fleur Breteau, le cancer en \u00e9tendard contre la loi Duplomb et les pesticides<\/a><\/p>\n","protected":false},"excerpt":{"rendered":"Le succ\u00e8s de la p\u00e9tition anti-loi Duplomb s\u2019est \u00e9videmment invit\u00e9 au Conseil des ministres ce mercredi 23 juillet.&hellip;\n","protected":false},"author":2,"featured_media":269434,"comment_status":"","ping_status":"","sticky":false,"template":"","format":"standard","meta":{"footnotes":""},"categories":[4],"tags":[11,40857,3193,40858,1011,27,40859,14826,12,25],"class_list":{"0":"post-269433","1":"post","2":"type-post","3":"status-publish","4":"format-standard","5":"has-post-thumbnail","7":"category-france","8":"tag-actualites","9":"tag-annie-genevard","10":"tag-conseil-des-ministres","11":"tag-decision-du-conseil-constitutionnel","12":"tag-fr","13":"tag-france","14":"tag-membre-du-gouvernement","15":"tag-ministre-de-lagriculture","16":"tag-news","17":"tag-republique-francaise"},"share_on_mastodon":{"url":"https:\/\/pubeurope.com\/@fr\/114905831363776703","error":""},"_links":{"self":[{"href":"https:\/\/www.europesays.com\/fr\/wp-json\/wp\/v2\/posts\/269433","targetHints":{"allow":["GET"]}}],"collection":[{"href":"https:\/\/www.europesays.com\/fr\/wp-json\/wp\/v2\/posts"}],"about":[{"href":"https:\/\/www.europesays.com\/fr\/wp-json\/wp\/v2\/types\/post"}],"author":[{"embeddable":true,"href":"https:\/\/www.europesays.com\/fr\/wp-json\/wp\/v2\/users\/2"}],"replies":[{"embeddable":true,"href":"https:\/\/www.europesays.com\/fr\/wp-json\/wp\/v2\/comments?post=269433"}],"version-history":[{"count":0,"href":"https:\/\/www.europesays.com\/fr\/wp-json\/wp\/v2\/posts\/269433\/revisions"}],"wp:featuredmedia":[{"embeddable":true,"href":"https:\/\/www.europesays.com\/fr\/wp-json\/wp\/v2\/media\/269434"}],"wp:attachment":[{"href":"https:\/\/www.europesays.com\/fr\/wp-json\/wp\/v2\/media?parent=269433"}],"wp:term":[{"taxonomy":"category","embeddable":true,"href":"https:\/\/www.europesays.com\/fr\/wp-json\/wp\/v2\/categories?post=269433"},{"taxonomy":"post_tag","embeddable":true,"href":"https:\/\/www.europesays.com\/fr\/wp-json\/wp\/v2\/tags?post=269433"}],"curies":[{"name":"wp","href":"https:\/\/api.w.org\/{rel}","templated":true}]}}