{"id":269435,"date":"2025-07-24T02:25:12","date_gmt":"2025-07-24T02:25:12","guid":{"rendered":"https:\/\/www.europesays.com\/fr\/269435\/"},"modified":"2025-07-24T02:25:12","modified_gmt":"2025-07-24T02:25:12","slug":"transferts-pro-d2-carcassonne-killian-taofifenua-rejoint-le-promu-audois","status":"publish","type":"post","link":"https:\/\/www.europesays.com\/fr\/269435\/","title":{"rendered":"Transferts Pro D2-Carcassonne : Killian Taofifenua rejoint le promu audois"},"content":{"rendered":"<p>Dans le cadre des transferts en Pro D2, l\u2019US Carcassonne a officialis\u00e9 l\u2019arriv\u00e9e de Killian Taofifenua, un pilier polyvalent qui quitte le Biarritz Olympique pour rejoindre le promu carcassonnais.<\/p>\n<p>Un Renfort de Poids pour Carcassonne<\/p>\n<p>Killian Taofifenua, \u00e2g\u00e9 de 25 ans, a sign\u00e9 un contrat d\u2019une saison avec l\u2019US Carcassonne, avec une option pour une ann\u00e9e suppl\u00e9mentaire. Ce pilier gauche, capable d\u2019\u00e9voluer au poste de talonneur, apportera sa force et son exp\u00e9rience \u00e0 un club qui vise la p\u00e9rennit\u00e9 en Pro D2.<\/p>\n<p>Un Parcours Riches en Exp\u00e9riencesNouveau ! Recevez la newsletter Rugby Transfert 1 fois par mois !<\/p>\n<p>Originaire de Perpignan, Killian Taofifenua a d\u00e9but\u00e9 sa carri\u00e8re \u00e0 Limoges avant de faire un passage notable au sein de l\u2019\u00e9quipe de l\u2019USAP. Il a accumul\u00e9 une exp\u00e9rience pr\u00e9cieuse en Pro D2, ayant disput\u00e9 un total de 38 matchs r\u00e9partis entre son passage \u00e0 Perpignan lors de la saison 2020-2021 et les deux derni\u00e8res saisons avec le Biarritz Olympique.<\/p>\n<p>Un Profil Athl\u00e9tique et Technique<\/p>\n<p>Mesurant 1,78 m pour 115 kg, Taofifenua poss\u00e8de un profil athl\u00e9tique qui lui permet de s\u2019imposer sur le terrain. Sa polyvalence et sa solidit\u00e9 seront des atouts ind\u00e9niables pour l\u2019US Carcassonne, qui aspire \u00e0 maintenir son statut dans l\u2019\u00e9lite du rugby fran\u00e7ais.<\/p>\n<p>Objectif Maintien pour l\u2019US Carcassonne<\/p>\n<p>Avec l\u2019arriv\u00e9e de Killian Taofifenua, l\u2019US Carcassonne esp\u00e8re renforcer son effectif pour atteindre son objectif de maintien en Pro D2. Ce transfert marque une \u00e9tape importante dans la pr\u00e9paration de l\u2019\u00e9quipe pour la saison \u00e0 venir.<\/p>\n<p>Les supporters de Carcassonne peuvent maintenant se r\u00e9jouir de cette nouvelle recrue, qui pourrait jouer un r\u00f4le cl\u00e9 dans la qu\u00eate de succ\u00e8s du club pour la saison 2023-2024.<\/p>\n<p><img loading=\"lazy\" decoding=\"async\" data-class=\"LazyLoad\" src=\"https:\/\/www.europesays.com\/fr\/wp-content\/uploads\/2025\/04\/image-1.jpg\" width=\"100\" height=\"100\" alt=\"image 1\" itemprop=\"image\" title=\"Transferts Pro D2-Carcassonne : Killian Taofifenua rejoint le promu audois\"\/><\/p>\n<p>Bruno Lancelle, n\u00e9 en 1986 \u00e0 La Seyne-sur-Mer (Var), aujourd\u2019hui Kin\u00e9sith\u00e9rapeute, est un ancien joueur\u00a0 de rugby \u00e0 XV qui \u00e9voluait au poste de demi d\u2019ouverture, pass\u00e9 par Toulon, Lyon, Provence Rugby, La Seyne-sur-Mer, US bressane, Lille et Hy\u00e8res.<\/p>\n","protected":false},"excerpt":{"rendered":"Dans le cadre des transferts en Pro D2, l\u2019US Carcassonne a officialis\u00e9 l\u2019arriv\u00e9e de Killian Taofifenua, un pilier&hellip;\n","protected":false},"author":2,"featured_media":269436,"comment_status":"","ping_status":"","sticky":false,"template":"","format":"standard","meta":{"footnotes":""},"categories":[1416],"tags":[1011,27,479,1468,60],"class_list":{"0":"post-269435","1":"post","2":"type-post","3":"status-publish","4":"format-standard","5":"has-post-thumbnail","7":"category-rugby","8":"tag-fr","9":"tag-france","10":"tag-rugby","11":"tag-rugby-football","12":"tag-sports"},"share_on_mastodon":{"url":"https:\/\/pubeurope.com\/@fr\/114905843224610625","error":""},"_links":{"self":[{"href":"https:\/\/www.europesays.com\/fr\/wp-json\/wp\/v2\/posts\/269435","targetHints":{"allow":["GET"]}}],"collection":[{"href":"https:\/\/www.europesays.com\/fr\/wp-json\/wp\/v2\/posts"}],"about":[{"href":"https:\/\/www.europesays.com\/fr\/wp-json\/wp\/v2\/types\/post"}],"author":[{"embeddable":true,"href":"https:\/\/www.europesays.com\/fr\/wp-json\/wp\/v2\/users\/2"}],"replies":[{"embeddable":true,"href":"https:\/\/www.europesays.com\/fr\/wp-json\/wp\/v2\/comments?post=269435"}],"version-history":[{"count":0,"href":"https:\/\/www.europesays.com\/fr\/wp-json\/wp\/v2\/posts\/269435\/revisions"}],"wp:featuredmedia":[{"embeddable":true,"href":"https:\/\/www.europesays.com\/fr\/wp-json\/wp\/v2\/media\/269436"}],"wp:attachment":[{"href":"https:\/\/www.europesays.com\/fr\/wp-json\/wp\/v2\/media?parent=269435"}],"wp:term":[{"taxonomy":"category","embeddable":true,"href":"https:\/\/www.europesays.com\/fr\/wp-json\/wp\/v2\/categories?post=269435"},{"taxonomy":"post_tag","embeddable":true,"href":"https:\/\/www.europesays.com\/fr\/wp-json\/wp\/v2\/tags?post=269435"}],"curies":[{"name":"wp","href":"https:\/\/api.w.org\/{rel}","templated":true}]}}