{"id":269437,"date":"2025-07-24T02:26:12","date_gmt":"2025-07-24T02:26:12","guid":{"rendered":"https:\/\/www.europesays.com\/fr\/269437\/"},"modified":"2025-07-24T02:26:12","modified_gmt":"2025-07-24T02:26:12","slug":"resultat-damir-dzumhur-stan-wawrinka-atp-250-umag-deuxieme-tour-mercredi-23-juillet-2025-lequipe","status":"publish","type":"post","link":"https:\/\/www.europesays.com\/fr\/269437\/","title":{"rendered":"R\u00e9sultat : Damir Dzumhur &#8211; Stan Wawrinka, ATP 250, Umag, Deuxi\u00e8me tour, Mercredi 23 juillet 2025 &#8211; L&#039;\u00c9quipe"},"content":{"rendered":"<ol>\n<li><a href=\"https:\/\/news.google.com\/rss\/articles\/CBMiwAFBVV95cUxQUkJPRDFkTTZjWmZDc0JIdHljWDdTbkdnUWtWQ3Q4cG1ZWXFXZFpUX0FON0dPR3E5c1VCOThLTWF3WnRVREZnTUtzZFpwbDN4MVFuckpXWDU4dFB2T2dweGR1dHkwUHdDeUpkUTdEU25nTjlvYXIwT2Z3YjZ6U1lpb0dvYVlEeEptVGRFX1ZscTdYMkRfMnhLYy1JZ1QwZktqQ0pRY3VaTTVuVFdLWnFaTkwzUUlSSVhZaGlSX0tVdi0?oc=5\" target=\"_blank\" rel=\"nofollow noopener\">R\u00e9sultat : Damir Dzumhur &#8211; Stan Wawrinka, ATP 250, Umag, Deuxi\u00e8me tour, Mercredi 23 juillet 2025<\/a>&nbsp;&nbsp;L&rsquo;\u00c9quipe<\/li>\n<li><a href=\"https:\/\/news.google.com\/rss\/articles\/CBMixAFBVV95cUxNWTljVkh2MnRCbS0xc1lFVWYyWDlyWC1YNllDWDhhN2Z2SUNKRmJtMjN0Y0E5WE5nTHM5MmQ1dVoycTE5bGNmMUpyRjVyekFMeFhVaVZ5Q213c2JJcVdnUmNZVk92WEppTFFiS2xacHBDR3RvcjZ2a21fZnVUQnlWRkhRVUVxWmFvVjlkMXM2SFdJMmpjWHZEckdweFVnMUd6UFh0YU54RmtqcV9FTWxfYU5hc0pmY1NjU2V3dEZxRUNTTGhm?oc=5\" target=\"_blank\" rel=\"nofollow noopener\">Stan Wawrinka renoue avec la victoire<\/a>&nbsp;&nbsp;rts.ch<\/li>\n<li><a href=\"https:\/\/news.google.com\/rss\/articles\/CBMitAFBVV95cUxQSHVoeHlsS0lJZElIOURiekNwQTlWRG40eXd6dVotdGhlb0hHQ2Zaem1Ub3dJYjBxM0Ywb21udGpCQ2dBeTVpWmc4cDlPTDFVMVFPY3Zhb0ZqYl9YNjBudzRVZXVYNWUxZVZpSndVZ3JFcFpVVzdhd1A1SEoydkVBTk9JM2ZCcUtoYWh4QjNPUUEweHhsOGVRb2dsMWljc1RqMWFQN29WUnE1U3lvaElTMnF0R2o?oc=5\" target=\"_blank\" rel=\"nofollow noopener\">Tennis : Terence Atmane stopp\u00e9 d\u00e8s le deuxi\u00e8me tour en Croatie<\/a>&nbsp;&nbsp;Nord Littoral<\/li>\n<li><a href=\"https:\/\/news.google.com\/rss\/articles\/CBMi4gFBVV95cUxPbkpQNTBIRXFrSkNvS09RNXpGcTdqSW5lbTZPM1RXWmhEYnljajROVTNBRHE2dktyc3BXbW5DdjRYaG85T0VzbkZCUXZ1dEJRd0hiSWVpQ0JpSmF6MlQ0LWtheWljdW5Ua3hrU2d4Ny05cjhEWWI1T2RfS2d2T0dvVEd6d3hKWnZuSUtUSjQ0TnhpNWQxVEFsdUdydWVMYW1NMFA3MnBDMkZGbDVNd0hWLWZ1UzFueGNxSjQ5S3VjZFR5dXV0SnpmZGR6UlBhNURMWHdRai1yWDJRd3BKQ1YySVlR?oc=5\" target=\"_blank\" rel=\"nofollow noopener\">Terence Atmane surpris par le 537e mondial Pablo Llamas Ruiz au deuxi\u00e8me tour \u00e0 Umag<\/a>&nbsp;&nbsp;MSN<\/li>\n<li><a href=\"https:\/\/news.google.com\/rss\/articles\/CBMimAFBVV95cUxOc3E5UlFNblZaVVJZYm0xaFYyQ1o2VGhwQ1VRLUlSb0l4Tzh0aDc4UXZuRkRKbVdNRGVlYUpPalZPWHQ4TnhMd1FhQ0JzWHF4SXlRYmlCOEJpRE5QcllqUU5Ub0taQ2VLUG45OXBLLTRfQk5WR1dTOU5MX1BqSDFDdzRnT1dPYVdCTzlfVnp4TUNoY3ZWc1lIaNIBlwFBVV95cUxOSG1hbnlMcVl1ZlFxRGYzSHBqTWduNjM1ZWJ0c1lvX0t2U3EwMUhFSzZRVUlsMS1Ja3Ixd2kxb2pSZnNLYTV1Y2s0Um16S0NBa1Zjb2hDa21LRjdTMVBUWVVvTWFUelluSjMtRWJOUU9sci1TQ1B1Q3dIRTRvYjFSeVNWN2pwNXZsTlJ1UnpJWm5TVHZJd0NZ?oc=5\" target=\"_blank\" rel=\"nofollow noopener\">ATP &#8211; Umag : Atmane tombe de haut<\/a>&nbsp;&nbsp;Orange Actualit\u00e9s | Sports<\/li>\n<\/ol>\n","protected":false},"excerpt":{"rendered":"R\u00e9sultat : Damir Dzumhur &#8211; Stan Wawrinka, ATP 250, Umag, Deuxi\u00e8me tour, Mercredi 23 juillet 2025&nbsp;&nbsp;L&rsquo;\u00c9quipe Stan Wawrinka&hellip;\n","protected":false},"author":2,"featured_media":1983,"comment_status":"","ping_status":"","sticky":false,"template":"","format":"standard","meta":{"footnotes":""},"categories":[1415],"tags":[1011,27,60,1467],"class_list":{"0":"post-269437","1":"post","2":"type-post","3":"status-publish","4":"format-standard","5":"has-post-thumbnail","7":"category-tennis","8":"tag-fr","9":"tag-france","10":"tag-sports","11":"tag-tennis"},"share_on_mastodon":{"url":"https:\/\/pubeurope.com\/@fr\/114905847058101296","error":""},"_links":{"self":[{"href":"https:\/\/www.europesays.com\/fr\/wp-json\/wp\/v2\/posts\/269437","targetHints":{"allow":["GET"]}}],"collection":[{"href":"https:\/\/www.europesays.com\/fr\/wp-json\/wp\/v2\/posts"}],"about":[{"href":"https:\/\/www.europesays.com\/fr\/wp-json\/wp\/v2\/types\/post"}],"author":[{"embeddable":true,"href":"https:\/\/www.europesays.com\/fr\/wp-json\/wp\/v2\/users\/2"}],"replies":[{"embeddable":true,"href":"https:\/\/www.europesays.com\/fr\/wp-json\/wp\/v2\/comments?post=269437"}],"version-history":[{"count":0,"href":"https:\/\/www.europesays.com\/fr\/wp-json\/wp\/v2\/posts\/269437\/revisions"}],"wp:featuredmedia":[{"embeddable":true,"href":"https:\/\/www.europesays.com\/fr\/wp-json\/wp\/v2\/media\/1983"}],"wp:attachment":[{"href":"https:\/\/www.europesays.com\/fr\/wp-json\/wp\/v2\/media?parent=269437"}],"wp:term":[{"taxonomy":"category","embeddable":true,"href":"https:\/\/www.europesays.com\/fr\/wp-json\/wp\/v2\/categories?post=269437"},{"taxonomy":"post_tag","embeddable":true,"href":"https:\/\/www.europesays.com\/fr\/wp-json\/wp\/v2\/tags?post=269437"}],"curies":[{"name":"wp","href":"https:\/\/api.w.org\/{rel}","templated":true}]}}