{"id":269438,"date":"2025-07-24T02:28:14","date_gmt":"2025-07-24T02:28:14","guid":{"rendered":"https:\/\/www.europesays.com\/fr\/269438\/"},"modified":"2025-07-24T02:28:14","modified_gmt":"2025-07-24T02:28:14","slug":"luca-marini-resterait-dans-le-team-officiel-honda-motogp-en-2026","status":"publish","type":"post","link":"https:\/\/www.europesays.com\/fr\/269438\/","title":{"rendered":"Luca Marini resterait dans le team officiel Honda MotoGP en 2026"},"content":{"rendered":"<p>On ne change pas une \u00e9quipe qui&#8230; ne gagne pas ?! Luca Marini, 15\u00e8me du classement MotoGP \u00e0 la pause estivale, serait prolong\u00e9 une troisi\u00e8me saison sur la RC213V d&rsquo;usine aux c\u00f4t\u00e9s de Joan Mir. Pour m\u00e9moire, le demi-fr\u00e8re de Valentino Rossi &#8211; r\u00e9cemment bless\u00e9 &#8211; a d\u00e9croch\u00e9 son meilleur r\u00e9sultat au HRC pour son retour en <a class=\"LienMenuTopNoir\" href=\"https:\/\/www.moto-net.com\/rubrique\/sport\/motogp\/2025\/republique-tcheque.html\" target=\"_blank\" rel=\"nofollow noopener\">R\u00e9publique tch\u00e8que<\/a> avec la 6\u00e8me place.<\/p>\n<p>Luca Marini, qui n&rsquo;avait pas d\u00e9pass\u00e9 la 12\u00e8me position l&rsquo;an dernier, resterait donc en poste jusqu&rsquo;\u00e0 fin 2026 comme son co\u00e9quipier : Honda opte pour la stabilit\u00e9 avant le grand chamboulement pr\u00e9vu pour 2027, avec le nouveau r\u00e9glement et une cylindr\u00e9e r\u00e9duite. Le petit doigt de MNC lui souffle surtout que le <a class=\"LienMenuTopNoir\" href=\"https:\/\/www.moto-net.com\/article\/jorge-martin-reste-finalement-chez-aprilia-en-2026.html\" target=\"_blank\" rel=\"nofollow noopener\">volte-face de Jorge Martin<\/a> est directement li\u00e9 \u00e0 cette reconduction (\u00e0 confirmer officiellement) : le tenant du titre, qui souhaitait quitter Aprilia, \u00e9tait fortement pressenti pour succ\u00e9der \u00e0 Marini !<\/p>\n<p><img loading=\"lazy\" decoding=\"async\" src=\"https:\/\/www.europesays.com\/fr\/wp-content\/uploads\/2025\/07\/2025-motogp-marini-honda-hrc.jpg\" width=\"650\" height=\"435\"\/><\/p>\n","protected":false},"excerpt":{"rendered":"On ne change pas une \u00e9quipe qui&#8230; ne gagne pas ?! Luca Marini, 15\u00e8me du classement MotoGP \u00e0&hellip;\n","protected":false},"author":2,"featured_media":269439,"comment_status":"","ping_status":"","sticky":false,"template":"","format":"standard","meta":{"footnotes":""},"categories":[1413],"tags":[1011,27,1457,1456,60],"class_list":{"0":"post-269438","1":"post","2":"type-post","3":"status-publish","4":"format-standard","5":"has-post-thumbnail","7":"category-moto","8":"tag-fr","9":"tag-france","10":"tag-moto","11":"tag-motocycle","12":"tag-sports"},"share_on_mastodon":{"url":"https:\/\/pubeurope.com\/@fr\/114905855001403783","error":""},"_links":{"self":[{"href":"https:\/\/www.europesays.com\/fr\/wp-json\/wp\/v2\/posts\/269438","targetHints":{"allow":["GET"]}}],"collection":[{"href":"https:\/\/www.europesays.com\/fr\/wp-json\/wp\/v2\/posts"}],"about":[{"href":"https:\/\/www.europesays.com\/fr\/wp-json\/wp\/v2\/types\/post"}],"author":[{"embeddable":true,"href":"https:\/\/www.europesays.com\/fr\/wp-json\/wp\/v2\/users\/2"}],"replies":[{"embeddable":true,"href":"https:\/\/www.europesays.com\/fr\/wp-json\/wp\/v2\/comments?post=269438"}],"version-history":[{"count":0,"href":"https:\/\/www.europesays.com\/fr\/wp-json\/wp\/v2\/posts\/269438\/revisions"}],"wp:featuredmedia":[{"embeddable":true,"href":"https:\/\/www.europesays.com\/fr\/wp-json\/wp\/v2\/media\/269439"}],"wp:attachment":[{"href":"https:\/\/www.europesays.com\/fr\/wp-json\/wp\/v2\/media?parent=269438"}],"wp:term":[{"taxonomy":"category","embeddable":true,"href":"https:\/\/www.europesays.com\/fr\/wp-json\/wp\/v2\/categories?post=269438"},{"taxonomy":"post_tag","embeddable":true,"href":"https:\/\/www.europesays.com\/fr\/wp-json\/wp\/v2\/tags?post=269438"}],"curies":[{"name":"wp","href":"https:\/\/api.w.org\/{rel}","templated":true}]}}