{"id":269446,"date":"2025-07-24T02:32:10","date_gmt":"2025-07-24T02:32:10","guid":{"rendered":"https:\/\/www.europesays.com\/fr\/269446\/"},"modified":"2025-07-24T02:32:10","modified_gmt":"2025-07-24T02:32:10","slug":"brigitte-et-emmanuel-macron-cette-influenceuse-contre-laquelle-ils-ont-decide-de-porter-plainte","status":"publish","type":"post","link":"https:\/\/www.europesays.com\/fr\/269446\/","title":{"rendered":"Brigitte et Emmanuel Macron : cette influenceuse contre laquelle ils ont d\u00e9cid\u00e9 de porter plainte"},"content":{"rendered":"<p>Brigitte et Emmanuel Macron ont d\u00e9cid\u00e9 de porter plainte pour diffamation contre l\u2019influenceuse et personnalit\u00e9 politique am\u00e9ricaine Candace Owens, apr\u00e8s que celle-ci a relay\u00e9 une infox sur le genre de la Premi\u00e8re dame.<\/p>\n<p>Une d\u00e9cision prise dans un contexte tendu, quelques semaines seulement apr\u00e8s que Brigitte Macron a perdu un proc\u00e8s en France pour cyberharc\u00e8lement.<\/p>\n<p>Une rumeur persistante devenue affaire d&rsquo;\u00c9tat<\/p>\n<p>La rumeur selon laquelle <a href=\"https:\/\/www.public.fr\/brigitte-macron-transgenre-un-homme-face-a-la-justice-apres-le-scandale\" rel=\"nofollow noopener\" target=\"_blank\">Brigitte Macron serait \u00ab n\u00e9e homme \u00bb<\/a> circule depuis plusieurs ann\u00e9es sur les r\u00e9seaux sociaux et dans certains cercles complotistes. Longtemps ignor\u00e9e ou minimis\u00e9e, cette th\u00e9orie sans fondement a r\u00e9cemment refait surface, relay\u00e9e par des personnalit\u00e9s publiques \u00e0 forte audience. Parmi elles : <strong>Candace Owens<\/strong>, figure controvers\u00e9e de la sph\u00e8re conservatrice am\u00e9ricaine.<\/p>\n<p>Cette derni\u00e8re n\u2019a pas seulement diffus\u00e9 l\u2019infox : elle l\u2019a exploit\u00e9e \u00e0 des fins politiques, en s\u2019attaquant ouvertement \u00e0 Brigitte Macron et en insinuant qu\u2019un mensonge aurait \u00e9t\u00e9 sciemment entretenu autour de son identit\u00e9 de genre.<\/p>\n<p>Une plainte d\u00e9pos\u00e9e sur le sol am\u00e9ricain<\/p>\n<p>Face \u00e0 ces propos jug\u00e9s diffamatoires, <strong>le couple pr\u00e9sidentiel fran\u00e7ais a choisi de saisir la justice am\u00e9ricaine<\/strong>. Comme pr\u00e9cis\u00e9 dans les colonnes du journal Le Monde, Emmanuel Macron et son \u00e9pouse ont engag\u00e9, mercredi 23\u00a0juillet, des poursuites en diffamation devant un tribunal du Delaware, aux \u00c9tats-Unis. Une d\u00e9marche rare \u2014 et hautement symbolique \u2014 qui vise \u00e0 obtenir r\u00e9paration sur le territoire m\u00eame o\u00f9 les d\u00e9clarations ont \u00e9t\u00e9 faites et diffus\u00e9es massivement.<\/p>\n<p>Selon les avocats des Macron, Candace Owens a <strong>\u00ab intentionnellement relay\u00e9 une fausse information dans le but de nuire \u00e0 la r\u00e9putation de la Premi\u00e8re dame \u00bb<\/strong>. La plainte, d\u00e9pos\u00e9e dans un tribunal de l\u2019\u00c9tat de New York, pourrait d\u00e9boucher sur un proc\u00e8s tr\u00e8s m\u00e9diatis\u00e9, impliquant des enjeux juridiques complexes entre libert\u00e9 d\u2019expression, diffamation et d\u00e9sinformation.<\/p>\n<p>Un pr\u00e9c\u00e9dent judiciaire en France\u2026 perdu<\/p>\n<p>Cette nouvelle action intervient peu de temps apr\u00e8s une autre affaire m\u00e9diatique : en ao\u00fbt 2024, Brigitte Macron avait port\u00e9 plainte en France pour cyberharc\u00e8lement. Elle visait quatre individus, dont Aur\u00e9lien Poirson-Atlan \u2014 plus connu sous le pseudonyme de Zo\u00e9 Sagan \u2014, qui avaient tenu des propos ciblant \u00ab son genre, sa sexualit\u00e9 et sa diff\u00e9rence d\u2019\u00e2ge avec son conjoint \u00bb.<\/p>\n<p>L\u2019enqu\u00eate avait \u00e9t\u00e9 ouverte pour \u00ab\u00a0cyberharc\u00e8lement et provocation \u00e0 commettre une infraction\u00a0\u00bb, et les quatre mis en cause risquaient jusqu\u2019\u00e0 deux ans de prison. Finalement, ils ont tous \u00e9t\u00e9 relax\u00e9s, la justice estimant qu\u2019ils s\u2019exprimaient dans le cadre de la bonne foi, sans intention malveillante clairement \u00e9tablie et <a href=\"https:\/\/www.public.fr\/brigitte-macron-deboutee-la-premiere-dame-perd-un-proces-important\" rel=\"nofollow noopener\" target=\"_blank\">Brigitte Macron a donc perdu le proc\u00e8s<\/a>.  <\/p>\n<p>Une riposte internationale contre la d\u00e9sinformation<\/p>\n<p>En portant plainte cette fois \u00e0 l\u2019\u00e9tranger, le couple Macron semble vouloir <strong>frapper plus fort<\/strong>. Cette d\u00e9marche peut \u00eatre per\u00e7ue comme une r\u00e9ponse politique au ph\u00e9nom\u00e8ne croissant de la d\u00e9sinformation transnationale, o\u00f9 les rumeurs n\u00e9es sur internet franchissent les fronti\u00e8res et alimentent les discours extr\u00e9mistes.<\/p>\n<p>Brigitte Macron, qui s\u2019est exprim\u00e9e \u00e0 plusieurs reprises sur l\u2019impact psychologique de cette rumeur, consid\u00e8re que <strong>les atteintes r\u00e9p\u00e9t\u00e9es \u00e0 son identit\u00e9 et \u00e0 sa dignit\u00e9 sont all\u00e9es trop loin<\/strong>. Emmanuel Macron, de son c\u00f4t\u00e9, soutient pleinement cette initiative judiciaire, consid\u00e9r\u00e9e comme une d\u00e9fense de leur int\u00e9grit\u00e9 personnelle mais aussi des principes r\u00e9publicains.<\/p>\n<p>      Mentionn\u00e9s dans cet article<\/p>\n<p>\u00c0 lire aussi<\/p>\n","protected":false},"excerpt":{"rendered":"Brigitte et Emmanuel Macron ont d\u00e9cid\u00e9 de porter plainte pour diffamation contre l\u2019influenceuse et personnalit\u00e9 politique am\u00e9ricaine Candace&hellip;\n","protected":false},"author":2,"featured_media":269447,"comment_status":"","ping_status":"","sticky":false,"template":"","format":"standard","meta":{"footnotes":""},"categories":[1359],"tags":[986,58,1073,59,1011,27,973,2634,10657],"class_list":{"0":"post-269446","1":"post","2":"type-post","3":"status-publish","4":"format-standard","5":"has-post-thumbnail","7":"category-people","8":"tag-brigitte-macron","9":"tag-divertissement","10":"tag-emmanuel-macron","11":"tag-entertainment","12":"tag-fr","13":"tag-france","14":"tag-people","15":"tag-plainte","16":"tag-transgenre"},"share_on_mastodon":{"url":"https:\/\/pubeurope.com\/@fr\/114905870704880752","error":""},"_links":{"self":[{"href":"https:\/\/www.europesays.com\/fr\/wp-json\/wp\/v2\/posts\/269446","targetHints":{"allow":["GET"]}}],"collection":[{"href":"https:\/\/www.europesays.com\/fr\/wp-json\/wp\/v2\/posts"}],"about":[{"href":"https:\/\/www.europesays.com\/fr\/wp-json\/wp\/v2\/types\/post"}],"author":[{"embeddable":true,"href":"https:\/\/www.europesays.com\/fr\/wp-json\/wp\/v2\/users\/2"}],"replies":[{"embeddable":true,"href":"https:\/\/www.europesays.com\/fr\/wp-json\/wp\/v2\/comments?post=269446"}],"version-history":[{"count":0,"href":"https:\/\/www.europesays.com\/fr\/wp-json\/wp\/v2\/posts\/269446\/revisions"}],"wp:featuredmedia":[{"embeddable":true,"href":"https:\/\/www.europesays.com\/fr\/wp-json\/wp\/v2\/media\/269447"}],"wp:attachment":[{"href":"https:\/\/www.europesays.com\/fr\/wp-json\/wp\/v2\/media?parent=269446"}],"wp:term":[{"taxonomy":"category","embeddable":true,"href":"https:\/\/www.europesays.com\/fr\/wp-json\/wp\/v2\/categories?post=269446"},{"taxonomy":"post_tag","embeddable":true,"href":"https:\/\/www.europesays.com\/fr\/wp-json\/wp\/v2\/tags?post=269446"}],"curies":[{"name":"wp","href":"https:\/\/api.w.org\/{rel}","templated":true}]}}