{"id":269450,"date":"2025-07-24T02:34:17","date_gmt":"2025-07-24T02:34:17","guid":{"rendered":"https:\/\/www.europesays.com\/fr\/269450\/"},"modified":"2025-07-24T02:34:17","modified_gmt":"2025-07-24T02:34:17","slug":"la-bibliotheque-ephemere-anime-des-ateliers-gratuits-pour-les-enfants-sur-la-plage-de-la-base-nature-de-frejus","status":"publish","type":"post","link":"https:\/\/www.europesays.com\/fr\/269450\/","title":{"rendered":"La biblioth\u00e8que \u00e9ph\u00e9m\u00e8re anime des ateliers gratuits pour les enfants sur la plage de la Base nature de Fr\u00e9jus"},"content":{"rendered":"<p>Sur le sable de Fr\u00e9jus, face \u00e0 la mer, quoi de plus relaxant qu\u2019un bon livre? C\u2019est ce que propose chaque matin l\u2019annexe de la m\u00e9diath\u00e8que Villa-Marie nomm\u00e9e \u00ab\u00a0L\u2019ivre de mer\u00a0\u00bb. Du lundi au vendredi, de 9 \u00e0 13 heures, locaux et vacanciers peuvent emprunter gratuitement une \u0153uvre, l\u2019emporter pour quelques jours ou s\u2019installer confortablement sur l\u2019un des transats \u00e0 l\u2019ombre du b\u00e2timent en bois entour\u00e9 de parasols.<\/p>\n<p>\u00ab\u00a0L\u2019id\u00e9e de ce coin lecture, c\u2019est d\u2019offrir un large choix de romans, bandes dessin\u00e9es, mangas, magazines, documentaires, publications en langues \u00e9trang\u00e8res\u2026 de venir au plus pr\u00e8s des lecteurs afin qu\u2019ils profitent de leurs vacances pour lire\u00a0\u00bb, a expliqu\u00e9 Filippine Vanbelle, directrice adjointe et responsable de l\u2019espace jeunesse de la m\u00e9diath\u00e8que Villa-Marie.<\/p>\n<p>\u00ab\u00a0Nous avons ouvert la structure le 16 juin pour accueillir les \u00e9coliers fr\u00e9jusiens, les enfants des cr\u00e8ches, les jeunes des accueils de loisirs et nous fermerons le 30 ao\u00fbt. C\u2019est un travail collectif de la vingtaine de professionnels de la m\u00e9diath\u00e8que qui choisissent les ouvrages et pr\u00e9parent les animations chaque jour diff\u00e9rentes\u00a0\u00bb, a-t-elle confi\u00e9.<\/p>\n<p>\u00a0<\/p>\n<p>Car tous les matins, \u00e0 10 heures, un atelier est pr\u00e9sent\u00e9 gratuitement aux enfants, comme hier, une sensibilisation \u00e0 la biodiversit\u00e9 marine et au sanctuaire P\u00e9lagos. Des jeux \u00e9taient ainsi organis\u00e9s pour comprendre la fragilit\u00e9 de l\u2019oc\u00e9an, la faune et la flore de M\u00e9diterran\u00e9e, les secrets des c\u00e9tac\u00e9s\u2026 Les \u00e9co-ambassadeurs du service \u00e9cologie citoyenne de Fr\u00e9jus ont initi\u00e9 les petits participants aux comportements des dauphins, baleines\u2026<\/p>\n<p>Cr\u00e9ation de carnets de voyage, de marque-pages tiss\u00e9s, d\u2019une fresque, d\u2019exp\u00e9riences scientifiques sur le cycle de l\u2019eau, jeux de l\u2019oie, de m\u00e9moire, chasse au tr\u00e9sor, puzzles, bricolages, coloriages et histoires aux couleurs de l\u2019Afrique\u2026 sont autant de d\u00e9couvertes pour les 3-12 ans. Plus de quarante ateliers sont anim\u00e9s cet \u00e9t\u00e9 par St\u00e9phanie, No\u00eblie, L\u00e9ia, Camille, M\u00e9lanie, professionnelles de la m\u00e9diath\u00e8que Villa-Marie dirig\u00e9e par Christine Ortuno.<\/p>\n<p>              <img ci-src=\"https:\/\/www.varmatin.com\/litterature\/Image+RAPXXQ180_HB_PELAGOS-7vfQjDMP.jpg?vh=c2d446&amp;ci_seal=0882e86b7a\" alt=\"\"\/><br \/>\n        Hier matin, le sanctuaire P\u00e9lagos et les secrets des c\u00e9tac\u00e9s \u00e9taient r\u00e9v\u00e9l\u00e9s aux jeunes participants de l\u2019atelier gratuit de \u2018\u2018L\u2019ivre de mer\u2019\u2019.&#13;<br \/>\n <strong>Photo Herros Basim.<\/strong> <\/p>\n<p>                                Du sanctuaire P\u00e9lagos \u00e0 la cr\u00e9ation d\u2019une fresque <\/p>\n<p>\u00ab\u00a0Les artistes du circuit des m\u00e9tiers d\u2019art de Fr\u00e9jus se relaient \u00e9galement comme la peintre France Nadaud ou la sp\u00e9cialiste du travail du cuir, a soulign\u00e9 Filippine Vanbelle. Pour \u00eatre certain d\u2019avoir une place, on peut s\u2019inscrire sur le site de la m\u00e9diath\u00e8que, toujours gratuitement. C\u2019est tr\u00e8s vari\u00e9, un peu p\u00e9dagogique mais c\u2019est important que \u00e7a reste du jeu pendant les vacances donc c\u2019est surtout ludique\u00a0\u00bb.<\/p>\n<p>Dispositif tr\u00e8s pris\u00e9 d\u00e9ploy\u00e9 depuis 19 ans, \u2018\u2018L\u2019ivre de mer\u2019\u2019 a ses fid\u00e8les, comme Patrice qui vient depuis la cr\u00e9ation: \u00ab\u00a0J\u2019am\u00e8ne mes quatre petits-enfants en juillet et en ao\u00fbt. C\u2019est pratique car on consomme beaucoup de livres pendant les vacances. C\u2019est formidable, toute l\u2019\u00e9quipe est tr\u00e8s agr\u00e9able et accueillante\u00a0\u00bb.<\/p>\n<p>\u00c0 noter que ce matin, il s\u2019agira de confectionner un moulin \u00e0 vent!<\/p>\n","protected":false},"excerpt":{"rendered":"Sur le sable de Fr\u00e9jus, face \u00e0 la mer, quoi de plus relaxant qu\u2019un bon livre? C\u2019est ce&hellip;\n","protected":false},"author":2,"featured_media":269451,"comment_status":"","ping_status":"","sticky":false,"template":"","format":"standard","meta":{"footnotes":""},"categories":[1357],"tags":[1379,251,58,59,1011,27,1351,1380],"class_list":{"0":"post-269450","1":"post","2":"type-post","3":"status-publish","4":"format-standard","5":"has-post-thumbnail","7":"category-livres","8":"tag-books","9":"tag-culture","10":"tag-divertissement","11":"tag-entertainment","12":"tag-fr","13":"tag-france","14":"tag-litterature","15":"tag-livres"},"share_on_mastodon":{"url":"https:\/\/pubeurope.com\/@fr\/114905878613150395","error":""},"_links":{"self":[{"href":"https:\/\/www.europesays.com\/fr\/wp-json\/wp\/v2\/posts\/269450","targetHints":{"allow":["GET"]}}],"collection":[{"href":"https:\/\/www.europesays.com\/fr\/wp-json\/wp\/v2\/posts"}],"about":[{"href":"https:\/\/www.europesays.com\/fr\/wp-json\/wp\/v2\/types\/post"}],"author":[{"embeddable":true,"href":"https:\/\/www.europesays.com\/fr\/wp-json\/wp\/v2\/users\/2"}],"replies":[{"embeddable":true,"href":"https:\/\/www.europesays.com\/fr\/wp-json\/wp\/v2\/comments?post=269450"}],"version-history":[{"count":0,"href":"https:\/\/www.europesays.com\/fr\/wp-json\/wp\/v2\/posts\/269450\/revisions"}],"wp:featuredmedia":[{"embeddable":true,"href":"https:\/\/www.europesays.com\/fr\/wp-json\/wp\/v2\/media\/269451"}],"wp:attachment":[{"href":"https:\/\/www.europesays.com\/fr\/wp-json\/wp\/v2\/media?parent=269450"}],"wp:term":[{"taxonomy":"category","embeddable":true,"href":"https:\/\/www.europesays.com\/fr\/wp-json\/wp\/v2\/categories?post=269450"},{"taxonomy":"post_tag","embeddable":true,"href":"https:\/\/www.europesays.com\/fr\/wp-json\/wp\/v2\/tags?post=269450"}],"curies":[{"name":"wp","href":"https:\/\/api.w.org\/{rel}","templated":true}]}}