{"id":269457,"date":"2025-07-24T02:38:10","date_gmt":"2025-07-24T02:38:10","guid":{"rendered":"https:\/\/www.europesays.com\/fr\/269457\/"},"modified":"2025-07-24T02:38:10","modified_gmt":"2025-07-24T02:38:10","slug":"alice-se-confie-sur-son-trouble-dissociatif-de-lidentite-dans-legend","status":"publish","type":"post","link":"https:\/\/www.europesays.com\/fr\/269457\/","title":{"rendered":"Alice se confie sur son trouble dissociatif de l&rsquo;identit\u00e9 dans \u00ab\u00a0Legend\u00a0\u00bb"},"content":{"rendered":"<p>Le 20 juillet dernier, <a data-i13n=\"cpos:1;pos:1\" href=\"https:\/\/fr.news.yahoo.com\/guillaume-pley-hugo-d%C3%A9crypte-europe-143100016.html\" data-ylk=\"slk:Guillaume Pley;cpos:1;pos:1;elm:context_link;itc:0;sec:content-canvas;outcm:mb_qualified_link;_E:mb_qualified_link;ct:story;\" class=\"link  yahoo-link\" target=\"_blank\" rel=\"noopener\">Guillaume Pley<\/a> a re\u00e7u <a data-i13n=\"cpos:2;pos:1\" href=\"https:\/\/www.youtube.com\/watch?v=54epG0kjwA4\" rel=\"nofollow noopener\" target=\"_blank\" data-ylk=\"slk:Alice Juggery;cpos:2;pos:1;elm:context_link;itc:0;sec:content-canvas\" class=\"link \">Alice Juggery<\/a> dans son \u00e9mission \u00ab\u00a0Legend\u00a0\u00bb. Diffus\u00e9e sur YouTube et les plateformes de podcasts, \u00ab\u00a0<a data-i13n=\"cpos:3;pos:1\" href=\"https:\/\/fr.news.yahoo.com\/nai-jamais-eu-copine-avant-085200488.html\" data-ylk=\"slk:Legend;cpos:3;pos:1;elm:context_link;itc:0;sec:content-canvas;outcm:mb_qualified_link;_E:mb_qualified_link;ct:story;\" class=\"link  yahoo-link\" target=\"_blank\" rel=\"noopener\">Legend<\/a>\u00a0\u00bb propose des entretiens en format long o\u00f9 les invit\u00e9s s&rsquo;expriment librement sur leurs exp\u00e9riences de vie exceptionnelles. C&rsquo;est dans ce cadre qu&rsquo;Alice, une jeune femme de 22 ans atteinte d&rsquo;un trouble dissociatif de l&rsquo;identit\u00e9 (TDI), a accept\u00e9 de se confier.<\/p>\n<p>D\u00e8s les premi\u00e8res minutes de l&rsquo;entretien, la complexit\u00e9 de sa pathologie devient palpable. \u00ab\u00a0Tu ne parles pas \u00e0 Alice depuis le d\u00e9but, tu parles \u00e0 Lilia\u00a0\u00bb, annonce-t-elle d&#8217;embl\u00e9e. La jeune femme a ainsi r\u00e9v\u00e9l\u00e9 que plusieurs identit\u00e9s peuvent \u00e0 tout moment prendre le contr\u00f4le de son corps.<\/p>\n<p>Un quotidien fragment\u00e9 entre 13 identit\u00e9s<\/p>\n<p>Alice cohabite avec 12 autres identit\u00e9s, chacune ayant ses propres caract\u00e9ristiques, \u00e2ges et personnalit\u00e9s. Lilia, 26 ans, se pr\u00e9sente comme organis\u00e9e et introvertie mais sociable, pr\u00e9sente 40 \u00e0 50 % du temps. Aurore, 5 ans, extravertie et espi\u00e8gle, aime les doudous et les jeux : elle repr\u00e9sente environ 10 % de la journ\u00e9e. Il y a aussi Mika, 17-18 ans, \u00ab\u00a0une pile \u00e9lectrique\u00a0\u00bb passionn\u00e9e de musique, ou encore Hayden, 8 ans, v\u00e9gane et passionn\u00e9 de vaches.<\/p>\n<p>Chaque identit\u00e9 a ses propres go\u00fbts alimentaires et habitudes. \u00ab\u00a0Alice va manger de la mangue matin, midi et soir. Elle va manger des blancs de poulet, alors que moi, je suis v\u00e9g\u00e9tarienne\u00a0\u00bb, explique Lilia. Cette diversit\u00e9 cr\u00e9e des d\u00e9fis constants : \u00ab\u00a0Si jamais tu switches juste avant, tu n&rsquo;aimes plus ce qui est pr\u00e9par\u00e9 !\u00a0\u00bb pr\u00e9cise l&rsquo;animateur \u00e0 son invit\u00e9e.<\/p>\n<p>Les d\u00e9fis du quotidien avec un TDI<\/p>\n<p>Les \u00ab\u00a0switches\u00a0\u00bb (changements d&rsquo;identit\u00e9) peuvent survenir \u00e0 tout moment, souvent d\u00e9clench\u00e9s par des \u00e9l\u00e9ments sp\u00e9cifiques, appel\u00e9s \u00ab\u00a0triggers\u00a0\u00bb en anglais. Certains d\u00e9clencheurs sont plus visibles : le doudou \u00ab\u00a0Torinclornitorinc\u00a0\u00bb d&rsquo;Aurore garantit l&rsquo;arriv\u00e9e de cette derni\u00e8re, tandis que les situations de stress font appara\u00eetre Lya, l&rsquo;identit\u00e9 protectrice.<\/p>\n<p>Ces changements impr\u00e9visibles compliquent consid\u00e9rablement le quotidien. Alice \u00e9voque des \u00ab\u00a0blackouts\u00a0\u00bb qui peuvent durer plusieurs jours : \u00ab\u00a0Je me r\u00e9veille, je suis en train de m&rsquo;habiller, je monte dans la voiture pour aller au lyc\u00e9e, et l\u00e0, je me r\u00e9veille le soir, dans mon lit et je ne sais pas ce qu&rsquo;il s&rsquo;est pass\u00e9 toute la journ\u00e9e\u00a0\u00bb.<\/p>\n<p>Les cons\u00e9quences peuvent \u00eatre embarrassantes, voire dangereuses. Aurore peut d\u00e9penser 400 euros en doudous sur Amazon si elle a acc\u00e8s \u00e0 la carte bancaire, ou cr\u00e9er des situations d\u00e9licates : \u00ab\u00a0Aurore qui arrive parce qu&rsquo;en train de faire l&rsquo;amour avec mon copain, j&rsquo;ai touch\u00e9 le doudou qui \u00e9tait \u00e0 c\u00f4t\u00e9 du lit\u00a0\u00bb.<\/p>\n<p>Un diagnostic lib\u00e9rateur apr\u00e8s des ann\u00e9es d&rsquo;errance<\/p>\n<p>Pendant des ann\u00e9es, Alice a cru qu&rsquo;elle devenait folle. Les premiers signes sont apparus vers l&rsquo;\u00e2ge de 6 ans quand elle a dit \u00e0 sa m\u00e8re : \u00ab\u00a0Je ne suis pas seule dans ma t\u00eate\u00a0\u00bb. Sa m\u00e8re a d&rsquo;abord attribu\u00e9 cela \u00e0 la cr\u00e9ativit\u00e9 de l&rsquo;enfant mais l&rsquo;inqui\u00e9tude a grandi avec les ann\u00e9es.<\/p>\n<p>Le diagnostic de TDI n&rsquo;est arriv\u00e9 qu&rsquo;apr\u00e8s une premi\u00e8re tentative de suicide et un mauvais diagnostic de bipolarit\u00e9. \u00ab\u00a0C&rsquo;est la lib\u00e9ration pour moi\u00a0\u00bb, confie Alice. \u00ab\u00a0Toutes les IRM c\u00e9r\u00e9brales que j&rsquo;ai pass\u00e9es en pensant que j&rsquo;avais une tumeur au cerveau, eh bien en fait, non. Il y a un truc v\u00e9ritable\u00a0\u00bb. Le TDI d&rsquo;Alice trouve son origine dans des violences sexuelles subies dans l&rsquo;enfance. En 2024, la rencontre fortuite avec son agresseur a fait resurgir des souvenirs enfouis depuis l&rsquo;\u00e2ge de 5 ans. \u00ab\u00a0Il y a tous mes souvenirs de lui qui me viole depuis mes 5 ans jusqu&rsquo;\u00e0 mes 15 ans\u00a0\u00bb, r\u00e9v\u00e8le-t-elle avec courage.<\/p>\n<p>Face \u00e0 cette r\u00e9v\u00e9lation traumatisante, sa famille l&rsquo;a soutenue sans remettre en question son t\u00e9moignage. Cependant, Alice n&rsquo;a pas encore trouv\u00e9 la force de porter plainte : \u00ab\u00a0J&rsquo;ai trop peur. J&rsquo;ai peur de ce qu&rsquo;il peut me faire\u00a0\u00bb.<\/p>\n<p>Les troubles dissociatifs de l&rsquo;identit\u00e9 : comprendre une pathologie m\u00e9connue<\/p>\n<p>Le trouble dissociatif de l&rsquo;identit\u00e9, anciennement appel\u00e9 trouble de la personnalit\u00e9 multiple, est un trouble psychiatrique grave caract\u00e9ris\u00e9 par la pr\u00e9sence de deux ou plusieurs identit\u00e9s distinctes qui prennent alternativement le contr\u00f4le du comportement et de la conscience d&rsquo;un individu. Il s&rsquo;accompagne souvent de pertes de m\u00e9moire importantes et d&rsquo;exp\u00e9riences d&rsquo;amn\u00e9sie dissociative.<\/p>\n<p>Chaque \u00ab\u00a0alter\u00a0\u00bb (identit\u00e9 alternative) poss\u00e8de ses propres caract\u00e9ristiques psychologiques, souvenirs et exp\u00e9riences. Ces identit\u00e9s peuvent interagir entre elles de mani\u00e8re plus ou moins consciente, avec parfois des \u00ab\u00a0switches\u00a0\u00bb qui entra\u00eenent des alt\u00e9rations notables du comportement, de la voix ou de la posture.<\/p>\n<p>Le TDI trouve fr\u00e9quemment son origine dans des traumatismes s\u00e9v\u00e8res, le plus souvent subis dans l&rsquo;enfance (de 0 \u00e0 8 ans), comme des abus physiques, \u00e9motionnels ou sexuels r\u00e9p\u00e9t\u00e9s. La dissociation appara\u00eet alors comme un m\u00e9canisme de d\u00e9fense face \u00e0 une souffrance psychique jug\u00e9e insurmontable. Comme l&rsquo;explique Alice : \u00ab\u00a0Quand tu subis des traumas dans l&rsquo;enfance, ton cerveau peut ne pas \u00eatre capable de faire face \u00e0 ces traumatismes. Et donc, il va mettre en place un syst\u00e8me pour assurer la survie de notre corps\u00a0\u00bb.<\/p>\n<p>Le TDI se distingue nettement de la schizophr\u00e9nie. Contrairement aux patients schizophr\u00e8nes qui ne sont pas conscients de leurs hallucinations, les personnes atteintes de TDI gardent une lucidit\u00e9 sur leur \u00e9tat. \u00ab\u00a0Un schizophr\u00e8ne va te dire &lsquo;Dieu m&rsquo;a parl\u00e9 ce matin&rsquo;, (&#8230;) il ne va pas \u00eatre conscient de son d\u00e9lire. Alors que quelqu&rsquo;un qui a mon trouble va se rendre compte et moi je vais te dire &lsquo;Je suis folle. Je perds la boule'\u00a0\u00bb a confi\u00e9 Alice \u00e0 Guillaume Pley.<\/p>\n<p>En 2023, 183 personnes ont re\u00e7u un diagnostic officiel de TDI en France selon l&rsquo;Assurance maladie, un chiffre tr\u00e8s inf\u00e9rieur \u00e0 la r\u00e9alit\u00e9 estim\u00e9e.<\/p>\n","protected":false},"excerpt":{"rendered":"Le 20 juillet dernier, Guillaume Pley a re\u00e7u Alice Juggery dans son \u00e9mission \u00ab\u00a0Legend\u00a0\u00bb. Diffus\u00e9e sur YouTube et&hellip;\n","protected":false},"author":2,"featured_media":269458,"comment_status":"","ping_status":"","sticky":false,"template":"","format":"standard","meta":{"footnotes":""},"categories":[10],"tags":[40860,40861,1764,1011,27,72,29719,40863,71,40862],"class_list":{"0":"post-269457","1":"post","2":"type-post","3":"status-publish","4":"format-standard","5":"has-post-thumbnail","7":"category-sante","8":"tag-alice","9":"tag-alice-juggery","10":"tag-ans","11":"tag-fr","12":"tag-france","13":"tag-health","14":"tag-legend","15":"tag-pathologie-psychiatrique","16":"tag-sante","17":"tag-trouble-dissociatif"},"share_on_mastodon":{"url":"https:\/\/pubeurope.com\/@fr\/114905894381517135","error":""},"_links":{"self":[{"href":"https:\/\/www.europesays.com\/fr\/wp-json\/wp\/v2\/posts\/269457","targetHints":{"allow":["GET"]}}],"collection":[{"href":"https:\/\/www.europesays.com\/fr\/wp-json\/wp\/v2\/posts"}],"about":[{"href":"https:\/\/www.europesays.com\/fr\/wp-json\/wp\/v2\/types\/post"}],"author":[{"embeddable":true,"href":"https:\/\/www.europesays.com\/fr\/wp-json\/wp\/v2\/users\/2"}],"replies":[{"embeddable":true,"href":"https:\/\/www.europesays.com\/fr\/wp-json\/wp\/v2\/comments?post=269457"}],"version-history":[{"count":0,"href":"https:\/\/www.europesays.com\/fr\/wp-json\/wp\/v2\/posts\/269457\/revisions"}],"wp:featuredmedia":[{"embeddable":true,"href":"https:\/\/www.europesays.com\/fr\/wp-json\/wp\/v2\/media\/269458"}],"wp:attachment":[{"href":"https:\/\/www.europesays.com\/fr\/wp-json\/wp\/v2\/media?parent=269457"}],"wp:term":[{"taxonomy":"category","embeddable":true,"href":"https:\/\/www.europesays.com\/fr\/wp-json\/wp\/v2\/categories?post=269457"},{"taxonomy":"post_tag","embeddable":true,"href":"https:\/\/www.europesays.com\/fr\/wp-json\/wp\/v2\/tags?post=269457"}],"curies":[{"name":"wp","href":"https:\/\/api.w.org\/{rel}","templated":true}]}}