{"id":269466,"date":"2025-07-24T02:43:11","date_gmt":"2025-07-24T02:43:11","guid":{"rendered":"https:\/\/www.europesays.com\/fr\/269466\/"},"modified":"2025-07-24T02:43:11","modified_gmt":"2025-07-24T02:43:11","slug":"sans-le-savoir-ils-ont-aide-un-tueur-a-transporter-les-cadavres-de-ses-victimes","status":"publish","type":"post","link":"https:\/\/www.europesays.com\/fr\/269466\/","title":{"rendered":"Sans le savoir, ils ont aid\u00e9 un tueur \u00e0 transporter les cadavres de ses victimes"},"content":{"rendered":"<p>Au <a href=\"https:\/\/www.20minutes.fr\/monde\/royaume-uni\/\" class=\"color-ultramarine c-link\" rel=\"nofollow noopener\" target=\"_blank\">Royaume-Uni<\/a>, l\u2019homme suspect\u00e9 de s\u2019\u00eatre <a href=\"https:\/\/www.20minutes.fr\/monde\/angleterre\/4100957-20240711-royaume-uni-restes-humains-decouverts-valises-celebre-pont-bristol\" class=\"color-ultramarine c-link\" rel=\"nofollow noopener\" target=\"_blank\">d\u00e9barrass\u00e9 de valises contenant des restes humains<\/a> sur un pont suspendu \u00e0 Bristol a \u00e9t\u00e9 reconnu coupable de double <a href=\"https:\/\/www.20minutes.fr\/dossier\/homicide\" class=\"color-ultramarine c-link\" rel=\"nofollow noopener\" target=\"_blank\">homicide<\/a>, ce lundi. Sans le savoir, des personnes\u00a0lui avaient propos\u00e9 de l\u2019aider \u00e0 les porter, rapporte <a href=\"https:\/\/news.sky.com\/story\/pubgoers-near-clifton-suspension-bridge-traumatised-after-mistakenly-offering-to-help-killer-who-had-victims-remains-in-suitcases-13399800\" target=\"_blank\" class=\"color-ultramarine c-link\" rel=\"nofollow noopener\">Sky News<\/a>.<\/p>\n<p>\u00ab\u00a0Mon Dieu, elles sont lourdes, y a-t-il un corps l\u00e0-dedans\u00a0?\u00a0\u00bb<\/p>\n<p><a href=\"https:\/\/www.20minutes.fr\/faits_divers\/4101332-20240715-royaume-uni-deux-hommes-retrouves-morts-valise-identifies-suspect-inculpe\" class=\"color-ultramarine c-link\" rel=\"nofollow noopener\" target=\"_blank\">Les victimes, Paul Longworth et Albert Alfonso<\/a>, avaient \u00e9t\u00e9 tu\u00e9es par cet homme de nationalit\u00e9 colombienne, le 8\u00a0juillet 2024, dans l\u2019ouest de Londres. Le <a href=\"https:\/\/www.20minutes.fr\/dossier\/tueur\" class=\"color-ultramarine c-link\" rel=\"nofollow noopener\" target=\"_blank\">tueur<\/a> avait d\u00e9capit\u00e9 les corps, plac\u00e9 les t\u00eates dans un cong\u00e9lateur, et les restes dans des valises.<\/p>\n<p>Selon la <a href=\"https:\/\/www.20minutes.fr\/dossier\/police\" class=\"color-ultramarine c-link\" rel=\"nofollow noopener\" target=\"_blank\">police<\/a>, des clients d\u2019un pub \u00e9taient venus en aide au meurtrier, apr\u00e8s avoir remarqu\u00e9 qu\u2019il peinait \u00e0 transporter ses\u00a0lourdes valises. Ils lui avaient alors propos\u00e9 de le conduire sur le pont de Bristol, o\u00f9 le criminel pr\u00e9voyait de jeter les corps. \u00ab\u00a0Il leur a dit qu\u2019il voulait aller de l\u2019autre c\u00f4t\u00e9 du pont, qui n\u2019\u00e9tait qu\u2019\u00e0 150 m\u00e8tres de l\u2019endroit o\u00f9 il se trouvait\u00a0\u00bb, a d\u00e9clar\u00e9 l\u2019inspecteur Neil Meade, de la police d\u2019Avon et Somerset. \u00ab\u00a0Mon Dieu, elles sont lourdes, y a-t-il un corps l\u00e0-dedans\u00a0?\u00a0\u00bb, aurait d\u00e9clar\u00e9 l\u2019une des personnes, ignorant alors qu\u2019il s\u2019agissait de restes humains.<\/p>\n<p>Du sang s\u2019\u00e9chappait des valises<\/p>\n<p>Incapables de soulever les valises, ils avaient ensuite aid\u00e9 le meurtrier \u00e0 commander un taxi pour le prendre en charge. \u00ab\u00a0Ils ont \u00e9t\u00e9 vraiment traumatis\u00e9s par toute cette histoire, et comprennent \u00e9videmment maintenant ce qui s\u2019est pass\u00e9 par la suite\u00a0\u00bb, ont ajout\u00e9 les autorit\u00e9s. Au moment des faits, des passants avaient remarqu\u00e9 que du <a href=\"https:\/\/www.20minutes.fr\/dossier\/sang\" class=\"color-ultramarine c-link\" rel=\"nofollow noopener\" target=\"_blank\">sang<\/a> s\u2019\u00e9chappait des valises. Un cycliste l\u2019avait m\u00eame interpell\u00e9, avant que ce dernier ne prenne la fuite. Il avait \u00e9t\u00e9 arr\u00eat\u00e9\u00a0le 13\u00a0juillet 2024 \u00e0 la gare de Bristol.<\/p>\n<p>Le jugement sera rendu le 24\u00a0octobre prochain, indique la <a href=\"https:\/\/www.bbc.com\/news\/articles\/c98wz78jy6zo\" target=\"_blank\" class=\"color-ultramarine c-link\" rel=\"nofollow noopener\">BBC<\/a>. Un rapport psychiatrique a \u00e9galement \u00e9t\u00e9 ordonn\u00e9 par le juge.<\/p>\n","protected":false},"excerpt":{"rendered":"Au Royaume-Uni, l\u2019homme suspect\u00e9 de s\u2019\u00eatre d\u00e9barrass\u00e9 de valises contenant des restes humains sur un pont suspendu \u00e0&hellip;\n","protected":false},"author":2,"featured_media":269467,"comment_status":"","ping_status":"","sticky":false,"template":"","format":"standard","meta":{"footnotes":""},"categories":[5],"tags":[47,11,118,1011,27,14,777,74,12,473,28],"class_list":{"0":"post-269466","1":"post","2":"type-post","3":"status-publish","4":"format-standard","5":"has-post-thumbnail","7":"category-international","8":"tag-actualite","9":"tag-actualites","10":"tag-faits-divers","11":"tag-fr","12":"tag-france","13":"tag-international","14":"tag-meurtre","15":"tag-monde","16":"tag-news","17":"tag-royaume-uni","18":"tag-world"},"share_on_mastodon":{"url":"https:\/\/pubeurope.com\/@fr\/114905914105244402","error":""},"_links":{"self":[{"href":"https:\/\/www.europesays.com\/fr\/wp-json\/wp\/v2\/posts\/269466","targetHints":{"allow":["GET"]}}],"collection":[{"href":"https:\/\/www.europesays.com\/fr\/wp-json\/wp\/v2\/posts"}],"about":[{"href":"https:\/\/www.europesays.com\/fr\/wp-json\/wp\/v2\/types\/post"}],"author":[{"embeddable":true,"href":"https:\/\/www.europesays.com\/fr\/wp-json\/wp\/v2\/users\/2"}],"replies":[{"embeddable":true,"href":"https:\/\/www.europesays.com\/fr\/wp-json\/wp\/v2\/comments?post=269466"}],"version-history":[{"count":0,"href":"https:\/\/www.europesays.com\/fr\/wp-json\/wp\/v2\/posts\/269466\/revisions"}],"wp:featuredmedia":[{"embeddable":true,"href":"https:\/\/www.europesays.com\/fr\/wp-json\/wp\/v2\/media\/269467"}],"wp:attachment":[{"href":"https:\/\/www.europesays.com\/fr\/wp-json\/wp\/v2\/media?parent=269466"}],"wp:term":[{"taxonomy":"category","embeddable":true,"href":"https:\/\/www.europesays.com\/fr\/wp-json\/wp\/v2\/categories?post=269466"},{"taxonomy":"post_tag","embeddable":true,"href":"https:\/\/www.europesays.com\/fr\/wp-json\/wp\/v2\/tags?post=269466"}],"curies":[{"name":"wp","href":"https:\/\/api.w.org\/{rel}","templated":true}]}}