{"id":269468,"date":"2025-07-24T02:44:09","date_gmt":"2025-07-24T02:44:09","guid":{"rendered":"https:\/\/www.europesays.com\/fr\/269468\/"},"modified":"2025-07-24T02:44:09","modified_gmt":"2025-07-24T02:44:09","slug":"arret-total-et-illimite-du-pays-dou-sortent-ces-appels-a-bloquer-la-france-le-10-septembre-actu-fr","status":"publish","type":"post","link":"https:\/\/www.europesays.com\/fr\/269468\/","title":{"rendered":"&quot;Arr\u00eat total et illimit\u00e9 du pays&quot; : d&#039;o\u00f9 sortent ces appels \u00e0 bloquer la France le 10 septembre ? &#8211; Actu.fr"},"content":{"rendered":"<ol>\n<li><a href=\"https:\/\/news.google.com\/rss\/articles\/CBMiyAFBVV95cUxNRWhyNlFpejdYR3FNX2p6SGU0eTlxVGhPWmM4cE5Dbk16Q1RjbzdUUGpGSGdicTY4Y2tReG5fUlZiUVVsdi1CdDFSY3FISFc1X2hTS1VBN09mN2xjZmZCejNSM0lJaVJXUk12OVpWNWNHYll1dFhYbmVSbWFxWTdHOW4wb1hrYmpVRnpOWEFUVHpoY240NkJkWEc4TUpJdm1waFNLLWxCQTR4Wnc3ZFVIZFRPcHYzVVc5YzhUU2pLZmJvVElZT0IzdQ?oc=5\" target=\"_blank\" rel=\"noopener\">\u00ab\u00a0Arr\u00eat total et illimit\u00e9 du pays\u00a0\u00bb : d&rsquo;o\u00f9 sortent ces appels \u00e0 bloquer la France le 10 septembre ?<\/a>&nbsp;&nbsp;Actu.fr<\/li>\n<li><a href=\"https:\/\/news.google.com\/rss\/articles\/CBMi2wFBVV95cUxQYWdrOFFuMmJQVFdKcDBYMHZjV3c2QkUzY0dxdndUZGlXZHdhMy05NlphbnJ1LVppNzYyQU90bFpoaWRqNDdNcUFGYXNfWlRSSDF5cTFSNjRZYU1SbjhIR1JJTWlfR2JjNGd5VnJwZlV1djNKZU41SkxOZVd0bl96aGxERzZDYTBmY1pvc0JYdzdjekprMnB1Z1JoZ1VfNjd1ZWJ1Y1lVeTR0TTJOV19tOVIwU0tlTFRGVUVFd013ZE5hVGFaRkc5N1lkdWJPdlVfU0NzRXhWZWhqcGc?oc=5\" target=\"_blank\" rel=\"noopener\">\u00abSans nous, ils ne sont rien\u00bb : quel est ce collectif qui appelle \u00e0 bloquer le pays \u00e0 partir du 10 septembre ?<\/a>&nbsp;&nbsp;Le Figaro<\/li>\n<li><a href=\"https:\/\/news.google.com\/rss\/articles\/CBMinAJBVV95cUxQMUUtRWNBM2VBRzhQa3JNV2k1NnFrbXZXSE1CYjFuU0tXTWo3dnBxVXhPVTZrQTZHY3pXRVE5XzZNMUlKNjM4UHQ2REQwQXZjVmd3SnRxXzRCSFNRS0tyWW5pVktzUHVCZ3Z3TkplbGp5aC1OeHJUMUFSclhPMUExdHZvTUxtcHRHYmh5ME5qYWxBeEFkLUt6NURSblo0enlMd1FEX2hZRlhSSnZrdVhCM2Z6R01OU05veWhwWHZ2T1pNRXlTOUtJSXdNc05VSDE4OFIzX1ZCbVZyaDdETDM4WEpHUEY4NVNySGcxUkFyZ1VwS21hNm5yZG5TSEY1ODZRX2dpQVdSeXl3SmZwM2ZiTkRjX1lNdFFmcHhndA?oc=5\" target=\"_blank\" rel=\"noopener\">\u00ab Un arr\u00eat total et illimit\u00e9 du pays \u00bb : c\u2019est quoi ce mouvement qui appelle \u00e0 bloquer la France \u00ab \u00e0 partir du 10 septembre \u00bb<\/a>&nbsp;&nbsp;Le Parisien<\/li>\n<li><a href=\"https:\/\/news.google.com\/rss\/articles\/CBMi0AFBVV95cUxNVEM3SHZaZFlUT1pFNmVYclpPYWJQZFpyQV8tZlpwLU5GczcxWWFVMFBod1R4Wjhjbm4yUVVrRzZCa2lUTUdYVkwzTFlkTHc2eGwtekYybTNHdUhiSUswbG1aUUkxZ2JzV2JDV0pSTE9lQzcySTNLWDI1bUFJRWc4ZFRfbWp4VEh3cUViUnUybkdxdlI3LUpfSmxwdVBoQTJCQjNNdFNOT2xpeUhjYzFxRDNjb0g4LU5tZ0dVWWJrRkk2LTFmOENqeFJ4T1hJaFR2?oc=5\" target=\"_blank\" rel=\"noopener\">\u00ab Mobilisation 10 septembre \u00bb : quel est ce mouvement qui veut \u00ab bloquer le pays \u00bb \u00e0 la rentr\u00e9e 2025 ?<\/a>&nbsp;&nbsp;Sud Ouest<\/li>\n<li><a href=\"https:\/\/news.google.com\/rss\/articles\/CBMisAFBVV95cUxQYzliTFhDb2t1dzZwcXQ3aWpuM19TcUJrWXdOajFrUjhDU0xGN1lXbXhWYmlrT1FnWEdPNFlxRGRMekNpRFM3N3dIdEpXYlFMSjVaRExTUFZQQktyM1hjanRmeGV6bFNsdHcydEhTTmt5UUtFVmsyREtBbXBQcThiVDdrMWlfLVFCSmZ2dDNfREJfWC1uV29fZmgtc01QUVFWN2xtSnp3TW1vTEFjZE1ZXw?oc=5\" target=\"_blank\" rel=\"noopener\">\u00ab Un arr\u00eat total du pays \u00bb\u2026 C\u2019est quoi cet appel du 10 septembre ?<\/a>&nbsp;&nbsp;20 Minutes<\/li>\n<\/ol>\n","protected":false},"excerpt":{"rendered":"\u00ab\u00a0Arr\u00eat total et illimit\u00e9 du pays\u00a0\u00bb : d&rsquo;o\u00f9 sortent ces appels \u00e0 bloquer la France le 10 septembre&hellip;\n","protected":false},"author":2,"featured_media":269469,"comment_status":"","ping_status":"","sticky":false,"template":"","format":"standard","meta":{"footnotes":""},"categories":[4],"tags":[11,1011,27,431,23169,12,25,104],"class_list":{"0":"post-269468","1":"post","2":"type-post","3":"status-publish","4":"format-standard","5":"has-post-thumbnail","7":"category-france","8":"tag-actualites","9":"tag-fr","10":"tag-france","11":"tag-francois-bayrou","12":"tag-gilets-jaunes","13":"tag-news","14":"tag-republique-francaise","15":"tag-societe"},"share_on_mastodon":{"url":"https:\/\/pubeurope.com\/@fr\/114905918037139785","error":""},"_links":{"self":[{"href":"https:\/\/www.europesays.com\/fr\/wp-json\/wp\/v2\/posts\/269468","targetHints":{"allow":["GET"]}}],"collection":[{"href":"https:\/\/www.europesays.com\/fr\/wp-json\/wp\/v2\/posts"}],"about":[{"href":"https:\/\/www.europesays.com\/fr\/wp-json\/wp\/v2\/types\/post"}],"author":[{"embeddable":true,"href":"https:\/\/www.europesays.com\/fr\/wp-json\/wp\/v2\/users\/2"}],"replies":[{"embeddable":true,"href":"https:\/\/www.europesays.com\/fr\/wp-json\/wp\/v2\/comments?post=269468"}],"version-history":[{"count":0,"href":"https:\/\/www.europesays.com\/fr\/wp-json\/wp\/v2\/posts\/269468\/revisions"}],"wp:featuredmedia":[{"embeddable":true,"href":"https:\/\/www.europesays.com\/fr\/wp-json\/wp\/v2\/media\/269469"}],"wp:attachment":[{"href":"https:\/\/www.europesays.com\/fr\/wp-json\/wp\/v2\/media?parent=269468"}],"wp:term":[{"taxonomy":"category","embeddable":true,"href":"https:\/\/www.europesays.com\/fr\/wp-json\/wp\/v2\/categories?post=269468"},{"taxonomy":"post_tag","embeddable":true,"href":"https:\/\/www.europesays.com\/fr\/wp-json\/wp\/v2\/tags?post=269468"}],"curies":[{"name":"wp","href":"https:\/\/api.w.org\/{rel}","templated":true}]}}