{"id":269472,"date":"2025-07-24T02:47:17","date_gmt":"2025-07-24T02:47:17","guid":{"rendered":"https:\/\/www.europesays.com\/fr\/269472\/"},"modified":"2025-07-24T02:47:17","modified_gmt":"2025-07-24T02:47:17","slug":"basket-scabb-rendez-vous-a-larena-pour-un-premier-duel","status":"publish","type":"post","link":"https:\/\/www.europesays.com\/fr\/269472\/","title":{"rendered":"BASKET &#8211; SCABB : RENDEZ-VOUS \u00c0 L&rsquo;ARENA POUR UN PREMIER DUEL"},"content":{"rendered":"<p>                <a href=\"https:\/\/cadenceradio.fr\" target=\"_blank\" aria-label=\"Banni\u00e8re Cadence 2025\" rel=\"nofollow noopener\"><img loading=\"lazy\" decoding=\"async\" src=\"https:\/\/www.europesays.com\/fr\/wp-content\/uploads\/2025\/07\/Banniere-Cadence-2025-scaled.jpg\" alt=\"\"   width=\"2560\" height=\"738\"\/><\/a><\/p>\n<p>Cette confrontation inaugurale de basket du SCABB se tiendra dans l\u2019enceinte m\u00e9tropolitaine st\u00e9phanoise le deuxi\u00e8me week-end de septembre. Ils recevront Vichy. Les supporters devront patienter jusqu\u2019\u00e0 la fin de semaine pour conna\u00eetre la date exacte, qui oscillera entre le vendredi 12 et le samedi 13 septembre. Cette entr\u00e9e en mati\u00e8re pr\u00e9c\u00e9dera le d\u00e9but des hostilit\u00e9s en deuxi\u00e8me division nationale.<\/p>\n<p>Les instances f\u00e9d\u00e9rales ont proc\u00e9d\u00e9 \u00e0 la r\u00e9partition compl\u00e8te des affiches du tour initial, permettant aux formations de pr\u00e9parer leur entr\u00e9e en lice. Pour les pensionnaires de l\u2019Arena, cette premi\u00e8re \u00e9ch\u00e9ance constituera un test grandeur nature avant d\u2019attaquer le marathon du championnat.<\/p>\n<p>Les amateurs de la balle orange pourront d\u00e9couvrir d\u00e8s aujourd\u2019hui en fin d\u2019apr\u00e8s-midi (18 heures) la programmation compl\u00e8te de la saison r\u00e9guli\u00e8re en \u00c9lite 2, avec la publication tant attendue du calendrier officiel des rencontres.<\/p>\n","protected":false},"excerpt":{"rendered":"Cette confrontation inaugurale de basket du SCABB se tiendra dans l\u2019enceinte m\u00e9tropolitaine st\u00e9phanoise le deuxi\u00e8me week-end de septembre.&hellip;\n","protected":false},"author":2,"featured_media":269473,"comment_status":"","ping_status":"","sticky":false,"template":"","format":"standard","meta":{"footnotes":""},"categories":[9653],"tags":[1111,11,2430,1465,1777,674,1011,27,3367,12,25,9669,4001,517],"class_list":{"0":"post-269472","1":"post","2":"type-post","3":"status-publish","4":"format-standard","5":"has-post-thumbnail","7":"category-saint-etienne","8":"tag-actu","9":"tag-actualites","10":"tag-auvergne-rhone-alpes","11":"tag-basket","12":"tag-eu","13":"tag-europe","14":"tag-fr","15":"tag-france","16":"tag-loire","17":"tag-news","18":"tag-republique-francaise","19":"tag-saint-chamond","20":"tag-saint-etienne","21":"tag-sport"},"share_on_mastodon":{"url":"https:\/\/pubeurope.com\/@fr\/114905929696943542","error":""},"_links":{"self":[{"href":"https:\/\/www.europesays.com\/fr\/wp-json\/wp\/v2\/posts\/269472","targetHints":{"allow":["GET"]}}],"collection":[{"href":"https:\/\/www.europesays.com\/fr\/wp-json\/wp\/v2\/posts"}],"about":[{"href":"https:\/\/www.europesays.com\/fr\/wp-json\/wp\/v2\/types\/post"}],"author":[{"embeddable":true,"href":"https:\/\/www.europesays.com\/fr\/wp-json\/wp\/v2\/users\/2"}],"replies":[{"embeddable":true,"href":"https:\/\/www.europesays.com\/fr\/wp-json\/wp\/v2\/comments?post=269472"}],"version-history":[{"count":0,"href":"https:\/\/www.europesays.com\/fr\/wp-json\/wp\/v2\/posts\/269472\/revisions"}],"wp:featuredmedia":[{"embeddable":true,"href":"https:\/\/www.europesays.com\/fr\/wp-json\/wp\/v2\/media\/269473"}],"wp:attachment":[{"href":"https:\/\/www.europesays.com\/fr\/wp-json\/wp\/v2\/media?parent=269472"}],"wp:term":[{"taxonomy":"category","embeddable":true,"href":"https:\/\/www.europesays.com\/fr\/wp-json\/wp\/v2\/categories?post=269472"},{"taxonomy":"post_tag","embeddable":true,"href":"https:\/\/www.europesays.com\/fr\/wp-json\/wp\/v2\/tags?post=269472"}],"curies":[{"name":"wp","href":"https:\/\/api.w.org\/{rel}","templated":true}]}}